{"id":12611,"date":"2026-02-24T10:14:04","date_gmt":"2026-02-24T09:14:04","guid":{"rendered":"https:\/\/fundaciohospitalariesmartorell.org\/entre-tots\/?p=12611"},"modified":"2026-02-24T13:43:53","modified_gmt":"2026-02-24T12:43:53","slug":"la-unitat-de-diversitat-funcional-a-martorell-treballa-per-retornar-a-la-comunitat-els-joves-atesos","status":"publish","type":"post","link":"https:\/\/fundaciohospitalariesmartorell.org\/entre-tots\/2026\/02\/la-unitat-de-diversitat-funcional-a-martorell-treballa-per-retornar-a-la-comunitat-els-joves-atesos\/","title":{"rendered":"La Unitat de Diversitat Funcional a Martorell treballa per retornar a la comunitat els joves atesos"},"content":{"rendered":"\n<h3 class=\"wp-block-heading\"><span style=\"color: var(--theme-palette-color-1, #9f2b68);\" class=\"stk-highlight\"><strong>Especialitzada en l\u2019atenci\u00f3 a joves que combinen TEA o discapacitat intel\u00b7lectual i alteracions de conducta, la FH Martorell \u00e9s un dels quatre centres de refer\u00e8ncia suprasectorials de Catalunya<\/strong><\/span><\/h3>\n\n\n\n<figure class=\"wp-block-image size-full\"><img loading=\"lazy\" decoding=\"async\" width=\"700\" height=\"435\" src=\"https:\/\/fundaciohospitalariesmartorell.org\/entre-tots\/wp-content\/uploads\/2026\/02\/image-13.png\" alt=\"\" class=\"wp-image-12692\" srcset=\"https:\/\/fundaciohospitalariesmartorell.org\/entre-tots\/wp-content\/uploads\/2026\/02\/image-13.png 700w, https:\/\/fundaciohospitalariesmartorell.org\/entre-tots\/wp-content\/uploads\/2026\/02\/image-13-300x186.png 300w\" sizes=\"auto, (max-width: 700px) 100vw, 700px\" \/><\/figure>\n\n\n\n<p>Des de la seva posada en marxa el 15 de setembre de 2025, la Unitat de Diversitat Funcional (UDF) de la Fundaci\u00f3 Hospital\u00e0ries Martorell, ha assolit el seu ple rendiment amb les quinze places disponibles ocupades. Aquesta unitat de mitja estada neix per donar resposta a una necessitat creixent: l\u2019atenci\u00f3 especialitzada a joves amb Trastorn de l\u2019Espectre Autista (TEA) o discapacitat intel\u00b7lectual amb alteracions conductuals complexes que no responen als tractaments convencionals. El seu principal objectiu \u00e9s treballar per tornar a la comunitat als i les joves que at\u00e9n.<\/p>\n\n\n\n<div class=\"wp-block-stackable-heading stk-block-heading stk-block-heading--v2 stk-block stk-dd2d2da\" id=\"strong-joves-dentre-18-i-25-anys-de-tot-catalunya-amb-un-perfil-concret-strong\" data-block-id=\"dd2d2da\"><h4 class=\"stk-block-heading__text\"><strong>Joves d\u2019entre 18 i 25 anys de tot Catalunya amb un perfil concret<\/strong><\/h4><\/div>\n\n\n\n<p>La UDF de Martorell s&#8217;integra en una xarxa de quatre unitats a tot Catalunya. Donat el seu car\u00e0cter suprasectorial, el centre at\u00e9n joves d\u2019entre 18 i 25 anys de tot el territori. Actualment de Terrassa, Barcelona, Sabadell, Begues, Castelldefels, Abrera, Manresa, Girona, Igualada, Badia del Vall\u00e8s i Sant Adri\u00e0 del Bes\u00f2s. Segons explica Berta Massaguer, psic\u00f2loga de la unitat, l&#8217;arribada dels pacients es fa amb una visi\u00f3 cl\u00ednica molt precisa: &#8220;L&#8217;estrat\u00e8gia ha estat ocupar la unitat de manera molt progressiva per garantir una bona adaptaci\u00f3, seleccionant aquells perfils que m\u00e9s es poden beneficiar d&#8217;aquest recurs per edat i situaci\u00f3 cl\u00ednica&#8221;. La derivaci\u00f3 i la gesti\u00f3 de la llista d\u2019espera d\u2019aquests dispositius est\u00e0 coordinada per un grup espec\u00edfic del CatSalut. <\/p>\n\n\n\n<figure class=\"wp-block-image size-large\"><img loading=\"lazy\" decoding=\"async\" width=\"1024\" height=\"635\" src=\"https:\/\/fundaciohospitalariesmartorell.org\/entre-tots\/wp-content\/uploads\/2026\/02\/image-14-1024x635.png\" alt=\"\" class=\"wp-image-12693\" srcset=\"https:\/\/fundaciohospitalariesmartorell.org\/entre-tots\/wp-content\/uploads\/2026\/02\/image-14-1024x635.png 1024w, https:\/\/fundaciohospitalariesmartorell.org\/entre-tots\/wp-content\/uploads\/2026\/02\/image-14-300x186.png 300w, https:\/\/fundaciohospitalariesmartorell.org\/entre-tots\/wp-content\/uploads\/2026\/02\/image-14-768x476.png 768w, https:\/\/fundaciohospitalariesmartorell.org\/entre-tots\/wp-content\/uploads\/2026\/02\/image-14.png 1170w\" sizes=\"auto, (max-width: 1024px) 100vw, 1024px\" \/><\/figure>\n\n\n\n<div class=\"wp-block-stackable-heading stk-block-heading stk-block-heading--v2 stk-block stk-dc73b36\" id=\"strong-objectiu-estabilitzacio-i-tornada-a-la-comunitat-strong\" data-block-id=\"dc73b36\"><h4 class=\"stk-block-heading__text\"><strong>Objectiu: estabilitzaci\u00f3 i tornada a la comunitat<\/strong><\/h4><\/div>\n\n\n\n<p>L&#8217;objectiu principal de la unitat \u00e9s l\u2019estabilitzaci\u00f3 i la preparaci\u00f3 per a la tornada a la comunitat dels i les joves. El programa est\u00e0 dissenyat per oferir \u201cuna estructura di\u00e0ria rigorosa que minimitzi les crisis\u201d. <\/p>\n\n\n\n<blockquote class=\"wp-block-quote is-layout-flow wp-block-quote-is-layout-flow\">\n<p>&#8220;Quan les persones amb <a href=\"https:\/\/www.youtube.com\/shorts\/Ftlw7vHVVvs\">autisme o discapacitat intel\u00b7lectual<\/a> no tenen una activitat concreta i una rutina, \u00e9s quan apareixen m\u00e9s conductes repetitives o autolesions. Per aix\u00f2, fem un programa molt intensiu on el temps lliure est\u00e0 molt acotat&#8221;, explica Massaguer.<\/p>\n<\/blockquote>\n\n\n\n<p>Aquesta intensitat es tradueix en un enfocament pr\u00e0ctic cap a l&#8217;autonomia propiciant un entorn ocupacional propi, intentant que hi hagi un acostament a la comunitat amb activitats fora del centre i tamb\u00e9, buscant teixit una rutina per exemple, disposant de cuina i bugaderia pr\u00f2pies. &#8220;Apostem perqu\u00e8 aprenguin a fer tot el proc\u00e9s: des de sortir a comprar al supermercat i calcular qu\u00e8 necessiten per a una recepta, fins a cuinar-la o rentar-se la seva pr\u00f2pia roba&#8221;, detalla la psic\u00f2loga. <\/p>\n\n\n\n<p>A m\u00e9s, la unitat posa un focus especial en les fam\u00edlies, que sovint arriben en situacions de gran desgast realitzant grups de suport quinzenals i permisos coordinats per mantenir els vincles. Una de les caracter\u00edstiques de la unitat \u00e9s l\u2019alta dotaci\u00f3 de personal, la qual cosa permet crear diferents espais i subgrups dins del mateix programa, amb una base terap\u00e8utica per a la regulaci\u00f3 emocional i una altra de car\u00e0cter molt ocupacional.<\/p>\n\n\n\n<div class=\"wp-block-stackable-heading stk-block-heading stk-block-heading--v2 stk-block stk-b1eaf37\" id=\"strong-unitat-de-transicio-strong\" data-block-id=\"b1eaf37\"><h4 class=\"stk-block-heading__text\"><strong>Unitat de transici\u00f3<\/strong><\/h4><\/div>\n\n\n\n<p>L\u2019equip multidisciplinari, format per psiquiatria, psicologia, infermeria, treball i integraci\u00f3 social, ter\u00e0pia ocupacional i TCAI i medicina interna&nbsp;treballa perqu\u00e8 la UDF sigui un pont d&#8217;enlla\u00e7. Com defineix Massagu\u00e9, la unitat funciona com una &#8220;transici\u00f3 pr\u00e8via cap a un pis amb suport o una resid\u00e8ncia&#8221;, assegurant que el pacient no nom\u00e9s s&#8217;estabilitzi, sin\u00f3 que recuperi eines per a la seva vida di\u00e0ria.<\/p>\n\n\n\n<figure class=\"wp-block-image size-full\"><img loading=\"lazy\" decoding=\"async\" width=\"912\" height=\"598\" src=\"https:\/\/fundaciohospitalariesmartorell.org\/entre-tots\/wp-content\/uploads\/2026\/02\/image-15.png\" alt=\"\" class=\"wp-image-12695\" srcset=\"https:\/\/fundaciohospitalariesmartorell.org\/entre-tots\/wp-content\/uploads\/2026\/02\/image-15.png 912w, https:\/\/fundaciohospitalariesmartorell.org\/entre-tots\/wp-content\/uploads\/2026\/02\/image-15-300x197.png 300w, https:\/\/fundaciohospitalariesmartorell.org\/entre-tots\/wp-content\/uploads\/2026\/02\/image-15-768x504.png 768w\" sizes=\"auto, (max-width: 912px) 100vw, 912px\" \/><\/figure>\n","protected":false},"excerpt":{"rendered":"<p>Especialitzada en l\u2019atenci\u00f3 a joves que combinen TEA o discapacitat intel\u00b7lectual i alteracions de conducta, la FH Martorell \u00e9s un dels quatre centres de refer\u00e8ncia suprasectorials de Catalunya Des de la seva posada en marxa el 15 de setembre de 2025, la Unitat de Diversitat Funcional (UDF) de la Fundaci\u00f3 Hospital\u00e0ries Martorell, ha assolit el [&hellip;]<\/p>\n","protected":false},"author":6,"featured_media":12231,"comment_status":"closed","ping_status":"closed","sticky":false,"template":"","format":"standard","meta":{"footnotes":""},"categories":[27],"tags":[],"class_list":["post-12611","post","type-post","status-publish","format-standard","has-post-thumbnail","hentry","category-actualitat"],"blocksy_meta":[],"featured_image_urls_v2":{"full":["https:\/\/fundaciohospitalariesmartorell.org\/entre-tots\/wp-content\/uploads\/2025\/11\/20251022_130632-scaled.jpg",2560,1441,false],"thumbnail":["https:\/\/fundaciohospitalariesmartorell.org\/entre-tots\/wp-content\/uploads\/2025\/11\/20251022_130632-150x150.jpg",150,150,true],"medium":["https:\/\/fundaciohospitalariesmartorell.org\/entre-tots\/wp-content\/uploads\/2025\/11\/20251022_130632-300x169.jpg",300,169,true],"medium_large":["https:\/\/fundaciohospitalariesmartorell.org\/entre-tots\/wp-content\/uploads\/2025\/11\/20251022_130632-768x432.jpg",768,432,true],"large":["https:\/\/fundaciohospitalariesmartorell.org\/entre-tots\/wp-content\/uploads\/2025\/11\/20251022_130632-1024x577.jpg",1024,577,true],"1536x1536":["https:\/\/fundaciohospitalariesmartorell.org\/entre-tots\/wp-content\/uploads\/2025\/11\/20251022_130632-1536x865.jpg",1536,865,true],"2048x2048":["https:\/\/fundaciohospitalariesmartorell.org\/entre-tots\/wp-content\/uploads\/2025\/11\/20251022_130632-2048x1153.jpg",2048,1153,true],"mailpoet_newsletter_max":["https:\/\/fundaciohospitalariesmartorell.org\/entre-tots\/wp-content\/uploads\/2025\/11\/20251022_130632-1320x743.jpg",1320,743,true]},"post_excerpt_stackable_v2":"<p>Especialitzada en l\u2019atenci\u00f3 a joves que combinen TEA o discapacitat intel\u00b7lectual i alteracions de conducta, la FH Martorell \u00e9s un dels quatre centres de refer\u00e8ncia suprasectorials de Catalunya Des de la seva posada en marxa el 15 de setembre de 2025, la Unitat de Diversitat Funcional (UDF) de la Fundaci\u00f3 Hospital\u00e0ries Martorell, ha assolit el seu ple rendiment amb les quinze places disponibles ocupades. Aquesta unitat de mitja estada neix per donar resposta a una necessitat creixent: l\u2019atenci\u00f3 especialitzada a joves amb Trastorn de l\u2019Espectre Autista (TEA) o discapacitat intel\u00b7lectual amb alteracions conductuals complexes que no responen als tractaments convencionals.&hellip;<\/p>\n","category_list_v2":"<a href=\"https:\/\/fundaciohospitalariesmartorell.org\/entre-tots\/category\/actualitat\/\" rel=\"category tag\">ACTUALITAT<\/a>","author_info_v2":{"name":"Martorell_comunicacio","url":"https:\/\/fundaciohospitalariesmartorell.org\/entre-tots\/author\/martorell_comunicacio\/"},"comments_num_v2":"0 comments","_links":{"self":[{"href":"https:\/\/fundaciohospitalariesmartorell.org\/entre-tots\/wp-json\/wp\/v2\/posts\/12611","targetHints":{"allow":["GET"]}}],"collection":[{"href":"https:\/\/fundaciohospitalariesmartorell.org\/entre-tots\/wp-json\/wp\/v2\/posts"}],"about":[{"href":"https:\/\/fundaciohospitalariesmartorell.org\/entre-tots\/wp-json\/wp\/v2\/types\/post"}],"author":[{"embeddable":true,"href":"https:\/\/fundaciohospitalariesmartorell.org\/entre-tots\/wp-json\/wp\/v2\/users\/6"}],"replies":[{"embeddable":true,"href":"https:\/\/fundaciohospitalariesmartorell.org\/entre-tots\/wp-json\/wp\/v2\/comments?post=12611"}],"version-history":[{"count":8,"href":"https:\/\/fundaciohospitalariesmartorell.org\/entre-tots\/wp-json\/wp\/v2\/posts\/12611\/revisions"}],"predecessor-version":[{"id":12696,"href":"https:\/\/fundaciohospitalariesmartorell.org\/entre-tots\/wp-json\/wp\/v2\/posts\/12611\/revisions\/12696"}],"wp:featuredmedia":[{"embeddable":true,"href":"https:\/\/fundaciohospitalariesmartorell.org\/entre-tots\/wp-json\/wp\/v2\/media\/12231"}],"wp:attachment":[{"href":"https:\/\/fundaciohospitalariesmartorell.org\/entre-tots\/wp-json\/wp\/v2\/media?parent=12611"}],"wp:term":[{"taxonomy":"category","embeddable":true,"href":"https:\/\/fundaciohospitalariesmartorell.org\/entre-tots\/wp-json\/wp\/v2\/categories?post=12611"},{"taxonomy":"post_tag","embeddable":true,"href":"https:\/\/fundaciohospitalariesmartorell.org\/entre-tots\/wp-json\/wp\/v2\/tags?post=12611"}],"curies":[{"name":"wp","href":"https:\/\/api.w.org\/{rel}","templated":true}]}}