{"id":12621,"date":"2026-02-17T11:39:40","date_gmt":"2026-02-17T10:39:40","guid":{"rendered":"https:\/\/fundaciohospitalariesmartorell.org\/entre-tots\/?p=12621"},"modified":"2026-02-17T11:39:40","modified_gmt":"2026-02-17T10:39:40","slug":"el-model-catala-de-rehabilitacio-comunitaria-en-salut-mental-present-a-les-jornades-de-fh-cantabria","status":"publish","type":"post","link":"https:\/\/fundaciohospitalariesmartorell.org\/entre-tots\/2026\/02\/el-model-catala-de-rehabilitacio-comunitaria-en-salut-mental-present-a-les-jornades-de-fh-cantabria\/","title":{"rendered":"El model catal\u00e0 de rehabilitaci\u00f3 comunit\u00e0ria en salut mental, present a les jornades de FH Cant\u00e0bria"},"content":{"rendered":"\n<h3 class=\"wp-block-heading\"><span style=\"color: var(--theme-palette-color-1, #9f2b68);\" class=\"stk-highlight\"><strong>El coordinador de l&#8217;\u00c0rea de Rehabilitaci\u00f3 de la Fundaci\u00f3 Hospital\u00e0ries Martorell, David Juanes, exposa a Torrelavega les claus per reduir recaigudes en trastorns greus<\/strong><\/span><\/h3>\n\n\n\n<p>El coordinador de l&#8217;\u00c0rea de Rehabilitaci\u00f3 en Salut Mental de la Fundaci\u00f3 Hospital\u00e0ries Martorell, David Juanes, ha participat aquest febrer a la jornada t\u00e8cnica <a href=\"https:\/\/fundacionhospitalarias.org\/es\/actualidad\/avanzando-hacia-un-modelo-comunitario-en-el-cuidado-de-la-salud-mental-en-cantabria\" data-type=\"link\" data-id=\"https:\/\/fundacionhospitalarias.org\/es\/actualidad\/avanzando-hacia-un-modelo-comunitario-en-el-cuidado-de-la-salud-mental-en-cantabria\">\u2018Aven\u00e7os i desafiaments en la rehabilitaci\u00f3 i tractament del trastorn mental greu\u2019<\/a>. L\u2019esdeveniment, celebrat a la Casa de Cultura Hermilio Alcalde del R\u00edo de Torrelavega (Cant\u00e0bria), ha reunit un centenar de professionals del sector sociosanitari per analitzar els reptes de la recuperaci\u00f3 funcional en la salut mental. El f\u00f2rum ha posat de manifest la necessitat d\u2019actualitzar el model de rehabilitaci\u00f3 psicosocial que existeix actualment a Cant\u00e0bria, impulsant el suport comunitari tal com ja s\u2019est\u00e0 fent en altres comunitats.<\/p>\n\n\n\n<figure class=\"wp-block-image size-large\"><img loading=\"lazy\" decoding=\"async\" width=\"1024\" height=\"768\" src=\"https:\/\/fundaciohospitalariesmartorell.org\/entre-tots\/wp-content\/uploads\/2026\/02\/Jornada-TMG-12-1024x768.jpg\" alt=\"\" class=\"wp-image-12622\" srcset=\"https:\/\/fundaciohospitalariesmartorell.org\/entre-tots\/wp-content\/uploads\/2026\/02\/Jornada-TMG-12-1024x768.jpg 1024w, https:\/\/fundaciohospitalariesmartorell.org\/entre-tots\/wp-content\/uploads\/2026\/02\/Jornada-TMG-12-300x225.jpg 300w, https:\/\/fundaciohospitalariesmartorell.org\/entre-tots\/wp-content\/uploads\/2026\/02\/Jornada-TMG-12-768x576.jpg 768w, https:\/\/fundaciohospitalariesmartorell.org\/entre-tots\/wp-content\/uploads\/2026\/02\/Jornada-TMG-12-1536x1152.jpg 1536w, https:\/\/fundaciohospitalariesmartorell.org\/entre-tots\/wp-content\/uploads\/2026\/02\/Jornada-TMG-12-2048x1536.jpg 2048w, https:\/\/fundaciohospitalariesmartorell.org\/entre-tots\/wp-content\/uploads\/2026\/02\/Jornada-TMG-12-1320x990.jpg 1320w\" sizes=\"auto, (max-width: 1024px) 100vw, 1024px\" \/><\/figure>\n\n\n\n<p>Durant la seva pon\u00e8ncia, Juanes ha detallat el model d&#8217;intervenci\u00f3 personalitzada que s\u2019utilitza a la Fundaci\u00f3 Hospital\u00e0ries Martorell, posant l\u2019\u00e8mfasi en la necessitat de traslladar la rehabilitaci\u00f3 m\u00e9s enll\u00e0 dels centres assistencials per actuar directament en l\u2019entorn real de la persona. Segons el coordinador, aquest sistema \u00e9s clau per evitar que el pacient s&#8217;allunyi del seu projecte de vida.<\/p>\n\n\n\n<p>En aquest sentit, David Juanes ha destacat els beneficis d&#8217;aquest enfocament comunitari: <\/p>\n\n\n\n<blockquote class=\"wp-block-quote is-layout-flow wp-block-quote-is-layout-flow\">\n<p>\u201cAquest model d&#8217;intervenci\u00f3 personalitzada minimitza l&#8217;\u00edndex d&#8217;abandonament dels tractaments, evita recaigudes i, amb aix\u00f2, redueix possibles ingressos hospitalaris, un final que sempre \u00e9s m\u00e9s dolor\u00f3s per a la persona a m\u00e9s de m\u00e9s car per a l&#8217;administraci\u00f3\u201d.<\/p>\n<\/blockquote>\n\n\n\n<p>Aquesta visi\u00f3 ha servit de referent per plantejar la transici\u00f3 cap a un model m\u00e9s flexible a Cant\u00e0bria, similar al que ja funciona al territori catal\u00e0, el Pa\u00eds Basc o Ast\u00faries. La jornada ha posat de manifest que la intervenci\u00f3 en activitats quotidianes \u2014com la gesti\u00f3 del dia a dia o la integraci\u00f3 en xarxes socials\u2014 afavoreix l&#8217;autonomia i la normalitzaci\u00f3 de la vida dels usuaris.<\/p>\n\n\n\n<p>L\u2019acte s\u2019ha emmarcat en el 25\u00e8 aniversari del <a href=\"https:\/\/fundacionhospitalarias.org\/es\/nuestros-centros\/fundacion-hospitalarias-cantabria\/centro-de-rehabilitacion-psicosocial-torrelavega\">Centre de Rehabilitaci\u00f3 Psicosocial de Torrelavega<\/a>, de Fundaci\u00f3n Hospitalarias Cantabria, i ha comptat amb la participaci\u00f3 de representants institucionals com Jos\u00e9 Lu\u00eds Urraca, primer tinent d\u2019alcalde, i Bego\u00f1a G\u00f3mez del R\u00edo, consellera d\u2019Inclusi\u00f3 Social, Joventut, Fam\u00edlies i Igualtat del Govern de Cant\u00e0bria. La consellera ha clausurat la jornada agraint la tasca de la instituci\u00f3 com a referent en la prestaci\u00f3 de cures i en l\u2019obertura de nous horitzons de coordinaci\u00f3 en mat\u00e8ria de salut mental.<\/p>\n\n\n\n<p><\/p>\n","protected":false},"excerpt":{"rendered":"<p>El coordinador de l&#8217;\u00c0rea de Rehabilitaci\u00f3 de la Fundaci\u00f3 Hospital\u00e0ries Martorell, David Juanes, exposa a Torrelavega les claus per reduir recaigudes en trastorns greus El coordinador de l&#8217;\u00c0rea de Rehabilitaci\u00f3 en Salut Mental de la Fundaci\u00f3 Hospital\u00e0ries Martorell, David Juanes, ha participat aquest febrer a la jornada t\u00e8cnica \u2018Aven\u00e7os i desafiaments en la rehabilitaci\u00f3 i [&hellip;]<\/p>\n","protected":false},"author":6,"featured_media":12622,"comment_status":"closed","ping_status":"closed","sticky":false,"template":"","format":"standard","meta":{"footnotes":""},"categories":[27],"tags":[],"class_list":["post-12621","post","type-post","status-publish","format-standard","has-post-thumbnail","hentry","category-actualitat"],"blocksy_meta":[],"featured_image_urls_v2":{"full":["https:\/\/fundaciohospitalariesmartorell.org\/entre-tots\/wp-content\/uploads\/2026\/02\/Jornada-TMG-12-scaled.jpg",2560,1920,false],"thumbnail":["https:\/\/fundaciohospitalariesmartorell.org\/entre-tots\/wp-content\/uploads\/2026\/02\/Jornada-TMG-12-150x150.jpg",150,150,true],"medium":["https:\/\/fundaciohospitalariesmartorell.org\/entre-tots\/wp-content\/uploads\/2026\/02\/Jornada-TMG-12-300x225.jpg",300,225,true],"medium_large":["https:\/\/fundaciohospitalariesmartorell.org\/entre-tots\/wp-content\/uploads\/2026\/02\/Jornada-TMG-12-768x576.jpg",768,576,true],"large":["https:\/\/fundaciohospitalariesmartorell.org\/entre-tots\/wp-content\/uploads\/2026\/02\/Jornada-TMG-12-1024x768.jpg",1024,768,true],"1536x1536":["https:\/\/fundaciohospitalariesmartorell.org\/entre-tots\/wp-content\/uploads\/2026\/02\/Jornada-TMG-12-1536x1152.jpg",1536,1152,true],"2048x2048":["https:\/\/fundaciohospitalariesmartorell.org\/entre-tots\/wp-content\/uploads\/2026\/02\/Jornada-TMG-12-2048x1536.jpg",2048,1536,true],"mailpoet_newsletter_max":["https:\/\/fundaciohospitalariesmartorell.org\/entre-tots\/wp-content\/uploads\/2026\/02\/Jornada-TMG-12-1320x990.jpg",1320,990,true]},"post_excerpt_stackable_v2":"<p>El coordinador de l&#8217;\u00c0rea de Rehabilitaci\u00f3 de la Fundaci\u00f3 Hospital\u00e0ries Martorell, David Juanes, exposa a Torrelavega les claus per reduir recaigudes en trastorns greus El coordinador de l&#8217;\u00c0rea de Rehabilitaci\u00f3 en Salut Mental de la Fundaci\u00f3 Hospital\u00e0ries Martorell, David Juanes, ha participat aquest febrer a la jornada t\u00e8cnica \u2018Aven\u00e7os i desafiaments en la rehabilitaci\u00f3 i tractament del trastorn mental greu\u2019. L\u2019esdeveniment, celebrat a la Casa de Cultura Hermilio Alcalde del R\u00edo de Torrelavega (Cant\u00e0bria), ha reunit un centenar de professionals del sector sociosanitari per analitzar els reptes de la recuperaci\u00f3 funcional en la salut mental. El f\u00f2rum ha posat de&hellip;<\/p>\n","category_list_v2":"<a href=\"https:\/\/fundaciohospitalariesmartorell.org\/entre-tots\/category\/actualitat\/\" rel=\"category tag\">ACTUALITAT<\/a>","author_info_v2":{"name":"Martorell_comunicacio","url":"https:\/\/fundaciohospitalariesmartorell.org\/entre-tots\/author\/martorell_comunicacio\/"},"comments_num_v2":"0 comments","_links":{"self":[{"href":"https:\/\/fundaciohospitalariesmartorell.org\/entre-tots\/wp-json\/wp\/v2\/posts\/12621","targetHints":{"allow":["GET"]}}],"collection":[{"href":"https:\/\/fundaciohospitalariesmartorell.org\/entre-tots\/wp-json\/wp\/v2\/posts"}],"about":[{"href":"https:\/\/fundaciohospitalariesmartorell.org\/entre-tots\/wp-json\/wp\/v2\/types\/post"}],"author":[{"embeddable":true,"href":"https:\/\/fundaciohospitalariesmartorell.org\/entre-tots\/wp-json\/wp\/v2\/users\/6"}],"replies":[{"embeddable":true,"href":"https:\/\/fundaciohospitalariesmartorell.org\/entre-tots\/wp-json\/wp\/v2\/comments?post=12621"}],"version-history":[{"count":3,"href":"https:\/\/fundaciohospitalariesmartorell.org\/entre-tots\/wp-json\/wp\/v2\/posts\/12621\/revisions"}],"predecessor-version":[{"id":12627,"href":"https:\/\/fundaciohospitalariesmartorell.org\/entre-tots\/wp-json\/wp\/v2\/posts\/12621\/revisions\/12627"}],"wp:featuredmedia":[{"embeddable":true,"href":"https:\/\/fundaciohospitalariesmartorell.org\/entre-tots\/wp-json\/wp\/v2\/media\/12622"}],"wp:attachment":[{"href":"https:\/\/fundaciohospitalariesmartorell.org\/entre-tots\/wp-json\/wp\/v2\/media?parent=12621"}],"wp:term":[{"taxonomy":"category","embeddable":true,"href":"https:\/\/fundaciohospitalariesmartorell.org\/entre-tots\/wp-json\/wp\/v2\/categories?post=12621"},{"taxonomy":"post_tag","embeddable":true,"href":"https:\/\/fundaciohospitalariesmartorell.org\/entre-tots\/wp-json\/wp\/v2\/tags?post=12621"}],"curies":[{"name":"wp","href":"https:\/\/api.w.org\/{rel}","templated":true}]}}