{"id":12631,"date":"2026-02-18T09:29:46","date_gmt":"2026-02-18T08:29:46","guid":{"rendered":"https:\/\/fundaciohospitalariesmartorell.org\/entre-tots\/?p=12631"},"modified":"2026-02-18T09:29:47","modified_gmt":"2026-02-18T08:29:47","slug":"la-fundacio-hospitalaries-martorell-sincorpora-a-un-projecte-pilot-dintervencio-integral-en-craes","status":"publish","type":"post","link":"https:\/\/fundaciohospitalariesmartorell.org\/entre-tots\/2026\/02\/la-fundacio-hospitalaries-martorell-sincorpora-a-un-projecte-pilot-dintervencio-integral-en-craes\/","title":{"rendered":"La Fundaci\u00f3 Hospital\u00e0ries Martorell s\u2019incorpora a un projecte pilot\u00a0d\u2019intervenci\u00f3 integral en CRAEs"},"content":{"rendered":"\n<figure class=\"wp-block-image size-full\"><img loading=\"lazy\" decoding=\"async\" width=\"683\" height=\"1024\" src=\"https:\/\/fundaciohospitalariesmartorell.org\/entre-tots\/wp-content\/uploads\/2026\/02\/image-4.png\" alt=\"\" class=\"wp-image-12633\" srcset=\"https:\/\/fundaciohospitalariesmartorell.org\/entre-tots\/wp-content\/uploads\/2026\/02\/image-4.png 683w, https:\/\/fundaciohospitalariesmartorell.org\/entre-tots\/wp-content\/uploads\/2026\/02\/image-4-200x300.png 200w\" sizes=\"auto, (max-width: 683px) 100vw, 683px\" \/><figcaption class=\"wp-element-caption\">Autor: <a href=\"https:\/\/actua.coop\/centre-residencial-daccio-educativa\/#collbato\" data-type=\"link\" data-id=\"https:\/\/actua.coop\/centre-residencial-daccio-educativa\/#collbato\">Actua.coop<\/a><\/figcaption><\/figure>\n\n\n\n<p>A partir de febrer, el CSMIJ Martorell se sumar\u00e0 activament&nbsp;al projecte pilot d\u2019intervenci\u00f3 intensiva i integral en Centres Residencials d\u2019Acci\u00f3 Educativa (CRAE), una iniciativa impulsada&nbsp;per l&#8217;Hospital Sant Joan de D\u00e9u d&#8217;Esplugues,&nbsp;coparticipada per els Departaments de Salut i Drets Socials i Inclusi\u00f3, i finan\u00e7ada pel Ministeri de Sanitat. El projecte Camins t\u00e9 com a finalitat desenvolupar un model d\u2019intervenci\u00f3 innovador i preventiu, basat en la recuperaci\u00f3 del projecte de vida dels infants i adolescents&nbsp;residents en CRAEs, amb una actuaci\u00f3 coordinada, d\u2019alta intensitat i orientada tant als i les menors com al treball amb les seves fam\u00edlies.<\/p>\n\n\n\n<h3 class=\"wp-block-heading\"><span style=\"color: var(--theme-palette-color-4, #501744);\" class=\"stk-highlight\">El CRAE de Collbat\u00f3, centre pilot del nostre territori<\/span><\/h3>\n\n\n\n<p>En aquesta primera fase, el projecte s\u2019iniciar\u00e0 en tres CRAEs de Catalunya, un dels quals ubicat a Collbat\u00f3, que correspon a la zona de refer\u00e8ncia del CSMIJ Martorell&nbsp;i amb el qual la Fundaci\u00f3 Hospital\u00e0ries Martorell&nbsp;mant\u00e9 una col\u00b7laboraci\u00f3 consolidada&nbsp;a trav\u00e9s del Programa T-27, que es desenvolupa des de fa anys.<\/p>\n\n\n\n<p>La nostra incorporaci\u00f3 al projecte suposa una ampliaci\u00f3 del rol assistencial i de coordinaci\u00f3&nbsp;que ja es realitza al territori, refor\u00e7ant el treball conjunt amb el CRAE i amb la resta d\u2019agents implicats.&nbsp;<\/p>\n\n\n\n<p>El projecte preveu la incorporaci\u00f3 d\u2019un equip professional espec\u00edfic&nbsp;(Educaci\u00f3 Social, Treball Social i Ter\u00e0pia Ocupacional), integrat en el funcionament del CRAE per\u00f2 amb depend\u00e8ncia dels CSMIJ, aix\u00ed com una comissi\u00f3 de seguiment&nbsp;amb participaci\u00f3 d\u2019HSJD, PDSMiA i DGPPIA.<\/p>\n\n\n\n<p>Amb aquesta nova iniciativa, la FH Martorell reafirma el comprom\u00eds amb la millora cont\u00ednua dels models d\u2019atenci\u00f3 a la inf\u00e0ncia i adolesc\u00e8ncia en situaci\u00f3 de vulnerabilitat, apostant per projectes innovadors, preventius i alineats amb el treball comunitari al territori.<\/p>\n\n\n\n<p><\/p>\n","protected":false},"excerpt":{"rendered":"<p>A partir de febrer, el CSMIJ Martorell se sumar\u00e0 activament&nbsp;al projecte pilot d\u2019intervenci\u00f3 intensiva i integral en Centres Residencials d\u2019Acci\u00f3 Educativa (CRAE), una iniciativa impulsada&nbsp;per l&#8217;Hospital Sant Joan de D\u00e9u d&#8217;Esplugues,&nbsp;coparticipada per els Departaments de Salut i Drets Socials i Inclusi\u00f3, i finan\u00e7ada pel Ministeri de Sanitat. El projecte Camins t\u00e9 com a finalitat desenvolupar [&hellip;]<\/p>\n","protected":false},"author":6,"featured_media":12633,"comment_status":"closed","ping_status":"closed","sticky":false,"template":"","format":"standard","meta":{"footnotes":""},"categories":[27],"tags":[],"class_list":["post-12631","post","type-post","status-publish","format-standard","has-post-thumbnail","hentry","category-actualitat"],"blocksy_meta":[],"featured_image_urls_v2":{"full":["https:\/\/fundaciohospitalariesmartorell.org\/entre-tots\/wp-content\/uploads\/2026\/02\/image-4.png",683,1024,false],"thumbnail":["https:\/\/fundaciohospitalariesmartorell.org\/entre-tots\/wp-content\/uploads\/2026\/02\/image-4-150x150.png",150,150,true],"medium":["https:\/\/fundaciohospitalariesmartorell.org\/entre-tots\/wp-content\/uploads\/2026\/02\/image-4-200x300.png",200,300,true],"medium_large":["https:\/\/fundaciohospitalariesmartorell.org\/entre-tots\/wp-content\/uploads\/2026\/02\/image-4.png",683,1024,false],"large":["https:\/\/fundaciohospitalariesmartorell.org\/entre-tots\/wp-content\/uploads\/2026\/02\/image-4.png",683,1024,false],"1536x1536":["https:\/\/fundaciohospitalariesmartorell.org\/entre-tots\/wp-content\/uploads\/2026\/02\/image-4.png",683,1024,false],"2048x2048":["https:\/\/fundaciohospitalariesmartorell.org\/entre-tots\/wp-content\/uploads\/2026\/02\/image-4.png",683,1024,false],"mailpoet_newsletter_max":["https:\/\/fundaciohospitalariesmartorell.org\/entre-tots\/wp-content\/uploads\/2026\/02\/image-4.png",683,1024,false]},"post_excerpt_stackable_v2":"<p>Autor: Actua.coop A partir de febrer, el CSMIJ Martorell se sumar\u00e0 activament&nbsp;al projecte pilot d\u2019intervenci\u00f3 intensiva i integral en Centres Residencials d\u2019Acci\u00f3 Educativa (CRAE), una iniciativa impulsada&nbsp;per l&#8217;Hospital Sant Joan de D\u00e9u d&#8217;Esplugues,&nbsp;coparticipada per els Departaments de Salut i Drets Socials i Inclusi\u00f3, i finan\u00e7ada pel Ministeri de Sanitat. El projecte Camins t\u00e9 com a finalitat desenvolupar un model d\u2019intervenci\u00f3 innovador i preventiu, basat en la recuperaci\u00f3 del projecte de vida dels infants i adolescents&nbsp;residents en CRAEs, amb una actuaci\u00f3 coordinada, d\u2019alta intensitat i orientada tant als i les menors com al treball amb les seves fam\u00edlies. El CRAE de&hellip;<\/p>\n","category_list_v2":"<a href=\"https:\/\/fundaciohospitalariesmartorell.org\/entre-tots\/category\/actualitat\/\" rel=\"category tag\">ACTUALITAT<\/a>","author_info_v2":{"name":"Martorell_comunicacio","url":"https:\/\/fundaciohospitalariesmartorell.org\/entre-tots\/author\/martorell_comunicacio\/"},"comments_num_v2":"0 comments","_links":{"self":[{"href":"https:\/\/fundaciohospitalariesmartorell.org\/entre-tots\/wp-json\/wp\/v2\/posts\/12631","targetHints":{"allow":["GET"]}}],"collection":[{"href":"https:\/\/fundaciohospitalariesmartorell.org\/entre-tots\/wp-json\/wp\/v2\/posts"}],"about":[{"href":"https:\/\/fundaciohospitalariesmartorell.org\/entre-tots\/wp-json\/wp\/v2\/types\/post"}],"author":[{"embeddable":true,"href":"https:\/\/fundaciohospitalariesmartorell.org\/entre-tots\/wp-json\/wp\/v2\/users\/6"}],"replies":[{"embeddable":true,"href":"https:\/\/fundaciohospitalariesmartorell.org\/entre-tots\/wp-json\/wp\/v2\/comments?post=12631"}],"version-history":[{"count":1,"href":"https:\/\/fundaciohospitalariesmartorell.org\/entre-tots\/wp-json\/wp\/v2\/posts\/12631\/revisions"}],"predecessor-version":[{"id":12634,"href":"https:\/\/fundaciohospitalariesmartorell.org\/entre-tots\/wp-json\/wp\/v2\/posts\/12631\/revisions\/12634"}],"wp:featuredmedia":[{"embeddable":true,"href":"https:\/\/fundaciohospitalariesmartorell.org\/entre-tots\/wp-json\/wp\/v2\/media\/12633"}],"wp:attachment":[{"href":"https:\/\/fundaciohospitalariesmartorell.org\/entre-tots\/wp-json\/wp\/v2\/media?parent=12631"}],"wp:term":[{"taxonomy":"category","embeddable":true,"href":"https:\/\/fundaciohospitalariesmartorell.org\/entre-tots\/wp-json\/wp\/v2\/categories?post=12631"},{"taxonomy":"post_tag","embeddable":true,"href":"https:\/\/fundaciohospitalariesmartorell.org\/entre-tots\/wp-json\/wp\/v2\/tags?post=12631"}],"curies":[{"name":"wp","href":"https:\/\/api.w.org\/{rel}","templated":true}]}}