{"id":12635,"date":"2026-02-19T11:25:03","date_gmt":"2026-02-19T10:25:03","guid":{"rendered":"https:\/\/fundaciohospitalariesmartorell.org\/entre-tots\/?p=12635"},"modified":"2026-02-20T08:21:22","modified_gmt":"2026-02-20T07:21:22","slug":"visita-insitucional-de-la-fundacio-hospitalaries-a-martorell","status":"publish","type":"post","link":"https:\/\/fundaciohospitalariesmartorell.org\/entre-tots\/2026\/02\/visita-insitucional-de-la-fundacio-hospitalaries-a-martorell\/","title":{"rendered":"Visita institucional de la Fundaci\u00f3 Hospital\u00e0ries a Martorell"},"content":{"rendered":"\n<h2 class=\"wp-block-heading\">Sor Luz Divina, presidenta del Patronat, i Alberto Mart\u00edn de la Mata, Director General, visiten el centre de Martorell.<\/h2>\n\n\n\n<figure class=\"wp-block-image size-large\"><img loading=\"lazy\" decoding=\"async\" width=\"1024\" height=\"443\" src=\"https:\/\/fundaciohospitalariesmartorell.org\/entre-tots\/wp-content\/uploads\/2026\/02\/image-5-1024x443.png\" alt=\"\" class=\"wp-image-12636\" srcset=\"https:\/\/fundaciohospitalariesmartorell.org\/entre-tots\/wp-content\/uploads\/2026\/02\/image-5-1024x443.png 1024w, https:\/\/fundaciohospitalariesmartorell.org\/entre-tots\/wp-content\/uploads\/2026\/02\/image-5-300x130.png 300w, https:\/\/fundaciohospitalariesmartorell.org\/entre-tots\/wp-content\/uploads\/2026\/02\/image-5-768x332.png 768w, https:\/\/fundaciohospitalariesmartorell.org\/entre-tots\/wp-content\/uploads\/2026\/02\/image-5-1536x665.png 1536w, https:\/\/fundaciohospitalariesmartorell.org\/entre-tots\/wp-content\/uploads\/2026\/02\/image-5-1320x571.png 1320w, https:\/\/fundaciohospitalariesmartorell.org\/entre-tots\/wp-content\/uploads\/2026\/02\/image-5.png 1541w\" sizes=\"auto, (max-width: 1024px) 100vw, 1024px\" \/><\/figure>\n\n\n\n<p>El director general de la Fundaci\u00f3 Hospital\u00e0ries, Alberto Mart\u00edn de la Mata, juntament amb Sor Luz Divina, presidenta del Patronat, van visitar el passat dimecres 18 de febrer la Fundaci\u00f3 Hospital\u00e0ries Martorell, en el marc de l\u2019agenda institucional de trobades amb equips directius i \u00f2rgans de govern dels diferents centres de la instituci\u00f3.<\/p>\n\n\n\n<p>La visita va permetre aprofundir en el coneixement directe de la realitat assistencial i organitzativa del centre, aix\u00ed com contrastar l\u00ednies estrat\u00e8giques, objectius prioritaris i reptes de futur.<\/p>\n\n\n\n<p>A la seva arribada, el Sr. Mart\u00edn de la Mata i Sor Luz Divina, acompanyats per la germana delegada, Sor Margarita Vicente, van ser rebuts pel gerent, Dr. Jes\u00fas Ezquerra, i per la resta de l\u2019equip directiu. Posteriorment, es va dur a terme una trobada amb els comandaments intermedis, un espai que va facilitar el contacte directe amb els equips i va posar en valor la seva tasca di\u00e0ria i el seu comprom\u00eds amb el projecte assistencial. El Dr. Ezquerra va afirmar que l&#8217;equip de comandaments est\u00e0 integrat per &#8220;persones compromeses i competents&#8221;, i Sor Luz Divina va assegurar que Martorell &#8220;ha estat i continua sent bandera de la instituci\u00f3, en temes com formaci\u00f3 o projectes assistencials innovadors i capdavanters&#8221;.<\/p>\n\n\n\n<figure class=\"wp-block-image size-large\"><img loading=\"lazy\" decoding=\"async\" width=\"1600\" height=\"900\" src=\"https:\/\/fundaciohospitalariesmartorell.org\/entre-tots\/wp-content\/uploads\/2026\/02\/image-7-edited.png\" alt=\"\" class=\"wp-image-12642\" srcset=\"https:\/\/fundaciohospitalariesmartorell.org\/entre-tots\/wp-content\/uploads\/2026\/02\/image-7-edited.png 1600w, https:\/\/fundaciohospitalariesmartorell.org\/entre-tots\/wp-content\/uploads\/2026\/02\/image-7-edited-300x169.png 300w, https:\/\/fundaciohospitalariesmartorell.org\/entre-tots\/wp-content\/uploads\/2026\/02\/image-7-edited-1024x576.png 1024w, https:\/\/fundaciohospitalariesmartorell.org\/entre-tots\/wp-content\/uploads\/2026\/02\/image-7-edited-768x432.png 768w, https:\/\/fundaciohospitalariesmartorell.org\/entre-tots\/wp-content\/uploads\/2026\/02\/image-7-edited-1536x864.png 1536w, https:\/\/fundaciohospitalariesmartorell.org\/entre-tots\/wp-content\/uploads\/2026\/02\/image-7-edited-1320x743.png 1320w\" sizes=\"auto, (max-width: 1600px) 100vw, 1600px\" \/><\/figure>\n\n\n\n<figure class=\"wp-block-image size-large\"><img loading=\"lazy\" decoding=\"async\" width=\"1600\" height=\"900\" src=\"https:\/\/fundaciohospitalariesmartorell.org\/entre-tots\/wp-content\/uploads\/2026\/02\/image-8-edited.png\" alt=\"\" class=\"wp-image-12645\" srcset=\"https:\/\/fundaciohospitalariesmartorell.org\/entre-tots\/wp-content\/uploads\/2026\/02\/image-8-edited.png 1600w, https:\/\/fundaciohospitalariesmartorell.org\/entre-tots\/wp-content\/uploads\/2026\/02\/image-8-edited-300x169.png 300w, https:\/\/fundaciohospitalariesmartorell.org\/entre-tots\/wp-content\/uploads\/2026\/02\/image-8-edited-1024x576.png 1024w, https:\/\/fundaciohospitalariesmartorell.org\/entre-tots\/wp-content\/uploads\/2026\/02\/image-8-edited-768x432.png 768w, https:\/\/fundaciohospitalariesmartorell.org\/entre-tots\/wp-content\/uploads\/2026\/02\/image-8-edited-1536x864.png 1536w, https:\/\/fundaciohospitalariesmartorell.org\/entre-tots\/wp-content\/uploads\/2026\/02\/image-8-edited-1320x743.png 1320w\" sizes=\"auto, (max-width: 1600px) 100vw, 1600px\" \/><\/figure>\n\n\n\n<figure class=\"wp-block-image size-large\"><img loading=\"lazy\" decoding=\"async\" width=\"1600\" height=\"900\" src=\"https:\/\/fundaciohospitalariesmartorell.org\/entre-tots\/wp-content\/uploads\/2026\/02\/image-9-edited.png\" alt=\"\" class=\"wp-image-12646\" srcset=\"https:\/\/fundaciohospitalariesmartorell.org\/entre-tots\/wp-content\/uploads\/2026\/02\/image-9-edited.png 1600w, https:\/\/fundaciohospitalariesmartorell.org\/entre-tots\/wp-content\/uploads\/2026\/02\/image-9-edited-300x169.png 300w, https:\/\/fundaciohospitalariesmartorell.org\/entre-tots\/wp-content\/uploads\/2026\/02\/image-9-edited-1024x576.png 1024w, https:\/\/fundaciohospitalariesmartorell.org\/entre-tots\/wp-content\/uploads\/2026\/02\/image-9-edited-768x432.png 768w, https:\/\/fundaciohospitalariesmartorell.org\/entre-tots\/wp-content\/uploads\/2026\/02\/image-9-edited-1536x864.png 1536w, https:\/\/fundaciohospitalariesmartorell.org\/entre-tots\/wp-content\/uploads\/2026\/02\/image-9-edited-1320x743.png 1320w\" sizes=\"auto, (max-width: 1600px) 100vw, 1600px\" \/><\/figure>\n","protected":false},"excerpt":{"rendered":"<p>Sor Luz Divina, presidenta del Patronat, i Alberto Mart\u00edn de la Mata, Director General, visiten el centre de Martorell. El director general de la Fundaci\u00f3 Hospital\u00e0ries, Alberto Mart\u00edn de la Mata, juntament amb Sor Luz Divina, presidenta del Patronat, van visitar el passat dimecres 18 de febrer la Fundaci\u00f3 Hospital\u00e0ries Martorell, en el marc de [&hellip;]<\/p>\n","protected":false},"author":6,"featured_media":12644,"comment_status":"closed","ping_status":"closed","sticky":false,"template":"","format":"standard","meta":{"footnotes":""},"categories":[27],"tags":[],"class_list":["post-12635","post","type-post","status-publish","format-standard","has-post-thumbnail","hentry","category-actualitat"],"blocksy_meta":[],"featured_image_urls_v2":{"full":["https:\/\/fundaciohospitalariesmartorell.org\/entre-tots\/wp-content\/uploads\/2026\/02\/image-9.png",1600,1200,false],"thumbnail":["https:\/\/fundaciohospitalariesmartorell.org\/entre-tots\/wp-content\/uploads\/2026\/02\/image-9-150x150.png",150,150,true],"medium":["https:\/\/fundaciohospitalariesmartorell.org\/entre-tots\/wp-content\/uploads\/2026\/02\/image-9-300x225.png",300,225,true],"medium_large":["https:\/\/fundaciohospitalariesmartorell.org\/entre-tots\/wp-content\/uploads\/2026\/02\/image-9-768x576.png",768,576,true],"large":["https:\/\/fundaciohospitalariesmartorell.org\/entre-tots\/wp-content\/uploads\/2026\/02\/image-9-1024x768.png",1024,768,true],"1536x1536":["https:\/\/fundaciohospitalariesmartorell.org\/entre-tots\/wp-content\/uploads\/2026\/02\/image-9-1536x1152.png",1536,1152,true],"2048x2048":["https:\/\/fundaciohospitalariesmartorell.org\/entre-tots\/wp-content\/uploads\/2026\/02\/image-9.png",1600,1200,false],"mailpoet_newsletter_max":["https:\/\/fundaciohospitalariesmartorell.org\/entre-tots\/wp-content\/uploads\/2026\/02\/image-9-1320x990.png",1320,990,true]},"post_excerpt_stackable_v2":"<p>Sor Luz Divina, presidenta del Patronat, i Alberto Mart\u00edn de la Mata, Director General, visiten el centre de Martorell. El director general de la Fundaci\u00f3 Hospital\u00e0ries, Alberto Mart\u00edn de la Mata, juntament amb Sor Luz Divina, presidenta del Patronat, van visitar el passat dimecres 18 de febrer la Fundaci\u00f3 Hospital\u00e0ries Martorell, en el marc de l\u2019agenda institucional de trobades amb equips directius i \u00f2rgans de govern dels diferents centres de la instituci\u00f3. La visita va permetre aprofundir en el coneixement directe de la realitat assistencial i organitzativa del centre, aix\u00ed com contrastar l\u00ednies estrat\u00e8giques, objectius prioritaris i reptes de futur.&hellip;<\/p>\n","category_list_v2":"<a href=\"https:\/\/fundaciohospitalariesmartorell.org\/entre-tots\/category\/actualitat\/\" rel=\"category tag\">ACTUALITAT<\/a>","author_info_v2":{"name":"Martorell_comunicacio","url":"https:\/\/fundaciohospitalariesmartorell.org\/entre-tots\/author\/martorell_comunicacio\/"},"comments_num_v2":"0 comments","_links":{"self":[{"href":"https:\/\/fundaciohospitalariesmartorell.org\/entre-tots\/wp-json\/wp\/v2\/posts\/12635","targetHints":{"allow":["GET"]}}],"collection":[{"href":"https:\/\/fundaciohospitalariesmartorell.org\/entre-tots\/wp-json\/wp\/v2\/posts"}],"about":[{"href":"https:\/\/fundaciohospitalariesmartorell.org\/entre-tots\/wp-json\/wp\/v2\/types\/post"}],"author":[{"embeddable":true,"href":"https:\/\/fundaciohospitalariesmartorell.org\/entre-tots\/wp-json\/wp\/v2\/users\/6"}],"replies":[{"embeddable":true,"href":"https:\/\/fundaciohospitalariesmartorell.org\/entre-tots\/wp-json\/wp\/v2\/comments?post=12635"}],"version-history":[{"count":3,"href":"https:\/\/fundaciohospitalariesmartorell.org\/entre-tots\/wp-json\/wp\/v2\/posts\/12635\/revisions"}],"predecessor-version":[{"id":12657,"href":"https:\/\/fundaciohospitalariesmartorell.org\/entre-tots\/wp-json\/wp\/v2\/posts\/12635\/revisions\/12657"}],"wp:featuredmedia":[{"embeddable":true,"href":"https:\/\/fundaciohospitalariesmartorell.org\/entre-tots\/wp-json\/wp\/v2\/media\/12644"}],"wp:attachment":[{"href":"https:\/\/fundaciohospitalariesmartorell.org\/entre-tots\/wp-json\/wp\/v2\/media?parent=12635"}],"wp:term":[{"taxonomy":"category","embeddable":true,"href":"https:\/\/fundaciohospitalariesmartorell.org\/entre-tots\/wp-json\/wp\/v2\/categories?post=12635"},{"taxonomy":"post_tag","embeddable":true,"href":"https:\/\/fundaciohospitalariesmartorell.org\/entre-tots\/wp-json\/wp\/v2\/tags?post=12635"}],"curies":[{"name":"wp","href":"https:\/\/api.w.org\/{rel}","templated":true}]}}