{"id":12638,"date":"2026-02-19T08:26:15","date_gmt":"2026-02-19T07:26:15","guid":{"rendered":"https:\/\/fundaciohospitalariesmartorell.org\/entre-tots\/?p=12638"},"modified":"2026-02-19T08:26:15","modified_gmt":"2026-02-19T07:26:15","slug":"la-comissio-cuidat-x-cuidar-i-el-programa-esportiu-de-salut-mental-inclosos-en-el-recull-2025-de-la-xarxa-hph-catalunya","status":"publish","type":"post","link":"https:\/\/fundaciohospitalariesmartorell.org\/entre-tots\/2026\/02\/la-comissio-cuidat-x-cuidar-i-el-programa-esportiu-de-salut-mental-inclosos-en-el-recull-2025-de-la-xarxa-hph-catalunya\/","title":{"rendered":"La comissi\u00f3 Cuida\u2019t x Cuidar i el programa esportiu de salut mental, inclosos en el recull 2025 de la Xarxa HPH Catalunya"},"content":{"rendered":"\n<figure class=\"wp-block-image size-full\"><img loading=\"lazy\" decoding=\"async\" width=\"919\" height=\"516\" src=\"https:\/\/fundaciohospitalariesmartorell.org\/entre-tots\/wp-content\/uploads\/2026\/02\/image-6.png\" alt=\"\" class=\"wp-image-12639\" srcset=\"https:\/\/fundaciohospitalariesmartorell.org\/entre-tots\/wp-content\/uploads\/2026\/02\/image-6.png 919w, https:\/\/fundaciohospitalariesmartorell.org\/entre-tots\/wp-content\/uploads\/2026\/02\/image-6-300x168.png 300w, https:\/\/fundaciohospitalariesmartorell.org\/entre-tots\/wp-content\/uploads\/2026\/02\/image-6-768x431.png 768w\" sizes=\"auto, (max-width: 919px) 100vw, 919px\" \/><\/figure>\n\n\n\n<p>Dues experi\u00e8ncies de promoci\u00f3 de la salut de la Fundaci\u00f3 Hospital\u00e0ries Martorell han estat incorporades en el recull <em>\u201cExperi\u00e8ncies en promoci\u00f3 de la salut 2025\u201d<\/em> de la Xarxa d\u2019Hospitals i Centres Promotors de la Salut de Catalunya. Es tracta de la <strong>Comissi\u00f3 Cuida\u2019t x Cuidar<\/strong> (p\u00e0gina 37) i del <strong>Programa Esportiu de l\u2019\u00c0rea de Rehabilitaci\u00f3 en Salut Mental<\/strong>, desenvolupat en col\u00b7laboraci\u00f3 amb Sport2Live (p\u00e0gina 24).<\/p>\n\n\n\n<p>La inclusi\u00f3 d\u2019aquestes dues iniciatives en la publicaci\u00f3 posa en relleu el comprom\u00eds del centre amb la promoci\u00f3 de la salut des d\u2019una doble perspectiva: d\u2019una banda, impulsant accions orientades al benestar i la cura dels i les professionals; de l\u2019altra, integrant l\u2019activitat f\u00edsica i l\u2019esport com a eina terap\u00e8utica dins dels processos de rehabilitaci\u00f3 en salut mental, amb un enfocament centrat en la persona.<\/p>\n\n\n\n<p>Algunes de les iniciatives incloses en el document es van presentar en el marc de la <strong>VIII Jornada de Promoci\u00f3 de la Salut<\/strong>, celebrada el 7 de novembre de 2025 sota el lema <em>\u201cLa Promoci\u00f3 de la salut: teixint benestar emocional\u201d<\/em>. La trobada va esdevenir un espai de reflexi\u00f3 i debat estrat\u00e8gic sobre els reptes actuals en promoci\u00f3 de la salut, posant l\u2019accent en la necessitat de definir, estructurar i planificar pol\u00edtiques s\u00f2lides i avaluables.<\/p>\n\n\n\n<p>Posteriorment, la Xarxa ha elaborat i fet p\u00fablic el recull amb l\u2019objectiu de sistematitzar aquestes experi\u00e8ncies, facilitar-ne la transfer\u00e8ncia de coneixement i impulsar models d\u2019intervenci\u00f3 m\u00e9s eficients, sostenibles i orientats al benestar integral de les persones.<\/p>\n\n\n\n<p>Trobareu aquesta publicaci\u00f3, <a href=\"https:\/\/promociodelasaluthph.cat\/wp-content\/uploads\/2026\/02\/Experiencia_Promocio_Salut_2025_doble_pagina.pdf\">aqu\u00ed<\/a>.<br><\/p>\n","protected":false},"excerpt":{"rendered":"<p>Dues experi\u00e8ncies de promoci\u00f3 de la salut de la Fundaci\u00f3 Hospital\u00e0ries Martorell han estat incorporades en el recull \u201cExperi\u00e8ncies en promoci\u00f3 de la salut 2025\u201d de la Xarxa d\u2019Hospitals i Centres Promotors de la Salut de Catalunya. Es tracta de la Comissi\u00f3 Cuida\u2019t x Cuidar (p\u00e0gina 37) i del Programa Esportiu de l\u2019\u00c0rea de Rehabilitaci\u00f3 [&hellip;]<\/p>\n","protected":false},"author":6,"featured_media":12639,"comment_status":"closed","ping_status":"","sticky":false,"template":"","format":"standard","meta":{"footnotes":""},"categories":[27],"tags":[],"class_list":["post-12638","post","type-post","status-publish","format-standard","has-post-thumbnail","hentry","category-actualitat"],"blocksy_meta":[],"featured_image_urls_v2":{"full":["https:\/\/fundaciohospitalariesmartorell.org\/entre-tots\/wp-content\/uploads\/2026\/02\/image-6.png",919,516,false],"thumbnail":["https:\/\/fundaciohospitalariesmartorell.org\/entre-tots\/wp-content\/uploads\/2026\/02\/image-6-150x150.png",150,150,true],"medium":["https:\/\/fundaciohospitalariesmartorell.org\/entre-tots\/wp-content\/uploads\/2026\/02\/image-6-300x168.png",300,168,true],"medium_large":["https:\/\/fundaciohospitalariesmartorell.org\/entre-tots\/wp-content\/uploads\/2026\/02\/image-6-768x431.png",768,431,true],"large":["https:\/\/fundaciohospitalariesmartorell.org\/entre-tots\/wp-content\/uploads\/2026\/02\/image-6.png",919,516,false],"1536x1536":["https:\/\/fundaciohospitalariesmartorell.org\/entre-tots\/wp-content\/uploads\/2026\/02\/image-6.png",919,516,false],"2048x2048":["https:\/\/fundaciohospitalariesmartorell.org\/entre-tots\/wp-content\/uploads\/2026\/02\/image-6.png",919,516,false],"mailpoet_newsletter_max":["https:\/\/fundaciohospitalariesmartorell.org\/entre-tots\/wp-content\/uploads\/2026\/02\/image-6.png",919,516,false]},"post_excerpt_stackable_v2":"<p>Dues experi\u00e8ncies de promoci\u00f3 de la salut de la Fundaci\u00f3 Hospital\u00e0ries Martorell han estat incorporades en el recull \u201cExperi\u00e8ncies en promoci\u00f3 de la salut 2025\u201d de la Xarxa d\u2019Hospitals i Centres Promotors de la Salut de Catalunya. Es tracta de la Comissi\u00f3 Cuida\u2019t x Cuidar (p\u00e0gina 37) i del Programa Esportiu de l\u2019\u00c0rea de Rehabilitaci\u00f3 en Salut Mental, desenvolupat en col\u00b7laboraci\u00f3 amb Sport2Live (p\u00e0gina 24). La inclusi\u00f3 d\u2019aquestes dues iniciatives en la publicaci\u00f3 posa en relleu el comprom\u00eds del centre amb la promoci\u00f3 de la salut des d\u2019una doble perspectiva: d\u2019una banda, impulsant accions orientades al benestar i la cura&hellip;<\/p>\n","category_list_v2":"<a href=\"https:\/\/fundaciohospitalariesmartorell.org\/entre-tots\/category\/actualitat\/\" rel=\"category tag\">ACTUALITAT<\/a>","author_info_v2":{"name":"Martorell_comunicacio","url":"https:\/\/fundaciohospitalariesmartorell.org\/entre-tots\/author\/martorell_comunicacio\/"},"comments_num_v2":"0 comments","_links":{"self":[{"href":"https:\/\/fundaciohospitalariesmartorell.org\/entre-tots\/wp-json\/wp\/v2\/posts\/12638","targetHints":{"allow":["GET"]}}],"collection":[{"href":"https:\/\/fundaciohospitalariesmartorell.org\/entre-tots\/wp-json\/wp\/v2\/posts"}],"about":[{"href":"https:\/\/fundaciohospitalariesmartorell.org\/entre-tots\/wp-json\/wp\/v2\/types\/post"}],"author":[{"embeddable":true,"href":"https:\/\/fundaciohospitalariesmartorell.org\/entre-tots\/wp-json\/wp\/v2\/users\/6"}],"replies":[{"embeddable":true,"href":"https:\/\/fundaciohospitalariesmartorell.org\/entre-tots\/wp-json\/wp\/v2\/comments?post=12638"}],"version-history":[{"count":1,"href":"https:\/\/fundaciohospitalariesmartorell.org\/entre-tots\/wp-json\/wp\/v2\/posts\/12638\/revisions"}],"predecessor-version":[{"id":12640,"href":"https:\/\/fundaciohospitalariesmartorell.org\/entre-tots\/wp-json\/wp\/v2\/posts\/12638\/revisions\/12640"}],"wp:featuredmedia":[{"embeddable":true,"href":"https:\/\/fundaciohospitalariesmartorell.org\/entre-tots\/wp-json\/wp\/v2\/media\/12639"}],"wp:attachment":[{"href":"https:\/\/fundaciohospitalariesmartorell.org\/entre-tots\/wp-json\/wp\/v2\/media?parent=12638"}],"wp:term":[{"taxonomy":"category","embeddable":true,"href":"https:\/\/fundaciohospitalariesmartorell.org\/entre-tots\/wp-json\/wp\/v2\/categories?post=12638"},{"taxonomy":"post_tag","embeddable":true,"href":"https:\/\/fundaciohospitalariesmartorell.org\/entre-tots\/wp-json\/wp\/v2\/tags?post=12638"}],"curies":[{"name":"wp","href":"https:\/\/api.w.org\/{rel}","templated":true}]}}