{"id":12655,"date":"2026-02-23T08:46:15","date_gmt":"2026-02-23T07:46:15","guid":{"rendered":"https:\/\/fundaciohospitalariesmartorell.org\/entre-tots\/?p=12655"},"modified":"2026-02-23T12:20:32","modified_gmt":"2026-02-23T11:20:32","slug":"lluida-festa-de-carnaval-a-lespai-actiu","status":"publish","type":"post","link":"https:\/\/fundaciohospitalariesmartorell.org\/entre-tots\/2026\/02\/lluida-festa-de-carnaval-a-lespai-actiu\/","title":{"rendered":"Llu\u00efda festa de Carnaval a l&#8217;Espai Actiu"},"content":{"rendered":"\n<figure class=\"wp-block-image size-large\"><img loading=\"lazy\" decoding=\"async\" width=\"1536\" height=\"864\" src=\"https:\/\/fundaciohospitalariesmartorell.org\/entre-tots\/wp-content\/uploads\/2026\/02\/WhatsApp-Image-2026-02-13-at-13.10.52-2-edited.jpeg\" alt=\"\" class=\"wp-image-12671\" srcset=\"https:\/\/fundaciohospitalariesmartorell.org\/entre-tots\/wp-content\/uploads\/2026\/02\/WhatsApp-Image-2026-02-13-at-13.10.52-2-edited.jpeg 1536w, https:\/\/fundaciohospitalariesmartorell.org\/entre-tots\/wp-content\/uploads\/2026\/02\/WhatsApp-Image-2026-02-13-at-13.10.52-2-edited-300x169.jpeg 300w, https:\/\/fundaciohospitalariesmartorell.org\/entre-tots\/wp-content\/uploads\/2026\/02\/WhatsApp-Image-2026-02-13-at-13.10.52-2-edited-1024x576.jpeg 1024w, https:\/\/fundaciohospitalariesmartorell.org\/entre-tots\/wp-content\/uploads\/2026\/02\/WhatsApp-Image-2026-02-13-at-13.10.52-2-edited-768x432.jpeg 768w, https:\/\/fundaciohospitalariesmartorell.org\/entre-tots\/wp-content\/uploads\/2026\/02\/WhatsApp-Image-2026-02-13-at-13.10.52-2-edited-1320x743.jpeg 1320w\" sizes=\"auto, (max-width: 1536px) 100vw, 1536px\" \/><\/figure>\n\n\n\n<p>Les inclem\u00e8ncies meteorol\u00f2giques no van aturar un dels dies m\u00e9s esperats per a les persones usu\u00e0ries de la Fundaci\u00f3 Hospital\u00e0ries Martorell: el Carnaval. El dia 13 de febrer al mat\u00ed es va celebrar a l\u2019Espai Actiu una festa de Carnaval plena de colors, m\u00fasica i disfresses.<\/p>\n\n\n\n<p>La jornada va comen\u00e7ar amb la preparaci\u00f3 d\u2019una rua que va incloure persones ateses i personal col\u00b7laborador de diverses unitats, com TCA, diversitat funcional, subaguts i rehabilitaci\u00f3. Tot i que la rua no es va poder dur a terme a causa de la pluja, la celebraci\u00f3 es va traslladar a l\u2019Espai Actiu, on es va mantenir l\u2019ambient festiu.<\/p>\n\n\n\n<p>Per fomentar el comprom\u00eds de les persones usu\u00e0ries i la valoraci\u00f3 dels espais i materials, es va organitzar un sistema simb\u00f2lic de venda d\u2019entrades. En el cas de les persones amb menys recursos, el cost de l\u2019entrada es va substituir per la col\u00b7laboraci\u00f3 en les tasques de preparaci\u00f3 i desenvolupament de la festa.<\/p>\n\n\n\n<p>L\u2019esdeveniment va comptar amb diverses activitats, com un pica-pica, karaoke, pintacares i un concurs de disfresses, en qu\u00e8 es va premiar el grup m\u00e9s divertit i el m\u00e9s creatiu.<\/p>\n\n\n\n<blockquote class=\"wp-block-quote is-layout-flow wp-block-quote-is-layout-flow\">\n<p>Aquest tipus de celebracions contribueixen a refor\u00e7ar les habilitats relacionals i de socialitzaci\u00f3 de les persones ateses, alhora que ofereixen un espai diferent i especial que trenca amb la rutina del dia a dia.<\/p>\n<\/blockquote>\n\n\n\n<div class=\"wp-block-getwid-images-slider has-arrows-inside has-dots-inside has-images-center has-cropped-images\"><div class=\"wp-block-getwid-images-slider__wrapper\" data-effect=\"slide\" data-slides-show=\"1\" data-slides-show-laptop=\"1\" data-slides-show-tablet=\"1\" data-slides-show-mobile=\"1\" data-slides-scroll=\"1\" data-autoplay=\"false\" data-pause-hover=\"false\" data-autoplay-speed=\"6000\" data-infinite=\"true\" data-animation-speed=\"800\" data-center-mode=\"false\" data-variable-width=\"false\" data-arrows=\"inside\" data-dots=\"inside\" data-spacing=\"none\"><div class=\"wp-block-getwid-images-slider__item\"><figure><img loading=\"lazy\" decoding=\"async\" width=\"1536\" height=\"2040\" src=\"https:\/\/fundaciohospitalariesmartorell.org\/entre-tots\/wp-content\/uploads\/2026\/02\/WhatsApp-Image-2026-02-13-at-13.10.52-1.jpeg\" data-id=\"12651\" data-link=\"https:\/\/fundaciohospitalariesmartorell.org\/entre-tots\/?attachment_id=12651\" data-original-link=\"https:\/\/fundaciohospitalariesmartorell.org\/entre-tots\/wp-content\/uploads\/2026\/02\/WhatsApp-Image-2026-02-13-at-13.10.52-1.jpeg\" class=\"wp-block-getwid-images-slider__image wp-image-12651\" srcset=\"https:\/\/fundaciohospitalariesmartorell.org\/entre-tots\/wp-content\/uploads\/2026\/02\/WhatsApp-Image-2026-02-13-at-13.10.52-1.jpeg 1536w, https:\/\/fundaciohospitalariesmartorell.org\/entre-tots\/wp-content\/uploads\/2026\/02\/WhatsApp-Image-2026-02-13-at-13.10.52-1-226x300.jpeg 226w, https:\/\/fundaciohospitalariesmartorell.org\/entre-tots\/wp-content\/uploads\/2026\/02\/WhatsApp-Image-2026-02-13-at-13.10.52-1-771x1024.jpeg 771w, https:\/\/fundaciohospitalariesmartorell.org\/entre-tots\/wp-content\/uploads\/2026\/02\/WhatsApp-Image-2026-02-13-at-13.10.52-1-768x1020.jpeg 768w, https:\/\/fundaciohospitalariesmartorell.org\/entre-tots\/wp-content\/uploads\/2026\/02\/WhatsApp-Image-2026-02-13-at-13.10.52-1-1157x1536.jpeg 1157w, https:\/\/fundaciohospitalariesmartorell.org\/entre-tots\/wp-content\/uploads\/2026\/02\/WhatsApp-Image-2026-02-13-at-13.10.52-1-1320x1753.jpeg 1320w\" sizes=\"auto, (max-width: 1536px) 100vw, 1536px\" \/><\/figure><\/div><div class=\"wp-block-getwid-images-slider__item\"><figure><img loading=\"lazy\" decoding=\"async\" width=\"1536\" height=\"2048\" src=\"https:\/\/fundaciohospitalariesmartorell.org\/entre-tots\/wp-content\/uploads\/2026\/02\/WhatsApp-Image-2026-02-13-at-13.10.53.jpeg\" data-id=\"12653\" data-link=\"https:\/\/fundaciohospitalariesmartorell.org\/entre-tots\/?attachment_id=12653\" data-original-link=\"https:\/\/fundaciohospitalariesmartorell.org\/entre-tots\/wp-content\/uploads\/2026\/02\/WhatsApp-Image-2026-02-13-at-13.10.53.jpeg\" class=\"wp-block-getwid-images-slider__image wp-image-12653\" srcset=\"https:\/\/fundaciohospitalariesmartorell.org\/entre-tots\/wp-content\/uploads\/2026\/02\/WhatsApp-Image-2026-02-13-at-13.10.53.jpeg 1536w, https:\/\/fundaciohospitalariesmartorell.org\/entre-tots\/wp-content\/uploads\/2026\/02\/WhatsApp-Image-2026-02-13-at-13.10.53-225x300.jpeg 225w, https:\/\/fundaciohospitalariesmartorell.org\/entre-tots\/wp-content\/uploads\/2026\/02\/WhatsApp-Image-2026-02-13-at-13.10.53-768x1024.jpeg 768w, https:\/\/fundaciohospitalariesmartorell.org\/entre-tots\/wp-content\/uploads\/2026\/02\/WhatsApp-Image-2026-02-13-at-13.10.53-1152x1536.jpeg 1152w, https:\/\/fundaciohospitalariesmartorell.org\/entre-tots\/wp-content\/uploads\/2026\/02\/WhatsApp-Image-2026-02-13-at-13.10.53-1320x1760.jpeg 1320w\" sizes=\"auto, (max-width: 1536px) 100vw, 1536px\" \/><\/figure><\/div><div class=\"wp-block-getwid-images-slider__item\"><figure><img loading=\"lazy\" decoding=\"async\" width=\"1536\" height=\"2040\" src=\"https:\/\/fundaciohospitalariesmartorell.org\/entre-tots\/wp-content\/uploads\/2026\/02\/WhatsApp-Image-2026-02-13-at-13.10.52-2.jpeg\" data-id=\"12652\" data-link=\"https:\/\/fundaciohospitalariesmartorell.org\/entre-tots\/?attachment_id=12652\" data-original-link=\"https:\/\/fundaciohospitalariesmartorell.org\/entre-tots\/wp-content\/uploads\/2026\/02\/WhatsApp-Image-2026-02-13-at-13.10.52-2.jpeg\" class=\"wp-block-getwid-images-slider__image wp-image-12652\" srcset=\"https:\/\/fundaciohospitalariesmartorell.org\/entre-tots\/wp-content\/uploads\/2026\/02\/WhatsApp-Image-2026-02-13-at-13.10.52-2.jpeg 1536w, https:\/\/fundaciohospitalariesmartorell.org\/entre-tots\/wp-content\/uploads\/2026\/02\/WhatsApp-Image-2026-02-13-at-13.10.52-2-226x300.jpeg 226w, https:\/\/fundaciohospitalariesmartorell.org\/entre-tots\/wp-content\/uploads\/2026\/02\/WhatsApp-Image-2026-02-13-at-13.10.52-2-771x1024.jpeg 771w, https:\/\/fundaciohospitalariesmartorell.org\/entre-tots\/wp-content\/uploads\/2026\/02\/WhatsApp-Image-2026-02-13-at-13.10.52-2-768x1020.jpeg 768w, https:\/\/fundaciohospitalariesmartorell.org\/entre-tots\/wp-content\/uploads\/2026\/02\/WhatsApp-Image-2026-02-13-at-13.10.52-2-1157x1536.jpeg 1157w, https:\/\/fundaciohospitalariesmartorell.org\/entre-tots\/wp-content\/uploads\/2026\/02\/WhatsApp-Image-2026-02-13-at-13.10.52-2-1320x1753.jpeg 1320w\" sizes=\"auto, (max-width: 1536px) 100vw, 1536px\" \/><\/figure><\/div><div class=\"wp-block-getwid-images-slider__item\"><figure><img loading=\"lazy\" decoding=\"async\" width=\"1536\" height=\"2040\" src=\"https:\/\/fundaciohospitalariesmartorell.org\/entre-tots\/wp-content\/uploads\/2026\/02\/WhatsApp-Image-2026-02-13-at-13.10.52.jpeg\" data-id=\"12650\" data-link=\"https:\/\/fundaciohospitalariesmartorell.org\/entre-tots\/?attachment_id=12650\" data-original-link=\"https:\/\/fundaciohospitalariesmartorell.org\/entre-tots\/wp-content\/uploads\/2026\/02\/WhatsApp-Image-2026-02-13-at-13.10.52.jpeg\" class=\"wp-block-getwid-images-slider__image wp-image-12650\" srcset=\"https:\/\/fundaciohospitalariesmartorell.org\/entre-tots\/wp-content\/uploads\/2026\/02\/WhatsApp-Image-2026-02-13-at-13.10.52.jpeg 1536w, https:\/\/fundaciohospitalariesmartorell.org\/entre-tots\/wp-content\/uploads\/2026\/02\/WhatsApp-Image-2026-02-13-at-13.10.52-226x300.jpeg 226w, https:\/\/fundaciohospitalariesmartorell.org\/entre-tots\/wp-content\/uploads\/2026\/02\/WhatsApp-Image-2026-02-13-at-13.10.52-771x1024.jpeg 771w, https:\/\/fundaciohospitalariesmartorell.org\/entre-tots\/wp-content\/uploads\/2026\/02\/WhatsApp-Image-2026-02-13-at-13.10.52-768x1020.jpeg 768w, https:\/\/fundaciohospitalariesmartorell.org\/entre-tots\/wp-content\/uploads\/2026\/02\/WhatsApp-Image-2026-02-13-at-13.10.52-1157x1536.jpeg 1157w, https:\/\/fundaciohospitalariesmartorell.org\/entre-tots\/wp-content\/uploads\/2026\/02\/WhatsApp-Image-2026-02-13-at-13.10.52-1320x1753.jpeg 1320w\" sizes=\"auto, (max-width: 1536px) 100vw, 1536px\" \/><\/figure><\/div><div class=\"wp-block-getwid-images-slider__item\"><figure><img loading=\"lazy\" decoding=\"async\" width=\"1200\" height=\"1600\" src=\"https:\/\/fundaciohospitalariesmartorell.org\/entre-tots\/wp-content\/uploads\/2026\/02\/WhatsApp-Image-2026-02-13-at-11.35.28.jpeg\" data-id=\"12649\" data-link=\"https:\/\/fundaciohospitalariesmartorell.org\/entre-tots\/?attachment_id=12649\" data-original-link=\"https:\/\/fundaciohospitalariesmartorell.org\/entre-tots\/wp-content\/uploads\/2026\/02\/WhatsApp-Image-2026-02-13-at-11.35.28.jpeg\" class=\"wp-block-getwid-images-slider__image wp-image-12649\" srcset=\"https:\/\/fundaciohospitalariesmartorell.org\/entre-tots\/wp-content\/uploads\/2026\/02\/WhatsApp-Image-2026-02-13-at-11.35.28.jpeg 1200w, https:\/\/fundaciohospitalariesmartorell.org\/entre-tots\/wp-content\/uploads\/2026\/02\/WhatsApp-Image-2026-02-13-at-11.35.28-225x300.jpeg 225w, https:\/\/fundaciohospitalariesmartorell.org\/entre-tots\/wp-content\/uploads\/2026\/02\/WhatsApp-Image-2026-02-13-at-11.35.28-768x1024.jpeg 768w, https:\/\/fundaciohospitalariesmartorell.org\/entre-tots\/wp-content\/uploads\/2026\/02\/WhatsApp-Image-2026-02-13-at-11.35.28-1152x1536.jpeg 1152w\" sizes=\"auto, (max-width: 1200px) 100vw, 1200px\" \/><\/figure><\/div><\/div><\/div>\n","protected":false},"excerpt":{"rendered":"<p>Les inclem\u00e8ncies meteorol\u00f2giques no van aturar un dels dies m\u00e9s esperats per a les persones usu\u00e0ries de la Fundaci\u00f3 Hospital\u00e0ries Martorell: el Carnaval. El dia 13 de febrer al mat\u00ed es va celebrar a l\u2019Espai Actiu una festa de Carnaval plena de colors, m\u00fasica i disfresses. La jornada va comen\u00e7ar amb la preparaci\u00f3 d\u2019una rua [&hellip;]<\/p>\n","protected":false},"author":6,"featured_media":12671,"comment_status":"closed","ping_status":"closed","sticky":false,"template":"","format":"standard","meta":{"footnotes":""},"categories":[27,57],"tags":[],"class_list":["post-12655","post","type-post","status-publish","format-standard","has-post-thumbnail","hentry","category-actualitat","category-usuaris-es"],"blocksy_meta":[],"featured_image_urls_v2":{"full":["https:\/\/fundaciohospitalariesmartorell.org\/entre-tots\/wp-content\/uploads\/2026\/02\/WhatsApp-Image-2026-02-13-at-13.10.52-2-edited.jpeg",1536,864,false],"thumbnail":["https:\/\/fundaciohospitalariesmartorell.org\/entre-tots\/wp-content\/uploads\/2026\/02\/WhatsApp-Image-2026-02-13-at-13.10.52-2-edited-150x150.jpeg",150,150,true],"medium":["https:\/\/fundaciohospitalariesmartorell.org\/entre-tots\/wp-content\/uploads\/2026\/02\/WhatsApp-Image-2026-02-13-at-13.10.52-2-edited-300x169.jpeg",300,169,true],"medium_large":["https:\/\/fundaciohospitalariesmartorell.org\/entre-tots\/wp-content\/uploads\/2026\/02\/WhatsApp-Image-2026-02-13-at-13.10.52-2-edited-768x432.jpeg",768,432,true],"large":["https:\/\/fundaciohospitalariesmartorell.org\/entre-tots\/wp-content\/uploads\/2026\/02\/WhatsApp-Image-2026-02-13-at-13.10.52-2-edited-1024x576.jpeg",1024,576,true],"1536x1536":["https:\/\/fundaciohospitalariesmartorell.org\/entre-tots\/wp-content\/uploads\/2026\/02\/WhatsApp-Image-2026-02-13-at-13.10.52-2-edited.jpeg",1536,864,false],"2048x2048":["https:\/\/fundaciohospitalariesmartorell.org\/entre-tots\/wp-content\/uploads\/2026\/02\/WhatsApp-Image-2026-02-13-at-13.10.52-2-edited.jpeg",1536,864,false],"mailpoet_newsletter_max":["https:\/\/fundaciohospitalariesmartorell.org\/entre-tots\/wp-content\/uploads\/2026\/02\/WhatsApp-Image-2026-02-13-at-13.10.52-2-edited-1320x743.jpeg",1320,743,true]},"post_excerpt_stackable_v2":"<p>Les inclem\u00e8ncies meteorol\u00f2giques no van aturar un dels dies m\u00e9s esperats per a les persones usu\u00e0ries de la Fundaci\u00f3 Hospital\u00e0ries Martorell: el Carnaval. El dia 13 de febrer al mat\u00ed es va celebrar a l\u2019Espai Actiu una festa de Carnaval plena de colors, m\u00fasica i disfresses. La jornada va comen\u00e7ar amb la preparaci\u00f3 d\u2019una rua que va incloure persones ateses i personal col\u00b7laborador de diverses unitats, com TCA, diversitat funcional, subaguts i rehabilitaci\u00f3. Tot i que la rua no es va poder dur a terme a causa de la pluja, la celebraci\u00f3 es va traslladar a l\u2019Espai Actiu, on es&hellip;<\/p>\n","category_list_v2":"<a href=\"https:\/\/fundaciohospitalariesmartorell.org\/entre-tots\/category\/actualitat\/\" rel=\"category tag\">ACTUALITAT<\/a>, <a href=\"https:\/\/fundaciohospitalariesmartorell.org\/entre-tots\/category\/actualitat\/usuaris-es\/\" rel=\"category tag\">USUARIS\/ES<\/a>","author_info_v2":{"name":"Martorell_comunicacio","url":"https:\/\/fundaciohospitalariesmartorell.org\/entre-tots\/author\/martorell_comunicacio\/"},"comments_num_v2":"0 comments","_links":{"self":[{"href":"https:\/\/fundaciohospitalariesmartorell.org\/entre-tots\/wp-json\/wp\/v2\/posts\/12655","targetHints":{"allow":["GET"]}}],"collection":[{"href":"https:\/\/fundaciohospitalariesmartorell.org\/entre-tots\/wp-json\/wp\/v2\/posts"}],"about":[{"href":"https:\/\/fundaciohospitalariesmartorell.org\/entre-tots\/wp-json\/wp\/v2\/types\/post"}],"author":[{"embeddable":true,"href":"https:\/\/fundaciohospitalariesmartorell.org\/entre-tots\/wp-json\/wp\/v2\/users\/6"}],"replies":[{"embeddable":true,"href":"https:\/\/fundaciohospitalariesmartorell.org\/entre-tots\/wp-json\/wp\/v2\/comments?post=12655"}],"version-history":[{"count":6,"href":"https:\/\/fundaciohospitalariesmartorell.org\/entre-tots\/wp-json\/wp\/v2\/posts\/12655\/revisions"}],"predecessor-version":[{"id":12675,"href":"https:\/\/fundaciohospitalariesmartorell.org\/entre-tots\/wp-json\/wp\/v2\/posts\/12655\/revisions\/12675"}],"wp:featuredmedia":[{"embeddable":true,"href":"https:\/\/fundaciohospitalariesmartorell.org\/entre-tots\/wp-json\/wp\/v2\/media\/12671"}],"wp:attachment":[{"href":"https:\/\/fundaciohospitalariesmartorell.org\/entre-tots\/wp-json\/wp\/v2\/media?parent=12655"}],"wp:term":[{"taxonomy":"category","embeddable":true,"href":"https:\/\/fundaciohospitalariesmartorell.org\/entre-tots\/wp-json\/wp\/v2\/categories?post=12655"},{"taxonomy":"post_tag","embeddable":true,"href":"https:\/\/fundaciohospitalariesmartorell.org\/entre-tots\/wp-json\/wp\/v2\/tags?post=12655"}],"curies":[{"name":"wp","href":"https:\/\/api.w.org\/{rel}","templated":true}]}}