{"id":12662,"date":"2026-02-20T09:18:21","date_gmt":"2026-02-20T08:18:21","guid":{"rendered":"https:\/\/fundaciohospitalariesmartorell.org\/entre-tots\/?p=12662"},"modified":"2026-02-20T09:18:21","modified_gmt":"2026-02-20T08:18:21","slug":"el-966-del-personal-collaborador-diu-que-esta-satisfet-de-treballar-a-la-fundacio-hospitalaries-martorell","status":"publish","type":"post","link":"https:\/\/fundaciohospitalariesmartorell.org\/entre-tots\/2026\/02\/el-966-del-personal-collaborador-diu-que-esta-satisfet-de-treballar-a-la-fundacio-hospitalaries-martorell\/","title":{"rendered":"El 96,6% del personal col\u00b7laborador diu que est\u00e0 satisfet de treballar a la Fundaci\u00f3 Hospital\u00e0ries Martorell"},"content":{"rendered":"\n<div class=\"wp-block-media-text is-stacked-on-mobile\" style=\"grid-template-columns:58% auto\"><figure class=\"wp-block-media-text__media\"><img loading=\"lazy\" decoding=\"async\" width=\"819\" height=\"1024\" src=\"https:\/\/fundaciohospitalariesmartorell.org\/entre-tots\/wp-content\/uploads\/2026\/02\/2026-Posts-Instagram-819x1024.png\" alt=\"\" class=\"wp-image-12663 size-full\" srcset=\"https:\/\/fundaciohospitalariesmartorell.org\/entre-tots\/wp-content\/uploads\/2026\/02\/2026-Posts-Instagram-819x1024.png 819w, https:\/\/fundaciohospitalariesmartorell.org\/entre-tots\/wp-content\/uploads\/2026\/02\/2026-Posts-Instagram-240x300.png 240w, https:\/\/fundaciohospitalariesmartorell.org\/entre-tots\/wp-content\/uploads\/2026\/02\/2026-Posts-Instagram-768x960.png 768w, https:\/\/fundaciohospitalariesmartorell.org\/entre-tots\/wp-content\/uploads\/2026\/02\/2026-Posts-Instagram.png 1080w\" sizes=\"auto, (max-width: 819px) 100vw, 819px\" \/><\/figure><div class=\"wp-block-media-text__content\">\n<p>La Fundaci\u00f3 Hospital\u00e0ries Martorell ha obtingut uns resultats excel\u00b7lents en l\u2019\u00faltima enquesta de\u00a0clima\u00a0laboral, consolidant una tend\u00e8ncia clara de millora tant en participaci\u00f3 com en satisfacci\u00f3 global del personal col\u00b7laborador.<\/p>\n<\/div><\/div>\n\n\n\n<p>En total hi han participat 382 persones sobre un total de 662 col\u00b7laboradors\/es del centre, fet que representa una taxa de resposta del 57,7%. Aquesta xifra se situa clarament per sobre de la mitjana nacional, que \u00e9s del 45,8%, i\u00a0tamb\u00e9 supera el 55% de participaci\u00f3 registrada al nostre centre el 2023. A escala estatal, l\u2019enquesta ha comptat amb 9.175 col\u00b7laboradors i una mostra de 4.198 respostes.<\/p>\n\n\n\n<p>Pel que fa a la satisfacci\u00f3 global, el 96,6% dels i les participants va respondre estar \u201ctotalment d\u2019acord\u201d o \u201cd\u2019acord\u201d amb l\u2019afirmaci\u00f3&nbsp;<em>\u201cValorant tot l\u2019anterior, em sento satisfet de treballar en aquest centre\u201d<\/em>. Aquest percentatge suposa una millora notable respecte a l\u2019any 2023, quan la satisfacci\u00f3 global se situava en el 91,0%, i supera \u00e0mpliament el resultat nacional, que \u00e9s del 89,6%.<\/p>\n\n\n\n<p>Entre els \u00e0mbits m\u00e9s ben valorats per la nostra plantilla, destaquen la satisfacci\u00f3 general i la recomanaci\u00f3 del centre, amb un 95,4%, aix\u00ed com les pol\u00edtiques d\u2019igualtat i diversitat, que assoleixen un 95%. Tamb\u00e9 destaca el comprom\u00eds i la imatge institucional, amb una valoraci\u00f3 del 92%, indicadors que reforcen la percepci\u00f3 positiva del projecte organitzatiu i dels valors del centre.<\/p>\n\n\n\n<p>La directora de l&#8217;\u00c0rea de Persones, Hort\u00e8nsia P\u00e9rez,<em>\u00a0<\/em>valora\u00a0molt positivament els resultats obtinguts. &#8220;La taxa de participaci\u00f3 evidencia el creixent inter\u00e8s i implicaci\u00f3 de la plantilla en els processos d\u2019escolta i millora cont\u00ednua impulsats per l\u2019organitzaci\u00f3&#8221;, assegura.  <\/p>\n\n\n\n<p>El\u00a0 comprom\u00eds de la Direcci\u00f3 \u00e9s ara &#8220;analitzar els resultats amb detall, consolidar els punts forts identificats i impulsar accions de millora en aquells \u00e0mbits que permetin continuar avan\u00e7ant cap a un entorn de treball cada vegada m\u00e9s participatiu, inclusiu i alineat amb les necessitats de les persones&#8221;. <\/p>\n\n\n\n<blockquote class=\"wp-block-quote is-layout-flow wp-block-quote-is-layout-flow\">\n<p>P\u00e9rez, en nom del Consell de Direcci\u00f3, vol expressar &#8220;un agra\u00efment sincer a tota la plantilla per l\u2019elevada participaci\u00f3 i per la confian\u00e7a dipositada en el proc\u00e9s. La veu de les persones \u00e9s essencial per construir un entorn de treball de qualitat, i aquests resultats s\u00f3n un reflex directe del comprom\u00eds col\u00b7lectiu amb el projecte i els valors del centre&#8221;.<\/p>\n<\/blockquote>\n\n\n\n<h2 class=\"wp-block-heading\"><strong>Resultats estatals de l\u2019Enquesta de Clima i Comprom\u00eds 2025<\/strong><\/h2>\n\n\n\n<p>En l\u2019\u00e0mbit estatal, que inclou tamb\u00e9 la participaci\u00f3 de Martorell, els resultats de l\u2019Enquesta de Clima i Comprom\u00eds 2025 reflecteixen una evoluci\u00f3 molt positiva i un comprom\u00eds creixent de la plantilla. <\/p>\n\n\n\n<p>Enguany destaquen aven\u00e7os molt positius en sis \u00e0rees clau: comunicaci\u00f3 interna, condicions de treball, organitzaci\u00f3 i planificaci\u00f3, formaci\u00f3 i desenvolupament, estil de direcci\u00f3, i motivaci\u00f3 i reconeixement.<\/p>\n\n\n\n<p><strong>Formaci\u00f3 i desenvolupament<\/strong><br>La valoraci\u00f3 de l\u2019oferta formativa \u00e9s una de les que m\u00e9s augmenta (+19,6 pp) i, a m\u00e9s, es considera m\u00e9s ajustada a les necessitats reals del lloc de treball (+18,0 pp).<\/p>\n\n\n\n<p><strong>Comunicaci\u00f3 interna<\/strong><br>La comunicaci\u00f3 entre la Direcci\u00f3 i les diferents unitats\/departaments \u00e9s un dels grans salts (+18,2 pp). Tamb\u00e9 millora la comunicaci\u00f3 entre unitats (+13,8 pp).<\/p>\n\n\n\n<p><strong>Condicions de treball<\/strong><br>En relaci\u00f3 amb les condicions laborals, millora la qualificaci\u00f3 dels recursos i mitjans disponibles per desenvolupar la nostra tasca (+12,6 pp), aix\u00ed com els mitjans per garantir la seguretat i la salut laboral (+12,1 pp).<\/p>\n\n\n\n<p><strong>Organitzaci\u00f3 i planificaci\u00f3<\/strong><br>Pel que fa a la manera d\u2019organitzar la feina, ha millorat la valoraci\u00f3 del temps planificat per al treball (+17,8 pp). Tamb\u00e9 es percep m\u00e9s claredat en les funcions i responsabilitats (+9,9 pp).<\/p>\n\n\n\n<p><strong>Estil de direcci\u00f3<\/strong><br>El personal valora m\u00e9s positivament la comunicaci\u00f3 dels assoliments amb els equips (+11,2 pp), aix\u00ed com l\u2019organitzaci\u00f3 i comunicaci\u00f3 de tasques (+10,9 pp).<\/p>\n\n\n\n<p><strong>Motivaci\u00f3 i reconeixement<\/strong><br>Finalment, tamb\u00e9 augmenta la percepci\u00f3 que la feina i la participaci\u00f3 individual s\u00f3n valorades (+5,5 pp).<\/p>\n\n\n\n<p>L\u2019Enquesta de Clima i Comprom\u00eds tamb\u00e9 ajuda a detectar all\u00f2 que encara cal refor\u00e7ar. Entre les peticions de la plantilla destaquen:<\/p>\n\n\n\n<ul class=\"wp-block-list\">\n<li>Continuar difonent i posant en valor la nostra Missi\u00f3, Visi\u00f3 i Valors.<\/li>\n\n\n\n<li>Millorar la nostra capacitat competitiva, especialment davant l\u2019escassetat de professionals al sector.<\/li>\n\n\n\n<li>Ampliar les opcions de desenvolupament professional i formaci\u00f3.<\/li>\n<\/ul>\n","protected":false},"excerpt":{"rendered":"<p>La Fundaci\u00f3 Hospital\u00e0ries Martorell ha obtingut uns resultats excel\u00b7lents en l\u2019\u00faltima enquesta de\u00a0clima\u00a0laboral, consolidant una tend\u00e8ncia clara de millora tant en participaci\u00f3 com en satisfacci\u00f3 global del personal col\u00b7laborador. En total hi han participat 382 persones sobre un total de 662 col\u00b7laboradors\/es del centre, fet que representa una taxa de resposta del 57,7%. Aquesta xifra [&hellip;]<\/p>\n","protected":false},"author":5,"featured_media":12664,"comment_status":"closed","ping_status":"","sticky":false,"template":"","format":"standard","meta":{"footnotes":""},"categories":[27,56,58],"tags":[],"class_list":["post-12662","post","type-post","status-publish","format-standard","has-post-thumbnail","hentry","category-actualitat","category-bon-govern","category-collaboradors-es"],"blocksy_meta":[],"featured_image_urls_v2":{"full":["https:\/\/fundaciohospitalariesmartorell.org\/entre-tots\/wp-content\/uploads\/2026\/02\/image-10.png",1672,1168,false],"thumbnail":["https:\/\/fundaciohospitalariesmartorell.org\/entre-tots\/wp-content\/uploads\/2026\/02\/image-10-150x150.png",150,150,true],"medium":["https:\/\/fundaciohospitalariesmartorell.org\/entre-tots\/wp-content\/uploads\/2026\/02\/image-10-300x210.png",300,210,true],"medium_large":["https:\/\/fundaciohospitalariesmartorell.org\/entre-tots\/wp-content\/uploads\/2026\/02\/image-10-768x536.png",768,536,true],"large":["https:\/\/fundaciohospitalariesmartorell.org\/entre-tots\/wp-content\/uploads\/2026\/02\/image-10-1024x715.png",1024,715,true],"1536x1536":["https:\/\/fundaciohospitalariesmartorell.org\/entre-tots\/wp-content\/uploads\/2026\/02\/image-10-1536x1073.png",1536,1073,true],"2048x2048":["https:\/\/fundaciohospitalariesmartorell.org\/entre-tots\/wp-content\/uploads\/2026\/02\/image-10.png",1672,1168,false],"mailpoet_newsletter_max":["https:\/\/fundaciohospitalariesmartorell.org\/entre-tots\/wp-content\/uploads\/2026\/02\/image-10-1320x922.png",1320,922,true]},"post_excerpt_stackable_v2":"<p>La Fundaci\u00f3 Hospital\u00e0ries Martorell ha obtingut uns resultats excel\u00b7lents en l\u2019\u00faltima enquesta de\u00a0clima\u00a0laboral, consolidant una tend\u00e8ncia clara de millora tant en participaci\u00f3 com en satisfacci\u00f3 global del personal col\u00b7laborador. En total hi han participat 382 persones sobre un total de 662 col\u00b7laboradors\/es del centre, fet que representa una taxa de resposta del 57,7%. Aquesta xifra se situa clarament per sobre de la mitjana nacional, que \u00e9s del 45,8%, i\u00a0tamb\u00e9 supera el 55% de participaci\u00f3 registrada al nostre centre el 2023. A escala estatal, l\u2019enquesta ha comptat amb 9.175 col\u00b7laboradors i una mostra de 4.198 respostes. Pel que fa a la&hellip;<\/p>\n","category_list_v2":"<a href=\"https:\/\/fundaciohospitalariesmartorell.org\/entre-tots\/category\/actualitat\/\" rel=\"category tag\">ACTUALITAT<\/a>, <a href=\"https:\/\/fundaciohospitalariesmartorell.org\/entre-tots\/category\/actualitat\/bon-govern\/\" rel=\"category tag\">BON GOVERN<\/a>, <a href=\"https:\/\/fundaciohospitalariesmartorell.org\/entre-tots\/category\/actualitat\/col%c2%b7laboradors-es\/\" rel=\"category tag\">COL\u00b7LABORADORS\/ES<\/a>","author_info_v2":{"name":"Alba Felip","url":"https:\/\/fundaciohospitalariesmartorell.org\/entre-tots\/author\/afelipr\/"},"comments_num_v2":"0 comments","_links":{"self":[{"href":"https:\/\/fundaciohospitalariesmartorell.org\/entre-tots\/wp-json\/wp\/v2\/posts\/12662","targetHints":{"allow":["GET"]}}],"collection":[{"href":"https:\/\/fundaciohospitalariesmartorell.org\/entre-tots\/wp-json\/wp\/v2\/posts"}],"about":[{"href":"https:\/\/fundaciohospitalariesmartorell.org\/entre-tots\/wp-json\/wp\/v2\/types\/post"}],"author":[{"embeddable":true,"href":"https:\/\/fundaciohospitalariesmartorell.org\/entre-tots\/wp-json\/wp\/v2\/users\/5"}],"replies":[{"embeddable":true,"href":"https:\/\/fundaciohospitalariesmartorell.org\/entre-tots\/wp-json\/wp\/v2\/comments?post=12662"}],"version-history":[{"count":1,"href":"https:\/\/fundaciohospitalariesmartorell.org\/entre-tots\/wp-json\/wp\/v2\/posts\/12662\/revisions"}],"predecessor-version":[{"id":12665,"href":"https:\/\/fundaciohospitalariesmartorell.org\/entre-tots\/wp-json\/wp\/v2\/posts\/12662\/revisions\/12665"}],"wp:featuredmedia":[{"embeddable":true,"href":"https:\/\/fundaciohospitalariesmartorell.org\/entre-tots\/wp-json\/wp\/v2\/media\/12664"}],"wp:attachment":[{"href":"https:\/\/fundaciohospitalariesmartorell.org\/entre-tots\/wp-json\/wp\/v2\/media?parent=12662"}],"wp:term":[{"taxonomy":"category","embeddable":true,"href":"https:\/\/fundaciohospitalariesmartorell.org\/entre-tots\/wp-json\/wp\/v2\/categories?post=12662"},{"taxonomy":"post_tag","embeddable":true,"href":"https:\/\/fundaciohospitalariesmartorell.org\/entre-tots\/wp-json\/wp\/v2\/tags?post=12662"}],"curies":[{"name":"wp","href":"https:\/\/api.w.org\/{rel}","templated":true}]}}