{"id":12682,"date":"2026-02-24T10:11:40","date_gmt":"2026-02-24T09:11:40","guid":{"rendered":"https:\/\/fundaciohospitalariesmartorell.org\/entre-tots\/?p=12682"},"modified":"2026-02-26T11:40:16","modified_gmt":"2026-02-26T10:40:16","slug":"fa-15-anys-siniciava-lactivitat-de-fidmag","status":"publish","type":"post","link":"https:\/\/fundaciohospitalariesmartorell.org\/entre-tots\/2026\/02\/fa-15-anys-siniciava-lactivitat-de-fidmag\/","title":{"rendered":"Fa 15 anys s&#8217;iniciava l&#8217;activitat de FIDMAG"},"content":{"rendered":"\n<figure class=\"wp-block-image size-full\"><img loading=\"lazy\" decoding=\"async\" width=\"959\" height=\"632\" src=\"https:\/\/fundaciohospitalariesmartorell.org\/entre-tots\/wp-content\/uploads\/2026\/02\/image-16.png\" alt=\"\" class=\"wp-image-12701\" srcset=\"https:\/\/fundaciohospitalariesmartorell.org\/entre-tots\/wp-content\/uploads\/2026\/02\/image-16.png 959w, https:\/\/fundaciohospitalariesmartorell.org\/entre-tots\/wp-content\/uploads\/2026\/02\/image-16-300x198.png 300w, https:\/\/fundaciohospitalariesmartorell.org\/entre-tots\/wp-content\/uploads\/2026\/02\/image-16-768x506.png 768w\" sizes=\"auto, (max-width: 959px) 100vw, 959px\" \/><\/figure>\n\n\n\n<p>Ara fa quinze anys, <em>L\u2019Entre Tots<\/em> es feia ress\u00f2 d\u2019una not\u00edcia decisiva per al futur de la recerca a les Germanes Hospital\u00e0ries: l\u2019inici de l\u2019activitat de la <a href=\"https:\/\/fidmag.org\/es\/\">Fundaci\u00f3 per a la Investigaci\u00f3 i la Doc\u00e8ncia Maria Angusties Gim\u00e9nez<\/a> (FIDMAG).<\/p>\n\n\n\n<p>El gener de 2011, la nova fundaci\u00f3 comen\u00e7ava oficialment el seu cam\u00ed amb la missi\u00f3 de promoure i impulsar la recerca a tots els centres de la Prov\u00edncia Can\u00f2nica de Barcelona (Catalunya i Saragossa). Aquesta iniciativa s\u2019emmarcava en una clara aposta institucional per enfortir la dimensi\u00f3 cient\u00edfica i docent dins del model assistencial propi.<\/p>\n\n\n\n<p>La creaci\u00f3 de la FIDMAG donava resposta als objectius estrat\u00e8gics aprovats en el XIX Cap\u00edtol General, especialment al punt 11, que instava a \u201cpotenciar i integrar la doc\u00e8ncia i la recerca com a part del model assistencial\u201d. Amb aquest pas, la Prov\u00edncia reafirmava la voluntat d\u2019incorporar de manera estructural la investigaci\u00f3 i la formaci\u00f3 com a eixos clau del seu desenvolupament sanitari.<\/p>\n\n\n\n<p>Tot i que l\u2019activitat es va posar en marxa el 2011, la Fundaci\u00f3 s\u2019havia constitu\u00eft formalment l\u2019any 2010 i s\u2019havia dotat d\u2019un patronat integrat per tretze membres, presidit per la germana superiora provincial d&#8217;aquell moment, Sor Isabel Bl\u00e1zquez. El mateix patronat va nomenar com a directora gerent la Dra. Edith Pomarol-Clotet, a qui es va confiar el lideratge i el desplegament d\u2019aquest nou projecte institucional.<\/p>\n","protected":false},"excerpt":{"rendered":"<p>Ara fa quinze anys, L\u2019Entre Tots es feia ress\u00f2 d\u2019una not\u00edcia decisiva per al futur de la recerca a les Germanes Hospital\u00e0ries: l\u2019inici de l\u2019activitat de la Fundaci\u00f3 per a la Investigaci\u00f3 i la Doc\u00e8ncia Maria Angusties Gim\u00e9nez (FIDMAG). El gener de 2011, la nova fundaci\u00f3 comen\u00e7ava oficialment el seu cam\u00ed amb la missi\u00f3 de [&hellip;]<\/p>\n","protected":false},"author":6,"featured_media":12701,"comment_status":"closed","ping_status":"closed","sticky":false,"template":"","format":"standard","meta":{"footnotes":""},"categories":[29],"tags":[],"class_list":["post-12682","post","type-post","status-publish","format-standard","has-post-thumbnail","hentry","category-entre-records"],"blocksy_meta":[],"featured_image_urls_v2":{"full":["https:\/\/fundaciohospitalariesmartorell.org\/entre-tots\/wp-content\/uploads\/2026\/02\/image-16.png",959,632,false],"thumbnail":["https:\/\/fundaciohospitalariesmartorell.org\/entre-tots\/wp-content\/uploads\/2026\/02\/image-16-150x150.png",150,150,true],"medium":["https:\/\/fundaciohospitalariesmartorell.org\/entre-tots\/wp-content\/uploads\/2026\/02\/image-16-300x198.png",300,198,true],"medium_large":["https:\/\/fundaciohospitalariesmartorell.org\/entre-tots\/wp-content\/uploads\/2026\/02\/image-16-768x506.png",768,506,true],"large":["https:\/\/fundaciohospitalariesmartorell.org\/entre-tots\/wp-content\/uploads\/2026\/02\/image-16.png",959,632,false],"1536x1536":["https:\/\/fundaciohospitalariesmartorell.org\/entre-tots\/wp-content\/uploads\/2026\/02\/image-16.png",959,632,false],"2048x2048":["https:\/\/fundaciohospitalariesmartorell.org\/entre-tots\/wp-content\/uploads\/2026\/02\/image-16.png",959,632,false],"mailpoet_newsletter_max":["https:\/\/fundaciohospitalariesmartorell.org\/entre-tots\/wp-content\/uploads\/2026\/02\/image-16.png",959,632,false]},"post_excerpt_stackable_v2":"<p>Ara fa quinze anys, L\u2019Entre Tots es feia ress\u00f2 d\u2019una not\u00edcia decisiva per al futur de la recerca a les Germanes Hospital\u00e0ries: l\u2019inici de l\u2019activitat de la Fundaci\u00f3 per a la Investigaci\u00f3 i la Doc\u00e8ncia Maria Angusties Gim\u00e9nez (FIDMAG). El gener de 2011, la nova fundaci\u00f3 comen\u00e7ava oficialment el seu cam\u00ed amb la missi\u00f3 de promoure i impulsar la recerca a tots els centres de la Prov\u00edncia Can\u00f2nica de Barcelona (Catalunya i Saragossa). Aquesta iniciativa s\u2019emmarcava en una clara aposta institucional per enfortir la dimensi\u00f3 cient\u00edfica i docent dins del model assistencial propi. La creaci\u00f3 de la FIDMAG donava resposta&hellip;<\/p>\n","category_list_v2":"<a href=\"https:\/\/fundaciohospitalariesmartorell.org\/entre-tots\/category\/entre-records\/\" rel=\"category tag\">ENTRE RECORDS<\/a>","author_info_v2":{"name":"Martorell_comunicacio","url":"https:\/\/fundaciohospitalariesmartorell.org\/entre-tots\/author\/martorell_comunicacio\/"},"comments_num_v2":"0 comments","_links":{"self":[{"href":"https:\/\/fundaciohospitalariesmartorell.org\/entre-tots\/wp-json\/wp\/v2\/posts\/12682","targetHints":{"allow":["GET"]}}],"collection":[{"href":"https:\/\/fundaciohospitalariesmartorell.org\/entre-tots\/wp-json\/wp\/v2\/posts"}],"about":[{"href":"https:\/\/fundaciohospitalariesmartorell.org\/entre-tots\/wp-json\/wp\/v2\/types\/post"}],"author":[{"embeddable":true,"href":"https:\/\/fundaciohospitalariesmartorell.org\/entre-tots\/wp-json\/wp\/v2\/users\/6"}],"replies":[{"embeddable":true,"href":"https:\/\/fundaciohospitalariesmartorell.org\/entre-tots\/wp-json\/wp\/v2\/comments?post=12682"}],"version-history":[{"count":2,"href":"https:\/\/fundaciohospitalariesmartorell.org\/entre-tots\/wp-json\/wp\/v2\/posts\/12682\/revisions"}],"predecessor-version":[{"id":12703,"href":"https:\/\/fundaciohospitalariesmartorell.org\/entre-tots\/wp-json\/wp\/v2\/posts\/12682\/revisions\/12703"}],"wp:featuredmedia":[{"embeddable":true,"href":"https:\/\/fundaciohospitalariesmartorell.org\/entre-tots\/wp-json\/wp\/v2\/media\/12701"}],"wp:attachment":[{"href":"https:\/\/fundaciohospitalariesmartorell.org\/entre-tots\/wp-json\/wp\/v2\/media?parent=12682"}],"wp:term":[{"taxonomy":"category","embeddable":true,"href":"https:\/\/fundaciohospitalariesmartorell.org\/entre-tots\/wp-json\/wp\/v2\/categories?post=12682"},{"taxonomy":"post_tag","embeddable":true,"href":"https:\/\/fundaciohospitalariesmartorell.org\/entre-tots\/wp-json\/wp\/v2\/tags?post=12682"}],"curies":[{"name":"wp","href":"https:\/\/api.w.org\/{rel}","templated":true}]}}