{"id":12684,"date":"2026-02-24T09:08:03","date_gmt":"2026-02-24T08:08:03","guid":{"rendered":"https:\/\/fundaciohospitalariesmartorell.org\/entre-tots\/?p=12684"},"modified":"2026-02-24T09:25:11","modified_gmt":"2026-02-24T08:25:11","slug":"sant-joan-de-deu-i-fundacio-hospitalaries-presenten-el-projecte-dimplementacio-del-model-qualityrights-al-ministerio-de-sanidad","status":"publish","type":"post","link":"https:\/\/fundaciohospitalariesmartorell.org\/entre-tots\/2026\/02\/sant-joan-de-deu-i-fundacio-hospitalaries-presenten-el-projecte-dimplementacio-del-model-qualityrights-al-ministerio-de-sanidad\/","title":{"rendered":"Sant Joan de D\u00e9u i Fundaci\u00f3 Hospital\u00e0ries presenten el projecte d\u2019implementaci\u00f3 del model QualityRights al Ministerio de Sanidad"},"content":{"rendered":"\n<figure class=\"wp-block-image size-full\"><img decoding=\"async\" src=\"https:\/\/fundaciohospitalariesmartorell.org\/entre-tots\/wp-content\/uploads\/2026\/02\/image-12.png\" alt=\"\" class=\"wp-image-12686\"\/><\/figure>\n\n\n\n<p>Sant Joan de D\u00e9u Espanya i Fundaci\u00f3 Hospital\u00e0ries han presentat al Ministeri de Sanitat el <em>Projecte d\u2019Implementaci\u00f3 del Model QualityRights als Centres de Salut Mental i Addiccions i d\u2019Atenci\u00f3 a la Diversitat Funcional<\/em>, en el marc del comprom\u00eds d\u2019ambdues institucions amb el Pla d\u2019Acci\u00f3 de Salut Mental del Sistema Nacional de Salut, basat en els drets humans, la recuperaci\u00f3 i la inclusi\u00f3 social.<\/p>\n\n\n\n<p>La delegaci\u00f3 va ser rebuda per la Comissionada de Salut Mental del Ministeri de Sanitat, Bel\u00e9n Gonz\u00e1lez, davant de qui es van exposar els objectius, les fases i els primers resultats del desplegament del model impulsat per l\u2019Organitzaci\u00f3 Mundial de la Salut (OMS).<\/p>\n\n\n\n<h4 class=\"wp-block-heading\">Un projecte alineat amb les pol\u00edtiques p\u00fabliques<\/h4>\n\n\n\n<p>Ambdues institucions treballen conjuntament en el projecte d\u2019implementaci\u00f3 del model QualityRights de l\u2019Organitzaci\u00f3 Mundial de la Salut, amb l\u2019objectiu de refor\u00e7ar l\u2019atenci\u00f3 basada en els drets humans als centres de salut mental, addiccions i atenci\u00f3 a la diversitat funcional.<\/p>\n\n\n\n<blockquote class=\"wp-block-quote is-layout-flow wp-block-quote-is-layout-flow\">\n<p>El projecte, que es desenvolupar\u00e0 entre 2024 i 2027 en alian\u00e7a amb el Departament de Salut de la Generalitat de Catalunya, busca transformar progressivament els serveis cap a un model centrat en la recuperaci\u00f3, l\u2019apoderament i la plena garantia dels drets de les persones ateses.<\/p>\n<\/blockquote>\n\n\n\n<p>La iniciativa s\u2019emmarca en la Convenci\u00f3 sobre els Drets de les Persones amb Discapacitat de l\u2019ONU i est\u00e0 alineada amb el Pacte Nacional per la Salut Mental i el Pla Director de Salut Mental i Addiccions, que promouen una atenci\u00f3 comunit\u00e0ria, inclusiva i respectuosa amb la dignitat de les persones.<\/p>\n\n\n\n<p>Ambdues institucions consoliden aix\u00ed el seu comprom\u00eds amb les pol\u00edtiques p\u00fabliques i amb una atenci\u00f3 basada en drets.<\/p>\n\n\n\n<h4 class=\"wp-block-heading\">Representaci\u00f3 institucional<\/h4>\n\n\n\n<p>En representaci\u00f3 de Sant Joan de D\u00e9u hi van assistir la coordinadora de l\u2019\u00e0mbit de Salut Mental Provincial, Cristina Molina, i el director de l\u2019\u00c0rea de Salut Mental del Parc Sanitari Sant Joan de D\u00e9u, Antoni Serrano.<\/p>\n\n\n\n<p>Per part de Fundaci\u00f3 Hospital\u00e0ries hi van participar el director corporatiu Assistencial i Educatiu, Francisco del Olmo, i la directora de Desenvolupament Estrat\u00e8gic Assistencial i directora de l\u2019\u00c0rea de Salut Mental de Fundaci\u00f3 Hospital\u00e0ries Sant Boi, Meritxell Centeno.<\/p>\n\n\n\n<p>Tamb\u00e9 hi va ser present la coordinadora del projecte QualityRights per ambdues institucions, Magda Casamitjana.<\/p>\n\n\n\n<h4 class=\"wp-block-heading\">Resultats positius i reptes identificats<\/h4>\n\n\n\n<p>El projecte s\u2019articula en quatre fases: diagnosi, formaci\u00f3 i sensibilitzaci\u00f3, implementaci\u00f3 i avaluaci\u00f3. Actualment s\u2019est\u00e0 desenvolupant la fase diagn\u00f2stica mitjan\u00e7ant l\u2019aplicaci\u00f3 del QualityRights Tool Kit de l\u2019Organitzaci\u00f3 Mundial de la Salut en diferents unitats assistencials.<\/p>\n\n\n\n<p>Els resultats preliminars mostren puntuacions superiors al 87,5% en tots els \u00e0mbits avaluats, fet que reflecteix una base s\u00f2lida de qualitat assistencial, tot i que s\u2019han identificat \u00e0rees clau de millora que apunten als reptes m\u00e9s immediats:<\/p>\n\n\n\n<ul class=\"wp-block-list\">\n<li>Reducci\u00f3 de pr\u00e0ctiques coercitives (contencions i ingressos involuntaris).<\/li>\n\n\n\n<li>Impuls d\u2019alternatives a l\u2019a\u00efllament.<\/li>\n\n\n\n<li>Refor\u00e7 de la participaci\u00f3 i la capacitat jur\u00eddica de les persones ateses.<\/li>\n\n\n\n<li>Aven\u00e7os en processos de desinstitucionalitzaci\u00f3.<\/li>\n\n\n\n<li>M\u00e9s formaci\u00f3 pr\u00e0ctica dels equips professionals en l\u2019enfocament basat en drets.<\/li>\n<\/ul>\n\n\n\n<h4 class=\"wp-block-heading\">Formaci\u00f3 i sensibilitzaci\u00f3<\/h4>\n\n\n\n<p>Un dels eixos centrals del projecte \u00e9s la formaci\u00f3 i sensibilitzaci\u00f3 de professionals, voluntariat i persones amb experi\u00e8ncia pr\u00f2pia.<\/p>\n\n\n\n<p>Fins ara s\u2019han format professionals que al seu torn exerceixen com a formadors en QualityRights, i s\u2019est\u00e0 estenent la capacitaci\u00f3 en l\u00ednia de l\u2019OMS a tota la xarxa. A m\u00e9s, es promou activament la participaci\u00f3 de persones usu\u00e0ries i familiars en els processos d\u2019avaluaci\u00f3 i millora.<\/p>\n\n\n\n<p>La plataforma SOM Salud Mental 360\u00ba impulsada per Sant Joan de D\u00e9u ser\u00e0 tamb\u00e9 un canal clau per a la divulgaci\u00f3 i sensibilitzaci\u00f3 social en mat\u00e8ria de drets humans en salut mental.<\/p>\n\n\n\n<h4 class=\"wp-block-heading\">Un model exportable a tota Espanya<\/h4>\n\n\n\n<p>Les entitats han traslladat la seva voluntat d\u2019estendre progressivament aquesta experi\u00e8ncia al conjunt dels seus centres a Espanya i de col\u00b7laborar amb el Ministeri en una possible implementaci\u00f3 a escala estatal.<\/p>\n\n\n\n<p>El projecte aspira a expandir-se al conjunt de tot l\u2019Estat. Entre els propers passos es preveu:<\/p>\n\n\n\n<ul class=\"wp-block-list\">\n<li>Avaluar l\u2019impacte real del model en la qualitat assistencial.<\/li>\n\n\n\n<li>Millorar i adaptar cient\u00edficament les eines d\u2019avaluaci\u00f3.<\/li>\n\n\n\n<li>Desenvolupar materials espec\u00edfics per a la poblaci\u00f3 infantojuvenil.<\/li>\n\n\n\n<li>Estendre la formaci\u00f3 als \u00e0mbits social i judicial.<\/li>\n\n\n\n<li>Crear un observatori de bones pr\u00e0ctiques.<\/li>\n<\/ul>\n\n\n\n<blockquote class=\"wp-block-quote is-layout-flow wp-block-quote-is-layout-flow\">\n<p>Sant Joan de D\u00e9u i Fundaci\u00f3 Hospital\u00e0ries treballen amb l\u2019objectiu de contribuir a una transformaci\u00f3 estructural del model d\u2019atenci\u00f3 en salut mental cap a serveis m\u00e9s comunitaris, inclusius i plenament respectuosos amb els drets humans.<\/p>\n<\/blockquote>\n","protected":false},"excerpt":{"rendered":"<p>Sant Joan de D\u00e9u Espanya i Fundaci\u00f3 Hospital\u00e0ries han presentat al Ministeri de Sanitat el Projecte d\u2019Implementaci\u00f3 del Model QualityRights als Centres de Salut Mental i Addiccions i d\u2019Atenci\u00f3 a la Diversitat Funcional, en el marc del comprom\u00eds d\u2019ambdues institucions amb el Pla d\u2019Acci\u00f3 de Salut Mental del Sistema Nacional de Salut, basat en els [&hellip;]<\/p>\n","protected":false},"author":6,"featured_media":12685,"comment_status":"closed","ping_status":"closed","sticky":false,"template":"","format":"standard","meta":{"footnotes":""},"categories":[27],"tags":[],"class_list":["post-12684","post","type-post","status-publish","format-standard","has-post-thumbnail","hentry","category-actualitat"],"blocksy_meta":[],"featured_image_urls_v2":{"full":["https:\/\/fundaciohospitalariesmartorell.org\/entre-tots\/wp-content\/uploads\/2026\/02\/image-11.png",723,498,false],"thumbnail":["https:\/\/fundaciohospitalariesmartorell.org\/entre-tots\/wp-content\/uploads\/2026\/02\/image-11-150x150.png",150,150,true],"medium":["https:\/\/fundaciohospitalariesmartorell.org\/entre-tots\/wp-content\/uploads\/2026\/02\/image-11-300x207.png",300,207,true],"medium_large":["https:\/\/fundaciohospitalariesmartorell.org\/entre-tots\/wp-content\/uploads\/2026\/02\/image-11.png",723,498,false],"large":["https:\/\/fundaciohospitalariesmartorell.org\/entre-tots\/wp-content\/uploads\/2026\/02\/image-11.png",723,498,false],"1536x1536":["https:\/\/fundaciohospitalariesmartorell.org\/entre-tots\/wp-content\/uploads\/2026\/02\/image-11.png",723,498,false],"2048x2048":["https:\/\/fundaciohospitalariesmartorell.org\/entre-tots\/wp-content\/uploads\/2026\/02\/image-11.png",723,498,false],"mailpoet_newsletter_max":["https:\/\/fundaciohospitalariesmartorell.org\/entre-tots\/wp-content\/uploads\/2026\/02\/image-11.png",723,498,false]},"post_excerpt_stackable_v2":"<p>Sant Joan de D\u00e9u Espanya i Fundaci\u00f3 Hospital\u00e0ries han presentat al Ministeri de Sanitat el Projecte d\u2019Implementaci\u00f3 del Model QualityRights als Centres de Salut Mental i Addiccions i d\u2019Atenci\u00f3 a la Diversitat Funcional, en el marc del comprom\u00eds d\u2019ambdues institucions amb el Pla d\u2019Acci\u00f3 de Salut Mental del Sistema Nacional de Salut, basat en els drets humans, la recuperaci\u00f3 i la inclusi\u00f3 social. La delegaci\u00f3 va ser rebuda per la Comissionada de Salut Mental del Ministeri de Sanitat, Bel\u00e9n Gonz\u00e1lez, davant de qui es van exposar els objectius, les fases i els primers resultats del desplegament del model impulsat per&hellip;<\/p>\n","category_list_v2":"<a href=\"https:\/\/fundaciohospitalariesmartorell.org\/entre-tots\/category\/actualitat\/\" rel=\"category tag\">ACTUALITAT<\/a>","author_info_v2":{"name":"Martorell_comunicacio","url":"https:\/\/fundaciohospitalariesmartorell.org\/entre-tots\/author\/martorell_comunicacio\/"},"comments_num_v2":"0 comments","_links":{"self":[{"href":"https:\/\/fundaciohospitalariesmartorell.org\/entre-tots\/wp-json\/wp\/v2\/posts\/12684","targetHints":{"allow":["GET"]}}],"collection":[{"href":"https:\/\/fundaciohospitalariesmartorell.org\/entre-tots\/wp-json\/wp\/v2\/posts"}],"about":[{"href":"https:\/\/fundaciohospitalariesmartorell.org\/entre-tots\/wp-json\/wp\/v2\/types\/post"}],"author":[{"embeddable":true,"href":"https:\/\/fundaciohospitalariesmartorell.org\/entre-tots\/wp-json\/wp\/v2\/users\/6"}],"replies":[{"embeddable":true,"href":"https:\/\/fundaciohospitalariesmartorell.org\/entre-tots\/wp-json\/wp\/v2\/comments?post=12684"}],"version-history":[{"count":3,"href":"https:\/\/fundaciohospitalariesmartorell.org\/entre-tots\/wp-json\/wp\/v2\/posts\/12684\/revisions"}],"predecessor-version":[{"id":12689,"href":"https:\/\/fundaciohospitalariesmartorell.org\/entre-tots\/wp-json\/wp\/v2\/posts\/12684\/revisions\/12689"}],"wp:featuredmedia":[{"embeddable":true,"href":"https:\/\/fundaciohospitalariesmartorell.org\/entre-tots\/wp-json\/wp\/v2\/media\/12685"}],"wp:attachment":[{"href":"https:\/\/fundaciohospitalariesmartorell.org\/entre-tots\/wp-json\/wp\/v2\/media?parent=12684"}],"wp:term":[{"taxonomy":"category","embeddable":true,"href":"https:\/\/fundaciohospitalariesmartorell.org\/entre-tots\/wp-json\/wp\/v2\/categories?post=12684"},{"taxonomy":"post_tag","embeddable":true,"href":"https:\/\/fundaciohospitalariesmartorell.org\/entre-tots\/wp-json\/wp\/v2\/tags?post=12684"}],"curies":[{"name":"wp","href":"https:\/\/api.w.org\/{rel}","templated":true}]}}