{"id":12697,"date":"2026-02-26T11:39:02","date_gmt":"2026-02-26T10:39:02","guid":{"rendered":"https:\/\/fundaciohospitalariesmartorell.org\/entre-tots\/?p=12697"},"modified":"2026-02-26T11:40:00","modified_gmt":"2026-02-26T10:40:00","slug":"la-fundacio-hospitalaries-desplega-al-baix-llobregat-un-programa-assistencial-integral-del-tlp","status":"publish","type":"post","link":"https:\/\/fundaciohospitalariesmartorell.org\/entre-tots\/2026\/02\/la-fundacio-hospitalaries-desplega-al-baix-llobregat-un-programa-assistencial-integral-del-tlp\/","title":{"rendered":"La Fundaci\u00f3 Hospital\u00e0ries desplega al Baix Llobregat un programa assistencial integral del TLP"},"content":{"rendered":"\n<h3 class=\"wp-block-heading\"><span style=\"color: var(--theme-palette-color-1, #9f2b68);\" class=\"stk-highlight\">El programa, iniciat el darrer trimestre de 2025, ofereix un itinerari terap\u00e8utic especialitzat i interdisciplinari a les persones usu\u00e0ries del territori<\/span><\/h3>\n\n\n\n<figure class=\"wp-block-image size-full\"><img loading=\"lazy\" decoding=\"async\" width=\"1600\" height=\"1200\" src=\"https:\/\/fundaciohospitalariesmartorell.org\/entre-tots\/wp-content\/uploads\/2026\/02\/WhatsApp-Image-2026-02-25-at-13.43.30.jpeg\" alt=\"\" class=\"wp-image-12698\" srcset=\"https:\/\/fundaciohospitalariesmartorell.org\/entre-tots\/wp-content\/uploads\/2026\/02\/WhatsApp-Image-2026-02-25-at-13.43.30.jpeg 1600w, https:\/\/fundaciohospitalariesmartorell.org\/entre-tots\/wp-content\/uploads\/2026\/02\/WhatsApp-Image-2026-02-25-at-13.43.30-300x225.jpeg 300w, https:\/\/fundaciohospitalariesmartorell.org\/entre-tots\/wp-content\/uploads\/2026\/02\/WhatsApp-Image-2026-02-25-at-13.43.30-1024x768.jpeg 1024w, https:\/\/fundaciohospitalariesmartorell.org\/entre-tots\/wp-content\/uploads\/2026\/02\/WhatsApp-Image-2026-02-25-at-13.43.30-768x576.jpeg 768w, https:\/\/fundaciohospitalariesmartorell.org\/entre-tots\/wp-content\/uploads\/2026\/02\/WhatsApp-Image-2026-02-25-at-13.43.30-1536x1152.jpeg 1536w, https:\/\/fundaciohospitalariesmartorell.org\/entre-tots\/wp-content\/uploads\/2026\/02\/WhatsApp-Image-2026-02-25-at-13.43.30-1320x990.jpeg 1320w\" sizes=\"auto, (max-width: 1600px) 100vw, 1600px\" \/><\/figure>\n\n\n\n<p>La Fundaci\u00f3 Hospital\u00e0ries Martorell ha posat en funcionament al Baix Llobregat la segona fase del programa pilot adre\u00e7at a persones amb Trastorn L\u00edmit de la Personalitat (TLP). Aquesta iniciativa sorgeix per donar resposta a l\u2019increment de la prevalen\u00e7a d\u2019aquest diagn\u00f2stic i a la necessitat d&#8217;oferir una atenci\u00f3 cl\u00ednica espec\u00edfica des de la xarxa p\u00fablic de salut.<\/p>\n\n\n\n<p>El programa destaca per un model d\u2019atenci\u00f3 interdisciplin\u00e0ria i intensiva, que vincula diferents dispositius de salut mental, tant comunitaris com hospitalaris. L\u2019objectiu principal \u00e9s garantir un fil conductor en l\u2019itinerari de les persones ateses per afavorir-ne el pron\u00f2stic i l\u2019estabilitat cl\u00ednica.<\/p>\n\n\n\n<p>El desplegament del programa s\u2019organitza en grups tancats i consta de dues etapes:<\/p>\n\n\n\n<ul class=\"wp-block-list\">\n<li>Durant 12 setmanes, les persones usu\u00e0ries reben una intervenci\u00f3 integral a l\u2019Hospital de Dia d\u2019Adults de Martorell que inclou seguiment individualitzat per part de psicologia, psiquiatria, infermeria i treball social, a m\u00e9s de tres sessions grupals setmanals i un grup multifamiliar.<\/li>\n\n\n\n<li>Un cop finalitzat l\u2019ingr\u00e9s, el tractament continua durant un any als Centres de Salut Mental d\u2019Adults de refer\u00e8ncia (Martorell o Sant Feliu de Llobregat) mitjan\u00e7ant grups psicoterap\u00e8utics de car\u00e0cter quinzenal.<\/li>\n<\/ul>\n\n\n\n<p>El projecte implica una sin\u00e8rgia constant amb els recursos d\u2019hospitalitzaci\u00f3 de la Fundaci\u00f3 Hospital\u00e0ries Martorell. Una coordinaci\u00f3 que permet l\u2019elaboraci\u00f3 d\u2019un Pla Terap\u00e8utic Individualitzat articulat en funci\u00f3 de les necessitats de cada cas.<\/p>\n\n\n\n<p>L&#8217;acc\u00e9s al programa es realitza sota indicaci\u00f3 dels i les professionals referents, que valoren la idone\u00eftat de cada ingr\u00e9s basant-se en la cl\u00ednica, l&#8217;evoluci\u00f3 i el comprom\u00eds del pacient.<\/p>\n\n\n\n<p>Despr\u00e9s d&#8217;una primera etapa iniciada a finals del 2025, aquest mes de febrer de 2026 s&#8217;ha posat en marxa una segona edici\u00f3 amb un nou grup de persones. Els equips cl\u00ednics mantenen activa la coordinaci\u00f3 per gestionar la llista d&#8217;espera i donar continu\u00eftat a les properes edicions del programa en funci\u00f3 de la demanda detectada a la comarca.<\/p>\n","protected":false},"excerpt":{"rendered":"<p>El programa, iniciat el darrer trimestre de 2025, ofereix un itinerari terap\u00e8utic especialitzat i interdisciplinari a les persones usu\u00e0ries del territori La Fundaci\u00f3 Hospital\u00e0ries Martorell ha posat en funcionament al Baix Llobregat la segona fase del programa pilot adre\u00e7at a persones amb Trastorn L\u00edmit de la Personalitat (TLP). Aquesta iniciativa sorgeix per donar resposta a [&hellip;]<\/p>\n","protected":false},"author":6,"featured_media":12698,"comment_status":"closed","ping_status":"closed","sticky":false,"template":"","format":"standard","meta":{"footnotes":""},"categories":[27],"tags":[],"class_list":["post-12697","post","type-post","status-publish","format-standard","has-post-thumbnail","hentry","category-actualitat"],"blocksy_meta":[],"featured_image_urls_v2":{"full":["https:\/\/fundaciohospitalariesmartorell.org\/entre-tots\/wp-content\/uploads\/2026\/02\/WhatsApp-Image-2026-02-25-at-13.43.30.jpeg",1600,1200,false],"thumbnail":["https:\/\/fundaciohospitalariesmartorell.org\/entre-tots\/wp-content\/uploads\/2026\/02\/WhatsApp-Image-2026-02-25-at-13.43.30-150x150.jpeg",150,150,true],"medium":["https:\/\/fundaciohospitalariesmartorell.org\/entre-tots\/wp-content\/uploads\/2026\/02\/WhatsApp-Image-2026-02-25-at-13.43.30-300x225.jpeg",300,225,true],"medium_large":["https:\/\/fundaciohospitalariesmartorell.org\/entre-tots\/wp-content\/uploads\/2026\/02\/WhatsApp-Image-2026-02-25-at-13.43.30-768x576.jpeg",768,576,true],"large":["https:\/\/fundaciohospitalariesmartorell.org\/entre-tots\/wp-content\/uploads\/2026\/02\/WhatsApp-Image-2026-02-25-at-13.43.30-1024x768.jpeg",1024,768,true],"1536x1536":["https:\/\/fundaciohospitalariesmartorell.org\/entre-tots\/wp-content\/uploads\/2026\/02\/WhatsApp-Image-2026-02-25-at-13.43.30-1536x1152.jpeg",1536,1152,true],"2048x2048":["https:\/\/fundaciohospitalariesmartorell.org\/entre-tots\/wp-content\/uploads\/2026\/02\/WhatsApp-Image-2026-02-25-at-13.43.30.jpeg",1600,1200,false],"mailpoet_newsletter_max":["https:\/\/fundaciohospitalariesmartorell.org\/entre-tots\/wp-content\/uploads\/2026\/02\/WhatsApp-Image-2026-02-25-at-13.43.30-1320x990.jpeg",1320,990,true]},"post_excerpt_stackable_v2":"<p>El programa, iniciat el darrer trimestre de 2025, ofereix un itinerari terap\u00e8utic especialitzat i interdisciplinari a les persones usu\u00e0ries del territori La Fundaci\u00f3 Hospital\u00e0ries Martorell ha posat en funcionament al Baix Llobregat la segona fase del programa pilot adre\u00e7at a persones amb Trastorn L\u00edmit de la Personalitat (TLP). Aquesta iniciativa sorgeix per donar resposta a l\u2019increment de la prevalen\u00e7a d\u2019aquest diagn\u00f2stic i a la necessitat d&#8217;oferir una atenci\u00f3 cl\u00ednica espec\u00edfica des de la xarxa p\u00fablic de salut. El programa destaca per un model d\u2019atenci\u00f3 interdisciplin\u00e0ria i intensiva, que vincula diferents dispositius de salut mental, tant comunitaris com hospitalaris. L\u2019objectiu principal&hellip;<\/p>\n","category_list_v2":"<a href=\"https:\/\/fundaciohospitalariesmartorell.org\/entre-tots\/category\/actualitat\/\" rel=\"category tag\">ACTUALITAT<\/a>","author_info_v2":{"name":"Martorell_comunicacio","url":"https:\/\/fundaciohospitalariesmartorell.org\/entre-tots\/author\/martorell_comunicacio\/"},"comments_num_v2":"0 comments","_links":{"self":[{"href":"https:\/\/fundaciohospitalariesmartorell.org\/entre-tots\/wp-json\/wp\/v2\/posts\/12697","targetHints":{"allow":["GET"]}}],"collection":[{"href":"https:\/\/fundaciohospitalariesmartorell.org\/entre-tots\/wp-json\/wp\/v2\/posts"}],"about":[{"href":"https:\/\/fundaciohospitalariesmartorell.org\/entre-tots\/wp-json\/wp\/v2\/types\/post"}],"author":[{"embeddable":true,"href":"https:\/\/fundaciohospitalariesmartorell.org\/entre-tots\/wp-json\/wp\/v2\/users\/6"}],"replies":[{"embeddable":true,"href":"https:\/\/fundaciohospitalariesmartorell.org\/entre-tots\/wp-json\/wp\/v2\/comments?post=12697"}],"version-history":[{"count":2,"href":"https:\/\/fundaciohospitalariesmartorell.org\/entre-tots\/wp-json\/wp\/v2\/posts\/12697\/revisions"}],"predecessor-version":[{"id":12702,"href":"https:\/\/fundaciohospitalariesmartorell.org\/entre-tots\/wp-json\/wp\/v2\/posts\/12697\/revisions\/12702"}],"wp:featuredmedia":[{"embeddable":true,"href":"https:\/\/fundaciohospitalariesmartorell.org\/entre-tots\/wp-json\/wp\/v2\/media\/12698"}],"wp:attachment":[{"href":"https:\/\/fundaciohospitalariesmartorell.org\/entre-tots\/wp-json\/wp\/v2\/media?parent=12697"}],"wp:term":[{"taxonomy":"category","embeddable":true,"href":"https:\/\/fundaciohospitalariesmartorell.org\/entre-tots\/wp-json\/wp\/v2\/categories?post=12697"},{"taxonomy":"post_tag","embeddable":true,"href":"https:\/\/fundaciohospitalariesmartorell.org\/entre-tots\/wp-json\/wp\/v2\/tags?post=12697"}],"curies":[{"name":"wp","href":"https:\/\/api.w.org\/{rel}","templated":true}]}}