{"id":12724,"date":"2026-03-04T12:04:45","date_gmt":"2026-03-04T11:04:45","guid":{"rendered":"https:\/\/fundaciohospitalariesmartorell.org\/entre-tots\/?p=12724"},"modified":"2026-03-05T16:00:52","modified_gmt":"2026-03-05T15:00:52","slug":"la-fundacio-hospitalaries-martorell-consolida-el-seu-creixement-amb-una-plantilla-majoritariament-femenina","status":"publish","type":"post","link":"https:\/\/fundaciohospitalariesmartorell.org\/entre-tots\/2026\/03\/la-fundacio-hospitalaries-martorell-consolida-el-seu-creixement-amb-una-plantilla-majoritariament-femenina\/","title":{"rendered":"La Fundaci\u00f3 Hospital\u00e0ries Martorell consolida el seu creixement amb una plantilla majorit\u00e0riament femenina"},"content":{"rendered":"\n<h3 class=\"wp-block-heading\"><span style=\"color: var(--theme-palette-color-1, #9f2b68);\" class=\"stk-highlight\">Amb un 75% de pres\u00e8ncia femenina, la instituci\u00f3 arriba a les 669 persones en plantilla i assoleix la paritat total en l&#8217;antiguitat mitjana de deu anys<\/span><\/h3>\n\n\n\n<figure class=\"wp-block-image size-full\"><img loading=\"lazy\" decoding=\"async\" width=\"852\" height=\"563\" src=\"https:\/\/fundaciohospitalariesmartorell.org\/entre-tots\/wp-content\/uploads\/2026\/03\/image-2.png\" alt=\"\" class=\"wp-image-12737\" srcset=\"https:\/\/fundaciohospitalariesmartorell.org\/entre-tots\/wp-content\/uploads\/2026\/03\/image-2.png 852w, https:\/\/fundaciohospitalariesmartorell.org\/entre-tots\/wp-content\/uploads\/2026\/03\/image-2-300x198.png 300w, https:\/\/fundaciohospitalariesmartorell.org\/entre-tots\/wp-content\/uploads\/2026\/03\/image-2-768x507.png 768w\" sizes=\"auto, (max-width: 852px) 100vw, 852px\" \/><\/figure>\n\n\n\n<p>Amb motiu del 8 de mar\u00e7, Dia Internacional de la Dona, la Fundaci\u00f3 Hospital\u00e0ries Martorell presenta les dades clau sobre l&#8217;evoluci\u00f3 i la composici\u00f3 del seu equip hum\u00e0 durant el per\u00edode 2021-2025. L\u2019informe t\u00e8cnic reflecteix un increment sostingut del 13% en el volum de la plantilla durant els darrers cinc anys, passant de 592 professionals l\u2019any 2021 a 669 l\u2019any 2025. Aquest creixement ha estat impulsat principalment per la incorporaci\u00f3 de dones, el col\u00b7lectiu que representa actualment el 75% del personal total de l&#8217;entitat.<\/p>\n\n\n\n<p><strong>Composici\u00f3 i distribuci\u00f3 del personal<\/strong> <\/p>\n\n\n\n<p>Les dades segons les categories professionals mostren una pres\u00e8ncia femenina predominant en diverses \u00e0rees. Els serveis d\u2019Integraci\u00f3 Social i Farm\u00e0cia estan integrats exclusivament per dones, mentre que en el sector d\u2019Administraci\u00f3 la representaci\u00f3 femenina \u00e9s del 95%. Pel que fa a les \u00e0rees assistencials, el col\u00b7lectiu d\u2019Auxiliar d\u2019Infermeria compta amb un 84% de dones i el d\u2019Infermeria amb un 77%. Per contra, els rols amb una distribuci\u00f3 m\u00e9s equilibrada s\u00f3n els de metge\/essa adjunt\/a (55% dones) i psic\u00f2leg\/a resident (50% per g\u00e8nere).<\/p>\n\n\n\n<figure class=\"wp-block-image size-full\"><img loading=\"lazy\" decoding=\"async\" width=\"931\" height=\"458\" src=\"https:\/\/fundaciohospitalariesmartorell.org\/entre-tots\/wp-content\/uploads\/2026\/03\/image-3.png\" alt=\"\" class=\"wp-image-12738\" srcset=\"https:\/\/fundaciohospitalariesmartorell.org\/entre-tots\/wp-content\/uploads\/2026\/03\/image-3.png 931w, https:\/\/fundaciohospitalariesmartorell.org\/entre-tots\/wp-content\/uploads\/2026\/03\/image-3-300x148.png 300w, https:\/\/fundaciohospitalariesmartorell.org\/entre-tots\/wp-content\/uploads\/2026\/03\/image-3-768x378.png 768w\" sizes=\"auto, (max-width: 931px) 100vw, 931px\" \/><\/figure>\n\n\n\n<p><strong>Estabilitat i perfil d\u2019edat<\/strong> <\/p>\n\n\n\n<p>L\u2019estabilitat laboral de l\u2019organitzaci\u00f3 es manifesta en l\u2019antiguitat mitjana, que se situa en els 10 anys. Com a dada destacada del per\u00edode 2025, homes i dones han igualat la seva traject\u00f2ria mitjana a la instituci\u00f3 en assolir ambd\u00f3s els 10 anys de perman\u00e8ncia. L\u2019edat mitjana del conjunt de la plantilla \u00e9s de 42 anys.<\/p>\n\n\n\n<div class=\"wp-block-stackable-heading stk-block-heading stk-block-heading--v2 stk-block stk-87c904c\" id=\"sabies-que\" data-block-id=\"87c904c\"><h2 class=\"stk-block-heading__text\">Sabies que&#8230;?<\/h2><\/div>\n\n\n\n<p><strong>Evoluci\u00f3 i creixement de la plantilla<br><\/strong>\u2022 L&#8217;organitzaci\u00f3 ha crescut un 13% en els darrers cinc anys.<br>\u2022 L&#8217;any 2025, la plantilla ha arribat a les 669 persones, partint de les 592 que hi havia el 2021.<br>\u2022 L&#8217;augment de l&#8217;equip ha estat impulsat principalment per la incorporaci\u00f3 de dones, amb un increment del 18% des del 2021.<\/p>\n\n\n\n<p><strong>Distribuci\u00f3 per g\u00e8nere<br><\/strong>\u2022 Actualment, el 75% de la plantilla de la Fundaci\u00f3 s\u00f3n dones: tres de cada quatre professionals s\u00f3n del sexe femen\u00ed.<br>\u2022 Destaquen \u00e0rees com Integraci\u00f3 Social i Farm\u00e0cia (100% dones), Oficial d\u2019Administraci\u00f3 (95% dones), Auxiliar d&#8217;Infermeria (84% dones) i Infermeria (77% dones).<br>\u2022 Les categories amb m\u00e9s paritat s\u00f3n les de Metge\/essa Adjunt\/a (55% dones i 45% homes) i de Psic\u00f2leg\/a resident (50% dones i 50% homes).<\/p>\n\n\n\n<p><strong>Edat i estabilitat laboral<br><\/strong>\u2022 L\u2019Edat mitjana de la plantilla se situa en els 42 anys. La mitjana dels homes \u00e9s de 45 anys, mentre que la de les dones \u00e9s de 41 anys.<br>\u2022 L&#8217;antiguitat mitjana \u00e9s de 10 anys.<br>\u2022 L&#8217;any 2025, homes i dones han igualat la seva antiguitat mitjana a la instituci\u00f3, situant-se ambd\u00f3s en els 10 anys de traject\u00f2ria.<\/p>\n\n\n\n<figure class=\"wp-block-image size-large\"><img loading=\"lazy\" decoding=\"async\" width=\"724\" height=\"1024\" src=\"https:\/\/fundaciohospitalariesmartorell.org\/entre-tots\/wp-content\/uploads\/2026\/03\/POSTER-DADES-EVOLUCIO-PLANTILLA-1-724x1024.png\" alt=\"\" class=\"wp-image-12743\" srcset=\"https:\/\/fundaciohospitalariesmartorell.org\/entre-tots\/wp-content\/uploads\/2026\/03\/POSTER-DADES-EVOLUCIO-PLANTILLA-1-724x1024.png 724w, https:\/\/fundaciohospitalariesmartorell.org\/entre-tots\/wp-content\/uploads\/2026\/03\/POSTER-DADES-EVOLUCIO-PLANTILLA-1-212x300.png 212w, https:\/\/fundaciohospitalariesmartorell.org\/entre-tots\/wp-content\/uploads\/2026\/03\/POSTER-DADES-EVOLUCIO-PLANTILLA-1-768x1086.png 768w, https:\/\/fundaciohospitalariesmartorell.org\/entre-tots\/wp-content\/uploads\/2026\/03\/POSTER-DADES-EVOLUCIO-PLANTILLA-1-1086x1536.png 1086w, https:\/\/fundaciohospitalariesmartorell.org\/entre-tots\/wp-content\/uploads\/2026\/03\/POSTER-DADES-EVOLUCIO-PLANTILLA-1-1320x1867.png 1320w, https:\/\/fundaciohospitalariesmartorell.org\/entre-tots\/wp-content\/uploads\/2026\/03\/POSTER-DADES-EVOLUCIO-PLANTILLA-1.png 1414w\" sizes=\"auto, (max-width: 724px) 100vw, 724px\" \/><\/figure>\n","protected":false},"excerpt":{"rendered":"<p>Amb un 75% de pres\u00e8ncia femenina, la instituci\u00f3 arriba a les 669 persones en plantilla i assoleix la paritat total en l&#8217;antiguitat mitjana de deu anys Amb motiu del 8 de mar\u00e7, Dia Internacional de la Dona, la Fundaci\u00f3 Hospital\u00e0ries Martorell presenta les dades clau sobre l&#8217;evoluci\u00f3 i la composici\u00f3 del seu equip hum\u00e0 durant [&hellip;]<\/p>\n","protected":false},"author":6,"featured_media":12737,"comment_status":"closed","ping_status":"closed","sticky":false,"template":"","format":"standard","meta":{"footnotes":""},"categories":[27],"tags":[],"class_list":["post-12724","post","type-post","status-publish","format-standard","has-post-thumbnail","hentry","category-actualitat"],"blocksy_meta":[],"featured_image_urls_v2":{"full":["https:\/\/fundaciohospitalariesmartorell.org\/entre-tots\/wp-content\/uploads\/2026\/03\/image-2.png",852,563,false],"thumbnail":["https:\/\/fundaciohospitalariesmartorell.org\/entre-tots\/wp-content\/uploads\/2026\/03\/image-2-150x150.png",150,150,true],"medium":["https:\/\/fundaciohospitalariesmartorell.org\/entre-tots\/wp-content\/uploads\/2026\/03\/image-2-300x198.png",300,198,true],"medium_large":["https:\/\/fundaciohospitalariesmartorell.org\/entre-tots\/wp-content\/uploads\/2026\/03\/image-2-768x507.png",768,507,true],"large":["https:\/\/fundaciohospitalariesmartorell.org\/entre-tots\/wp-content\/uploads\/2026\/03\/image-2.png",852,563,false],"1536x1536":["https:\/\/fundaciohospitalariesmartorell.org\/entre-tots\/wp-content\/uploads\/2026\/03\/image-2.png",852,563,false],"2048x2048":["https:\/\/fundaciohospitalariesmartorell.org\/entre-tots\/wp-content\/uploads\/2026\/03\/image-2.png",852,563,false],"mailpoet_newsletter_max":["https:\/\/fundaciohospitalariesmartorell.org\/entre-tots\/wp-content\/uploads\/2026\/03\/image-2.png",852,563,false]},"post_excerpt_stackable_v2":"<p>Amb un 75% de pres\u00e8ncia femenina, la instituci\u00f3 arriba a les 669 persones en plantilla i assoleix la paritat total en l&#8217;antiguitat mitjana de deu anys Amb motiu del 8 de mar\u00e7, Dia Internacional de la Dona, la Fundaci\u00f3 Hospital\u00e0ries Martorell presenta les dades clau sobre l&#8217;evoluci\u00f3 i la composici\u00f3 del seu equip hum\u00e0 durant el per\u00edode 2021-2025. L\u2019informe t\u00e8cnic reflecteix un increment sostingut del 13% en el volum de la plantilla durant els darrers cinc anys, passant de 592 professionals l\u2019any 2021 a 669 l\u2019any 2025. Aquest creixement ha estat impulsat principalment per la incorporaci\u00f3 de dones, el col\u00b7lectiu&hellip;<\/p>\n","category_list_v2":"<a href=\"https:\/\/fundaciohospitalariesmartorell.org\/entre-tots\/category\/actualitat\/\" rel=\"category tag\">ACTUALITAT<\/a>","author_info_v2":{"name":"Martorell_comunicacio","url":"https:\/\/fundaciohospitalariesmartorell.org\/entre-tots\/author\/martorell_comunicacio\/"},"comments_num_v2":"0 comments","_links":{"self":[{"href":"https:\/\/fundaciohospitalariesmartorell.org\/entre-tots\/wp-json\/wp\/v2\/posts\/12724","targetHints":{"allow":["GET"]}}],"collection":[{"href":"https:\/\/fundaciohospitalariesmartorell.org\/entre-tots\/wp-json\/wp\/v2\/posts"}],"about":[{"href":"https:\/\/fundaciohospitalariesmartorell.org\/entre-tots\/wp-json\/wp\/v2\/types\/post"}],"author":[{"embeddable":true,"href":"https:\/\/fundaciohospitalariesmartorell.org\/entre-tots\/wp-json\/wp\/v2\/users\/6"}],"replies":[{"embeddable":true,"href":"https:\/\/fundaciohospitalariesmartorell.org\/entre-tots\/wp-json\/wp\/v2\/comments?post=12724"}],"version-history":[{"count":7,"href":"https:\/\/fundaciohospitalariesmartorell.org\/entre-tots\/wp-json\/wp\/v2\/posts\/12724\/revisions"}],"predecessor-version":[{"id":12744,"href":"https:\/\/fundaciohospitalariesmartorell.org\/entre-tots\/wp-json\/wp\/v2\/posts\/12724\/revisions\/12744"}],"wp:featuredmedia":[{"embeddable":true,"href":"https:\/\/fundaciohospitalariesmartorell.org\/entre-tots\/wp-json\/wp\/v2\/media\/12737"}],"wp:attachment":[{"href":"https:\/\/fundaciohospitalariesmartorell.org\/entre-tots\/wp-json\/wp\/v2\/media?parent=12724"}],"wp:term":[{"taxonomy":"category","embeddable":true,"href":"https:\/\/fundaciohospitalariesmartorell.org\/entre-tots\/wp-json\/wp\/v2\/categories?post=12724"},{"taxonomy":"post_tag","embeddable":true,"href":"https:\/\/fundaciohospitalariesmartorell.org\/entre-tots\/wp-json\/wp\/v2\/tags?post=12724"}],"curies":[{"name":"wp","href":"https:\/\/api.w.org\/{rel}","templated":true}]}}