{"id":12727,"date":"2026-03-04T09:47:57","date_gmt":"2026-03-04T08:47:57","guid":{"rendered":"https:\/\/fundaciohospitalariesmartorell.org\/entre-tots\/?p=12727"},"modified":"2026-03-04T09:59:40","modified_gmt":"2026-03-04T08:59:40","slug":"art-i-salut-mental-un-homenatge-a-yayoi-kusama-en-marc-del-dia-internacional-de-les-dones","status":"publish","type":"post","link":"https:\/\/fundaciohospitalariesmartorell.org\/entre-tots\/2026\/03\/art-i-salut-mental-un-homenatge-a-yayoi-kusama-en-marc-del-dia-internacional-de-les-dones\/","title":{"rendered":"Art i salut mental: un homenatge a Yayoi Kusama en marc del Dia Internacional de les Dones"},"content":{"rendered":"\n<figure class=\"wp-block-image size-large\"><img decoding=\"async\" src=\"https:\/\/fundaciohospitalariesmartorell.org\/entre-tots\/wp-content\/uploads\/2026\/03\/b701b358-bb1b-4e7a-98e7-584a820a6da7-1024x576.jpg\" alt=\"\" class=\"wp-image-12733\"\/><\/figure>\n\n\n\n<p>Yayoi Kusama \u00e9s una artista de 96 anys que, des dels anys setanta, resideix volunt\u00e0riament en un centre de salut mental al Jap\u00f3. Al llarg de la seva traject\u00f2ria ha utilitzat l\u2019art per donar forma a la seva lluita amb la salut mental, trobant-hi un espai de cura i d\u2019expressi\u00f3. Aquesta relaci\u00f3 amb la creativitat l\u2019ha convertida en una de les artistes japoneses m\u00e9s influents del segle XX, amb un impacte que ha influenciat a figures com Andy Warhol o Claes Oldenburg.<\/p>\n\n\n\n<p>Del 3 al 24 de mar\u00e7, en el marc del Dia Internacional de les Dones, la cafeteria de la Fundaci\u00f3 Hospital\u00e0ries Martorell acull una exposici\u00f3 que repassa la seva traject\u00f2ria i posa en valor el poder terap\u00e8utic de la creativitat.<\/p>\n\n\n\n<blockquote class=\"wp-block-quote is-layout-flow wp-block-quote-is-layout-flow\">\n<p>La mostra, impulsada per la Fundaci\u00f3 Hospital\u00e0ries Sant Boi, ret homenatge a la lluita per humanitzar la salut mental i l\u2019\u00fas de l\u2019art com a ter\u00e0pia, a m\u00e9s de visibilitzar el treball femen\u00ed en l\u2019art contemporani i reivindicar la creativitat com a eina de transformaci\u00f3, inclusi\u00f3 i esperan\u00e7a.<\/p>\n<\/blockquote>\n\n\n\n<div class=\"wp-block-getwid-images-slider has-arrows-inside has-dots-inside has-images-center has-cropped-images\"><div class=\"wp-block-getwid-images-slider__wrapper\" data-effect=\"slide\" data-slides-show=\"1\" data-slides-show-laptop=\"1\" data-slides-show-tablet=\"1\" data-slides-show-mobile=\"1\" data-slides-scroll=\"1\" data-autoplay=\"false\" data-pause-hover=\"false\" data-autoplay-speed=\"6000\" data-infinite=\"true\" data-animation-speed=\"800\" data-center-mode=\"false\" data-variable-width=\"false\" data-arrows=\"inside\" data-dots=\"inside\" data-spacing=\"none\"><div class=\"wp-block-getwid-images-slider__item\"><figure><img loading=\"lazy\" decoding=\"async\" width=\"640\" height=\"360\" src=\"https:\/\/fundaciohospitalariesmartorell.org\/entre-tots\/wp-content\/uploads\/2026\/03\/image.png\" data-id=\"12728\" data-link=\"https:\/\/fundaciohospitalariesmartorell.org\/entre-tots\/?attachment_id=12728\" data-original-link=\"https:\/\/fundaciohospitalariesmartorell.org\/entre-tots\/wp-content\/uploads\/2026\/03\/image.png\" class=\"wp-block-getwid-images-slider__image wp-image-12728\" srcset=\"https:\/\/fundaciohospitalariesmartorell.org\/entre-tots\/wp-content\/uploads\/2026\/03\/image.png 640w, https:\/\/fundaciohospitalariesmartorell.org\/entre-tots\/wp-content\/uploads\/2026\/03\/image-300x169.png 300w\" sizes=\"auto, (max-width: 640px) 100vw, 640px\" \/><\/figure><\/div><div class=\"wp-block-getwid-images-slider__item\"><figure><img loading=\"lazy\" decoding=\"async\" width=\"1532\" height=\"884\" src=\"https:\/\/fundaciohospitalariesmartorell.org\/entre-tots\/wp-content\/uploads\/2026\/03\/IMG_6418-e1772612891315.jpeg\" data-id=\"12731\" data-link=\"https:\/\/fundaciohospitalariesmartorell.org\/entre-tots\/?attachment_id=12731\" data-original-link=\"https:\/\/fundaciohospitalariesmartorell.org\/entre-tots\/wp-content\/uploads\/2026\/03\/IMG_6418-e1772612891315.jpeg\" class=\"wp-block-getwid-images-slider__image wp-image-12731\" srcset=\"https:\/\/fundaciohospitalariesmartorell.org\/entre-tots\/wp-content\/uploads\/2026\/03\/IMG_6418-e1772612891315.jpeg 1532w, https:\/\/fundaciohospitalariesmartorell.org\/entre-tots\/wp-content\/uploads\/2026\/03\/IMG_6418-e1772612891315-300x173.jpeg 300w, https:\/\/fundaciohospitalariesmartorell.org\/entre-tots\/wp-content\/uploads\/2026\/03\/IMG_6418-e1772612891315-1024x591.jpeg 1024w, https:\/\/fundaciohospitalariesmartorell.org\/entre-tots\/wp-content\/uploads\/2026\/03\/IMG_6418-e1772612891315-768x443.jpeg 768w, https:\/\/fundaciohospitalariesmartorell.org\/entre-tots\/wp-content\/uploads\/2026\/03\/IMG_6418-e1772612891315-1320x762.jpeg 1320w\" sizes=\"auto, (max-width: 1532px) 100vw, 1532px\" \/><\/figure><\/div><\/div><\/div>\n\n\n\n<p><\/p>\n","protected":false},"excerpt":{"rendered":"<p>Yayoi Kusama \u00e9s una artista de 96 anys que, des dels anys setanta, resideix volunt\u00e0riament en un centre de salut mental al Jap\u00f3. Al llarg de la seva traject\u00f2ria ha utilitzat l\u2019art per donar forma a la seva lluita amb la salut mental, trobant-hi un espai de cura i d\u2019expressi\u00f3. Aquesta relaci\u00f3 amb la creativitat [&hellip;]<\/p>\n","protected":false},"author":6,"featured_media":12733,"comment_status":"closed","ping_status":"closed","sticky":false,"template":"","format":"standard","meta":{"footnotes":""},"categories":[27],"tags":[],"class_list":["post-12727","post","type-post","status-publish","format-standard","has-post-thumbnail","hentry","category-actualitat"],"blocksy_meta":[],"featured_image_urls_v2":{"full":["https:\/\/fundaciohospitalariesmartorell.org\/entre-tots\/wp-content\/uploads\/2026\/03\/b701b358-bb1b-4e7a-98e7-584a820a6da7-e1772613684356.jpg",1917,906,false],"thumbnail":["https:\/\/fundaciohospitalariesmartorell.org\/entre-tots\/wp-content\/uploads\/2026\/03\/b701b358-bb1b-4e7a-98e7-584a820a6da7-e1772613684356-150x150.jpg",150,150,true],"medium":["https:\/\/fundaciohospitalariesmartorell.org\/entre-tots\/wp-content\/uploads\/2026\/03\/b701b358-bb1b-4e7a-98e7-584a820a6da7-e1772613684356-300x142.jpg",300,142,true],"medium_large":["https:\/\/fundaciohospitalariesmartorell.org\/entre-tots\/wp-content\/uploads\/2026\/03\/b701b358-bb1b-4e7a-98e7-584a820a6da7-e1772613684356-768x363.jpg",768,363,true],"large":["https:\/\/fundaciohospitalariesmartorell.org\/entre-tots\/wp-content\/uploads\/2026\/03\/b701b358-bb1b-4e7a-98e7-584a820a6da7-e1772613684356-1024x484.jpg",1024,484,true],"1536x1536":["https:\/\/fundaciohospitalariesmartorell.org\/entre-tots\/wp-content\/uploads\/2026\/03\/b701b358-bb1b-4e7a-98e7-584a820a6da7-e1772613684356-1536x726.jpg",1536,726,true],"2048x2048":["https:\/\/fundaciohospitalariesmartorell.org\/entre-tots\/wp-content\/uploads\/2026\/03\/b701b358-bb1b-4e7a-98e7-584a820a6da7-e1772613684356.jpg",1917,906,false],"mailpoet_newsletter_max":["https:\/\/fundaciohospitalariesmartorell.org\/entre-tots\/wp-content\/uploads\/2026\/03\/b701b358-bb1b-4e7a-98e7-584a820a6da7-e1772613684356-1320x624.jpg",1320,624,true]},"post_excerpt_stackable_v2":"<p>Yayoi Kusama \u00e9s una artista de 96 anys que, des dels anys setanta, resideix volunt\u00e0riament en un centre de salut mental al Jap\u00f3. Al llarg de la seva traject\u00f2ria ha utilitzat l\u2019art per donar forma a la seva lluita amb la salut mental, trobant-hi un espai de cura i d\u2019expressi\u00f3. Aquesta relaci\u00f3 amb la creativitat l\u2019ha convertida en una de les artistes japoneses m\u00e9s influents del segle XX, amb un impacte que ha influenciat a figures com Andy Warhol o Claes Oldenburg. Del 3 al 24 de mar\u00e7, en el marc del Dia Internacional de les Dones, la cafeteria de&hellip;<\/p>\n","category_list_v2":"<a href=\"https:\/\/fundaciohospitalariesmartorell.org\/entre-tots\/category\/actualitat\/\" rel=\"category tag\">ACTUALITAT<\/a>","author_info_v2":{"name":"Martorell_comunicacio","url":"https:\/\/fundaciohospitalariesmartorell.org\/entre-tots\/author\/martorell_comunicacio\/"},"comments_num_v2":"0 comments","_links":{"self":[{"href":"https:\/\/fundaciohospitalariesmartorell.org\/entre-tots\/wp-json\/wp\/v2\/posts\/12727","targetHints":{"allow":["GET"]}}],"collection":[{"href":"https:\/\/fundaciohospitalariesmartorell.org\/entre-tots\/wp-json\/wp\/v2\/posts"}],"about":[{"href":"https:\/\/fundaciohospitalariesmartorell.org\/entre-tots\/wp-json\/wp\/v2\/types\/post"}],"author":[{"embeddable":true,"href":"https:\/\/fundaciohospitalariesmartorell.org\/entre-tots\/wp-json\/wp\/v2\/users\/6"}],"replies":[{"embeddable":true,"href":"https:\/\/fundaciohospitalariesmartorell.org\/entre-tots\/wp-json\/wp\/v2\/comments?post=12727"}],"version-history":[{"count":1,"href":"https:\/\/fundaciohospitalariesmartorell.org\/entre-tots\/wp-json\/wp\/v2\/posts\/12727\/revisions"}],"predecessor-version":[{"id":12734,"href":"https:\/\/fundaciohospitalariesmartorell.org\/entre-tots\/wp-json\/wp\/v2\/posts\/12727\/revisions\/12734"}],"wp:featuredmedia":[{"embeddable":true,"href":"https:\/\/fundaciohospitalariesmartorell.org\/entre-tots\/wp-json\/wp\/v2\/media\/12733"}],"wp:attachment":[{"href":"https:\/\/fundaciohospitalariesmartorell.org\/entre-tots\/wp-json\/wp\/v2\/media?parent=12727"}],"wp:term":[{"taxonomy":"category","embeddable":true,"href":"https:\/\/fundaciohospitalariesmartorell.org\/entre-tots\/wp-json\/wp\/v2\/categories?post=12727"},{"taxonomy":"post_tag","embeddable":true,"href":"https:\/\/fundaciohospitalariesmartorell.org\/entre-tots\/wp-json\/wp\/v2\/tags?post=12727"}],"curies":[{"name":"wp","href":"https:\/\/api.w.org\/{rel}","templated":true}]}}