{"id":12753,"date":"2026-03-10T13:49:43","date_gmt":"2026-03-10T12:49:43","guid":{"rendered":"https:\/\/fundaciohospitalariesmartorell.org\/entre-tots\/?p=12753"},"modified":"2026-03-10T13:52:50","modified_gmt":"2026-03-10T12:52:50","slug":"la-fundacio-hospitalaries-martorell-reforca-el-comite-detica-assistencial-i-presenta-el-balanc-dactivitats-del-2025","status":"publish","type":"post","link":"https:\/\/fundaciohospitalariesmartorell.org\/entre-tots\/2026\/03\/la-fundacio-hospitalaries-martorell-reforca-el-comite-detica-assistencial-i-presenta-el-balanc-dactivitats-del-2025\/","title":{"rendered":"La Fundaci\u00f3 Hospital\u00e0ries Martorell refor\u00e7a el Comit\u00e8 d\u2019\u00c8tica Assistencial i presenta el balan\u00e7 d\u2019activitats del 2025"},"content":{"rendered":"\n<figure class=\"wp-block-image size-full\"><img loading=\"lazy\" decoding=\"async\" width=\"864\" height=\"553\" src=\"https:\/\/fundaciohospitalariesmartorell.org\/entre-tots\/wp-content\/uploads\/2026\/03\/image-6.png\" alt=\"\" class=\"wp-image-12754\" srcset=\"https:\/\/fundaciohospitalariesmartorell.org\/entre-tots\/wp-content\/uploads\/2026\/03\/image-6.png 864w, https:\/\/fundaciohospitalariesmartorell.org\/entre-tots\/wp-content\/uploads\/2026\/03\/image-6-300x192.png 300w, https:\/\/fundaciohospitalariesmartorell.org\/entre-tots\/wp-content\/uploads\/2026\/03\/image-6-768x492.png 768w\" sizes=\"auto, (max-width: 864px) 100vw, 864px\" \/><\/figure>\n\n\n\n<p>La Fundaci\u00f3 Hospital\u00e0ries Martorell es troba en un proc\u00e9s de renovaci\u00f3 parcial dels membres del Comit\u00e8 d\u2019\u00c8tica Assistencial (CEA). Una de les principals novetats \u00e9s la incorporaci\u00f3 de David Juanes, psic\u00f2leg i coordinador de l\u2019\u00c0rea de Rehabilitaci\u00f3 en Salut Mental del centre que, a m\u00e9s de la seva experi\u00e8ncia cl\u00ednica com a psic\u00f2leg, \u00e9s llicenciat en Dret, una combinaci\u00f3 de coneixements que pot aportar una mirada especialment \u00fatil en l\u2019an\u00e0lisi dels dilemes \u00e8tics.<\/p>\n\n\n\n<h4 class=\"wp-block-heading\">Un any d\u2019activitat i deliberaci\u00f3 \u00e8tica<\/h4>\n\n\n\n<p>Durant el 2025&nbsp;el comit\u00e8 ha mantingut una activitat continuada de deliberaci\u00f3 i assessorament. En total, s\u2019han celebrat vuit reunions ordin\u00e0ries, en les quals s\u2019han analitzat cinc consultes de casos cl\u00ednics&nbsp;plantejades per professionals del centre. Cada una d\u2019aquestes consultes ha donat lloc a un proc\u00e9s de debat i reflexi\u00f3 que ha culminat amb l\u2019elaboraci\u00f3 de cinc documents de recomanacions, destinats a orientar la presa de decisions des d\u2019una perspectiva \u00e8tica i assistencial.<\/p>\n\n\n\n<figure class=\"wp-block-image size-full\"><img loading=\"lazy\" decoding=\"async\" width=\"862\" height=\"496\" src=\"https:\/\/fundaciohospitalariesmartorell.org\/entre-tots\/wp-content\/uploads\/2026\/03\/image-9.png\" alt=\"\" class=\"wp-image-12757\" srcset=\"https:\/\/fundaciohospitalariesmartorell.org\/entre-tots\/wp-content\/uploads\/2026\/03\/image-9.png 862w, https:\/\/fundaciohospitalariesmartorell.org\/entre-tots\/wp-content\/uploads\/2026\/03\/image-9-300x173.png 300w, https:\/\/fundaciohospitalariesmartorell.org\/entre-tots\/wp-content\/uploads\/2026\/03\/image-9-768x442.png 768w\" sizes=\"auto, (max-width: 862px) 100vw, 862px\" \/><\/figure>\n\n\n\n<h4 class=\"wp-block-heading\">Formaci\u00f3 en bio\u00e8tica per als professionals<\/h4>\n\n\n\n<p>Entre les accions destacades del 2025 tamb\u00e9 hi ha l\u2019organitzaci\u00f3 del Seminari de Bio\u00e8tica 2025, celebrat al mes de mar\u00e7. La formaci\u00f3 va comptar amb la participaci\u00f3 com a docents de tres membres del comit\u00e8: David Lorenzo, Roberto Narvaiz&nbsp;i Miguel Ruiz. Aquest seminari va servir per aprofundir en els principals reptes bio\u00e8tics que es presenten en la pr\u00e0ctica cl\u00ednica i per fomentar espais de reflexi\u00f3 entre els professionals de la nostra instituci\u00f3.<\/p>\n\n\n\n<p>Per aquest any, el seminari \u00e9s previst pel 14 d&#8217;abril, amb la incorporaci\u00f3 d&#8217;Esther Serret com a docent.<\/p>\n\n\n\n<blockquote class=\"wp-block-quote is-layout-flow wp-block-quote-is-layout-flow\">\n<p>El Comit\u00e8 d\u2019\u00c8tica Assistencial de la Fundaci\u00f3 Hospital\u00e0ries Martorell recorda que es mant\u00e9 a disposici\u00f3 de tot\/es els\/les professionals del centre per atendre consultes, orientar en situacions cl\u00edniques complexes i promoure la reflexi\u00f3 bio\u00e8tica en la pr\u00e0ctica assistencial, amb l\u2019objectiu de contribuir a una atenci\u00f3 sanit\u00e0ria respectuosa amb els valors, els drets i la dignitat de les persones.<\/p>\n<\/blockquote>\n","protected":false},"excerpt":{"rendered":"<p>La Fundaci\u00f3 Hospital\u00e0ries Martorell es troba en un proc\u00e9s de renovaci\u00f3 parcial dels membres del Comit\u00e8 d\u2019\u00c8tica Assistencial (CEA). Una de les principals novetats \u00e9s la incorporaci\u00f3 de David Juanes, psic\u00f2leg i coordinador de l\u2019\u00c0rea de Rehabilitaci\u00f3 en Salut Mental del centre que, a m\u00e9s de la seva experi\u00e8ncia cl\u00ednica com a psic\u00f2leg, \u00e9s llicenciat [&hellip;]<\/p>\n","protected":false},"author":6,"featured_media":12760,"comment_status":"closed","ping_status":"closed","sticky":false,"template":"","format":"standard","meta":{"footnotes":""},"categories":[27],"tags":[],"class_list":["post-12753","post","type-post","status-publish","format-standard","has-post-thumbnail","hentry","category-actualitat"],"blocksy_meta":[],"featured_image_urls_v2":{"full":["https:\/\/fundaciohospitalariesmartorell.org\/entre-tots\/wp-content\/uploads\/2026\/03\/image-11.png",865,527,false],"thumbnail":["https:\/\/fundaciohospitalariesmartorell.org\/entre-tots\/wp-content\/uploads\/2026\/03\/image-11-150x150.png",150,150,true],"medium":["https:\/\/fundaciohospitalariesmartorell.org\/entre-tots\/wp-content\/uploads\/2026\/03\/image-11-300x183.png",300,183,true],"medium_large":["https:\/\/fundaciohospitalariesmartorell.org\/entre-tots\/wp-content\/uploads\/2026\/03\/image-11-768x468.png",768,468,true],"large":["https:\/\/fundaciohospitalariesmartorell.org\/entre-tots\/wp-content\/uploads\/2026\/03\/image-11.png",865,527,false],"1536x1536":["https:\/\/fundaciohospitalariesmartorell.org\/entre-tots\/wp-content\/uploads\/2026\/03\/image-11.png",865,527,false],"2048x2048":["https:\/\/fundaciohospitalariesmartorell.org\/entre-tots\/wp-content\/uploads\/2026\/03\/image-11.png",865,527,false],"mailpoet_newsletter_max":["https:\/\/fundaciohospitalariesmartorell.org\/entre-tots\/wp-content\/uploads\/2026\/03\/image-11.png",865,527,false]},"post_excerpt_stackable_v2":"<p>La Fundaci\u00f3 Hospital\u00e0ries Martorell es troba en un proc\u00e9s de renovaci\u00f3 parcial dels membres del Comit\u00e8 d\u2019\u00c8tica Assistencial (CEA). Una de les principals novetats \u00e9s la incorporaci\u00f3 de David Juanes, psic\u00f2leg i coordinador de l\u2019\u00c0rea de Rehabilitaci\u00f3 en Salut Mental del centre que, a m\u00e9s de la seva experi\u00e8ncia cl\u00ednica com a psic\u00f2leg, \u00e9s llicenciat en Dret, una combinaci\u00f3 de coneixements que pot aportar una mirada especialment \u00fatil en l\u2019an\u00e0lisi dels dilemes \u00e8tics. Un any d\u2019activitat i deliberaci\u00f3 \u00e8tica Durant el 2025&nbsp;el comit\u00e8 ha mantingut una activitat continuada de deliberaci\u00f3 i assessorament. En total, s\u2019han celebrat vuit reunions ordin\u00e0ries, en&hellip;<\/p>\n","category_list_v2":"<a href=\"https:\/\/fundaciohospitalariesmartorell.org\/entre-tots\/category\/actualitat\/\" rel=\"category tag\">ACTUALITAT<\/a>","author_info_v2":{"name":"Martorell_comunicacio","url":"https:\/\/fundaciohospitalariesmartorell.org\/entre-tots\/author\/martorell_comunicacio\/"},"comments_num_v2":"0 comments","_links":{"self":[{"href":"https:\/\/fundaciohospitalariesmartorell.org\/entre-tots\/wp-json\/wp\/v2\/posts\/12753","targetHints":{"allow":["GET"]}}],"collection":[{"href":"https:\/\/fundaciohospitalariesmartorell.org\/entre-tots\/wp-json\/wp\/v2\/posts"}],"about":[{"href":"https:\/\/fundaciohospitalariesmartorell.org\/entre-tots\/wp-json\/wp\/v2\/types\/post"}],"author":[{"embeddable":true,"href":"https:\/\/fundaciohospitalariesmartorell.org\/entre-tots\/wp-json\/wp\/v2\/users\/6"}],"replies":[{"embeddable":true,"href":"https:\/\/fundaciohospitalariesmartorell.org\/entre-tots\/wp-json\/wp\/v2\/comments?post=12753"}],"version-history":[{"count":1,"href":"https:\/\/fundaciohospitalariesmartorell.org\/entre-tots\/wp-json\/wp\/v2\/posts\/12753\/revisions"}],"predecessor-version":[{"id":12758,"href":"https:\/\/fundaciohospitalariesmartorell.org\/entre-tots\/wp-json\/wp\/v2\/posts\/12753\/revisions\/12758"}],"wp:featuredmedia":[{"embeddable":true,"href":"https:\/\/fundaciohospitalariesmartorell.org\/entre-tots\/wp-json\/wp\/v2\/media\/12760"}],"wp:attachment":[{"href":"https:\/\/fundaciohospitalariesmartorell.org\/entre-tots\/wp-json\/wp\/v2\/media?parent=12753"}],"wp:term":[{"taxonomy":"category","embeddable":true,"href":"https:\/\/fundaciohospitalariesmartorell.org\/entre-tots\/wp-json\/wp\/v2\/categories?post=12753"},{"taxonomy":"post_tag","embeddable":true,"href":"https:\/\/fundaciohospitalariesmartorell.org\/entre-tots\/wp-json\/wp\/v2\/tags?post=12753"}],"curies":[{"name":"wp","href":"https:\/\/api.w.org\/{rel}","templated":true}]}}