{"id":12763,"date":"2026-03-11T10:23:27","date_gmt":"2026-03-11T09:23:27","guid":{"rendered":"https:\/\/fundaciohospitalariesmartorell.org\/entre-tots\/?p=12763"},"modified":"2026-03-11T11:51:17","modified_gmt":"2026-03-11T10:51:17","slug":"la-fundacio-hospitalaries-signa-el-seu-pla-digualtat-una-fita-que-reforca-el-seu-compromis-amb-una-organitzacio-mes-inclusiva","status":"publish","type":"post","link":"https:\/\/fundaciohospitalariesmartorell.org\/entre-tots\/2026\/03\/la-fundacio-hospitalaries-signa-el-seu-pla-digualtat-una-fita-que-reforca-el-seu-compromis-amb-una-organitzacio-mes-inclusiva\/","title":{"rendered":"La Fundaci\u00f3 Hospital\u00e0ries signa el seu Pla d\u2019Igualtat, una fita que refor\u00e7a el seu comprom\u00eds amb una organitzaci\u00f3 m\u00e9s inclusiva"},"content":{"rendered":"\n<figure class=\"wp-block-image size-large\"><img loading=\"lazy\" decoding=\"async\" width=\"1024\" height=\"602\" src=\"https:\/\/fundaciohospitalariesmartorell.org\/entre-tots\/wp-content\/uploads\/2026\/03\/WhatsApp-Image-2026-03-11-at-08.24.53-1024x602.jpeg\" alt=\"\" class=\"wp-image-12766\" srcset=\"https:\/\/fundaciohospitalariesmartorell.org\/entre-tots\/wp-content\/uploads\/2026\/03\/WhatsApp-Image-2026-03-11-at-08.24.53-1024x602.jpeg 1024w, https:\/\/fundaciohospitalariesmartorell.org\/entre-tots\/wp-content\/uploads\/2026\/03\/WhatsApp-Image-2026-03-11-at-08.24.53-300x176.jpeg 300w, https:\/\/fundaciohospitalariesmartorell.org\/entre-tots\/wp-content\/uploads\/2026\/03\/WhatsApp-Image-2026-03-11-at-08.24.53-768x451.jpeg 768w, https:\/\/fundaciohospitalariesmartorell.org\/entre-tots\/wp-content\/uploads\/2026\/03\/WhatsApp-Image-2026-03-11-at-08.24.53-1536x902.jpeg 1536w, https:\/\/fundaciohospitalariesmartorell.org\/entre-tots\/wp-content\/uploads\/2026\/03\/WhatsApp-Image-2026-03-11-at-08.24.53-1320x776.jpeg 1320w, https:\/\/fundaciohospitalariesmartorell.org\/entre-tots\/wp-content\/uploads\/2026\/03\/WhatsApp-Image-2026-03-11-at-08.24.53.jpeg 1600w\" sizes=\"auto, (max-width: 1024px) 100vw, 1024px\" \/><\/figure>\n\n\n\n<p>La Fundaci\u00f3 Hospital\u00e0ries ha formalitzat recentment el seu Pla d&#8217;Igualtat, un document que refor\u00e7a el comprom\u00eds de la Instituci\u00f3 amb la igualtat d\u2019oportunitats, la diversitat, i la construcci\u00f3 d\u2019entorns laborals m\u00e9s equitatius. Aquest nou pla, amb una vig\u00e8ncia de quatre anys, inclou 95 mesures aprovades amb l&#8217;objectiu d&#8217;avan\u00e7ar cap a una cultura organitzativa m\u00e9s inclusiva pels m\u00e9s de 9.300 professionals de la Fundaci\u00f3 a tota Espanya. 27 d&#8217;aquestes mesures estan enfocades a la conciliaci\u00f3, corresponsabilitat i protecci\u00f3 de persones vulnerables, en concret v\u00edctimes de viol\u00e8ncia de g\u00e8nere.<\/p>\n\n\n\n<h4 class=\"wp-block-heading\"><strong>Un proc\u00e9s de di\u00e0leg i col\u00b7laboraci\u00f3<\/strong><\/h4>\n\n\n\n<p>La seva elaboraci\u00f3 ha estat el resultat d&#8217;un proc\u00e9s de di\u00e0leg i negociaci\u00f3 de m\u00e9s de nou mesos, amb la participaci\u00f3 de set sindicats, representants de la Fundaci\u00f3 i l&#8217;assessorament de la consultora Igualia. Fernando Le\u00f3n, cap corporatiu de Relacions Laborals i Administraci\u00f3 de Personal de la Fundaci\u00f3 Hospital\u00e0ries, destaca que &#8220;ha sigut un proc\u00e9s complex degut a la gran dispersi\u00f3 territorial que caracteritza l&#8217;organitzaci\u00f3 i del gran nombre d&#8217;interlocutors&#8221;. Tot i aix\u00ed, tant ell com Fuencisla de Santos, directora de Persones, subratllen que el treball s\u2019ha desenvolupat en un clima de confian\u00e7a, respecte i col\u00b7laboraci\u00f3, factors que han estat clau per assolir un acord que refor\u00e7a el comprom\u00eds institucional amb la igualtat.<\/p>\n\n\n\n<p>M\u00e9s informaci\u00f3, aqu\u00ed:&nbsp;<a href=\"https:\/\/fundacionhospitalarias.org\/es\/actualidad\/firmamos-el-plan-de-igualdad-un-hito-que-refuerza-nuestro-compromiso-con-una\" target=\"_blank\" rel=\"noreferrer noopener\">Firmamos el Plan de Igualdad, un hito que refuerza nuestro compromiso con una organizaci\u00f3n m\u00e1s inclusiva | Fundaci\u00f3n Hospitalarias<\/a>.<\/p>\n\n\n\n<p><\/p>\n","protected":false},"excerpt":{"rendered":"<p>La Fundaci\u00f3 Hospital\u00e0ries ha formalitzat recentment el seu Pla d&#8217;Igualtat, un document que refor\u00e7a el comprom\u00eds de la Instituci\u00f3 amb la igualtat d\u2019oportunitats, la diversitat, i la construcci\u00f3 d\u2019entorns laborals m\u00e9s equitatius. Aquest nou pla, amb una vig\u00e8ncia de quatre anys, inclou 95 mesures aprovades amb l&#8217;objectiu d&#8217;avan\u00e7ar cap a una cultura organitzativa m\u00e9s inclusiva [&hellip;]<\/p>\n","protected":false},"author":6,"featured_media":12766,"comment_status":"closed","ping_status":"closed","sticky":false,"template":"","format":"standard","meta":{"footnotes":""},"categories":[27],"tags":[],"class_list":["post-12763","post","type-post","status-publish","format-standard","has-post-thumbnail","hentry","category-actualitat"],"blocksy_meta":[],"featured_image_urls_v2":{"full":["https:\/\/fundaciohospitalariesmartorell.org\/entre-tots\/wp-content\/uploads\/2026\/03\/WhatsApp-Image-2026-03-11-at-08.24.53.jpeg",1600,940,false],"thumbnail":["https:\/\/fundaciohospitalariesmartorell.org\/entre-tots\/wp-content\/uploads\/2026\/03\/WhatsApp-Image-2026-03-11-at-08.24.53-150x150.jpeg",150,150,true],"medium":["https:\/\/fundaciohospitalariesmartorell.org\/entre-tots\/wp-content\/uploads\/2026\/03\/WhatsApp-Image-2026-03-11-at-08.24.53-300x176.jpeg",300,176,true],"medium_large":["https:\/\/fundaciohospitalariesmartorell.org\/entre-tots\/wp-content\/uploads\/2026\/03\/WhatsApp-Image-2026-03-11-at-08.24.53-768x451.jpeg",768,451,true],"large":["https:\/\/fundaciohospitalariesmartorell.org\/entre-tots\/wp-content\/uploads\/2026\/03\/WhatsApp-Image-2026-03-11-at-08.24.53-1024x602.jpeg",1024,602,true],"1536x1536":["https:\/\/fundaciohospitalariesmartorell.org\/entre-tots\/wp-content\/uploads\/2026\/03\/WhatsApp-Image-2026-03-11-at-08.24.53-1536x902.jpeg",1536,902,true],"2048x2048":["https:\/\/fundaciohospitalariesmartorell.org\/entre-tots\/wp-content\/uploads\/2026\/03\/WhatsApp-Image-2026-03-11-at-08.24.53.jpeg",1600,940,false],"mailpoet_newsletter_max":["https:\/\/fundaciohospitalariesmartorell.org\/entre-tots\/wp-content\/uploads\/2026\/03\/WhatsApp-Image-2026-03-11-at-08.24.53-1320x776.jpeg",1320,776,true]},"post_excerpt_stackable_v2":"<p>La Fundaci\u00f3 Hospital\u00e0ries ha formalitzat recentment el seu Pla d&#8217;Igualtat, un document que refor\u00e7a el comprom\u00eds de la Instituci\u00f3 amb la igualtat d\u2019oportunitats, la diversitat, i la construcci\u00f3 d\u2019entorns laborals m\u00e9s equitatius. Aquest nou pla, amb una vig\u00e8ncia de quatre anys, inclou 95 mesures aprovades amb l&#8217;objectiu d&#8217;avan\u00e7ar cap a una cultura organitzativa m\u00e9s inclusiva pels m\u00e9s de 9.300 professionals de la Fundaci\u00f3 a tota Espanya. 27 d&#8217;aquestes mesures estan enfocades a la conciliaci\u00f3, corresponsabilitat i protecci\u00f3 de persones vulnerables, en concret v\u00edctimes de viol\u00e8ncia de g\u00e8nere. Un proc\u00e9s de di\u00e0leg i col\u00b7laboraci\u00f3 La seva elaboraci\u00f3 ha estat el resultat&hellip;<\/p>\n","category_list_v2":"<a href=\"https:\/\/fundaciohospitalariesmartorell.org\/entre-tots\/category\/actualitat\/\" rel=\"category tag\">ACTUALITAT<\/a>","author_info_v2":{"name":"Martorell_comunicacio","url":"https:\/\/fundaciohospitalariesmartorell.org\/entre-tots\/author\/martorell_comunicacio\/"},"comments_num_v2":"0 comments","_links":{"self":[{"href":"https:\/\/fundaciohospitalariesmartorell.org\/entre-tots\/wp-json\/wp\/v2\/posts\/12763","targetHints":{"allow":["GET"]}}],"collection":[{"href":"https:\/\/fundaciohospitalariesmartorell.org\/entre-tots\/wp-json\/wp\/v2\/posts"}],"about":[{"href":"https:\/\/fundaciohospitalariesmartorell.org\/entre-tots\/wp-json\/wp\/v2\/types\/post"}],"author":[{"embeddable":true,"href":"https:\/\/fundaciohospitalariesmartorell.org\/entre-tots\/wp-json\/wp\/v2\/users\/6"}],"replies":[{"embeddable":true,"href":"https:\/\/fundaciohospitalariesmartorell.org\/entre-tots\/wp-json\/wp\/v2\/comments?post=12763"}],"version-history":[{"count":6,"href":"https:\/\/fundaciohospitalariesmartorell.org\/entre-tots\/wp-json\/wp\/v2\/posts\/12763\/revisions"}],"predecessor-version":[{"id":12819,"href":"https:\/\/fundaciohospitalariesmartorell.org\/entre-tots\/wp-json\/wp\/v2\/posts\/12763\/revisions\/12819"}],"wp:featuredmedia":[{"embeddable":true,"href":"https:\/\/fundaciohospitalariesmartorell.org\/entre-tots\/wp-json\/wp\/v2\/media\/12766"}],"wp:attachment":[{"href":"https:\/\/fundaciohospitalariesmartorell.org\/entre-tots\/wp-json\/wp\/v2\/media?parent=12763"}],"wp:term":[{"taxonomy":"category","embeddable":true,"href":"https:\/\/fundaciohospitalariesmartorell.org\/entre-tots\/wp-json\/wp\/v2\/categories?post=12763"},{"taxonomy":"post_tag","embeddable":true,"href":"https:\/\/fundaciohospitalariesmartorell.org\/entre-tots\/wp-json\/wp\/v2\/tags?post=12763"}],"curies":[{"name":"wp","href":"https:\/\/api.w.org\/{rel}","templated":true}]}}