{"id":12778,"date":"2026-03-11T14:13:30","date_gmt":"2026-03-11T13:13:30","guid":{"rendered":"https:\/\/fundaciohospitalariesmartorell.org\/entre-tots\/?p=12778"},"modified":"2026-03-11T14:13:31","modified_gmt":"2026-03-11T13:13:31","slug":"futurs-residents-descobreixen-la-fundacio-hospitalaries-martorell-com-a-centre-formatiu-referent","status":"publish","type":"post","link":"https:\/\/fundaciohospitalariesmartorell.org\/entre-tots\/2026\/03\/futurs-residents-descobreixen-la-fundacio-hospitalaries-martorell-com-a-centre-formatiu-referent\/","title":{"rendered":"Futurs residents descobreixen la Fundaci\u00f3 Hospital\u00e0ries Martorell com a centre formatiu referent"},"content":{"rendered":"\n<h3 class=\"wp-block-heading\"><span style=\"color: var(--theme-palette-color-1, #9f2b68);\" class=\"stk-highlight\">Aspirants MIR, PIR i IIR coneixen les instal\u00b7lacions i el programa docent durant la jornada de portes obertes<\/span><\/h3>\n\n\n\n<p>Aquest mes de mar\u00e7 ha tingut lloc la jornada de portes obertes de la Fundaci\u00f3 Hospital\u00e0ries Martorell per a futurs residents MIR, PIR i IIR. Els assistents han tingut l\u2019oportunitat de con\u00e8ixer l\u2019equipament i les seves particularitats, aix\u00ed com les qualitats que el defineixen com a centre de refer\u00e8ncia per a la seva formaci\u00f3 especialitzada.<\/p>\n\n\n\n<p>Els actuals residents s\u2019han encarregat de donar la benvinguda als futurs professionals, que han pogut con\u00e8ixer de primera m\u00e0 les instal\u00b7lacions mitjan\u00e7ant una visita guiada pel centre. El recorregut ha perm\u00e8s als aspirants copsar el dia a dia d&#8217;una instituci\u00f3 que aposta per un model d&#8217;atenci\u00f3 integral.<\/p>\n\n\n\n<figure class=\"wp-block-image size-large\"><img loading=\"lazy\" decoding=\"async\" width=\"1024\" height=\"576\" src=\"https:\/\/fundaciohospitalariesmartorell.org\/entre-tots\/wp-content\/uploads\/2026\/03\/WhatsApp-Image-2026-03-11-at-13.08.04-1024x576.jpeg\" alt=\"\" class=\"wp-image-12780\" srcset=\"https:\/\/fundaciohospitalariesmartorell.org\/entre-tots\/wp-content\/uploads\/2026\/03\/WhatsApp-Image-2026-03-11-at-13.08.04-1024x576.jpeg 1024w, https:\/\/fundaciohospitalariesmartorell.org\/entre-tots\/wp-content\/uploads\/2026\/03\/WhatsApp-Image-2026-03-11-at-13.08.04-300x169.jpeg 300w, https:\/\/fundaciohospitalariesmartorell.org\/entre-tots\/wp-content\/uploads\/2026\/03\/WhatsApp-Image-2026-03-11-at-13.08.04-768x432.jpeg 768w, https:\/\/fundaciohospitalariesmartorell.org\/entre-tots\/wp-content\/uploads\/2026\/03\/WhatsApp-Image-2026-03-11-at-13.08.04-1536x864.jpeg 1536w, https:\/\/fundaciohospitalariesmartorell.org\/entre-tots\/wp-content\/uploads\/2026\/03\/WhatsApp-Image-2026-03-11-at-13.08.04-1320x743.jpeg 1320w, https:\/\/fundaciohospitalariesmartorell.org\/entre-tots\/wp-content\/uploads\/2026\/03\/WhatsApp-Image-2026-03-11-at-13.08.04.jpeg 1600w\" sizes=\"auto, (max-width: 1024px) 100vw, 1024px\" \/><\/figure>\n\n\n\n<p>Posteriorment, ha tingut lloc una presentaci\u00f3 detallada de les l\u00ednies formatives, les rotacions,&nbsp; el programa d\u2019investigaci\u00f3, entre d\u2019altres. La sessi\u00f3 ha comptat amb la participaci\u00f3 de Fernando Boatas, cap d\u2019estudis i les tutores PIR, MIR, i IIR que han aprofundit en l&#8217;acompanyament personalitzat que reben els residents.<\/p>\n\n\n\n<p>Durant la sessi\u00f3 s\u2019han resolt els dubtes plantejats un cop s\u2019han explicat les l\u00ednies de treball i l&#8217;expertesa de la Fundaci\u00f3 Hospital\u00e0ries Martorell, principalment, en l&#8217;\u00e0mbit de la salut mental.<\/p>\n\n\n\n<p>A banda de les persones que han participat presencialment a la jornada, la sessi\u00f3 informativa tamb\u00e9 s\u2019ha realitzat en l\u00ednia per facilitar l&#8217;acc\u00e9s a interessats d&#8217;arreu del territori.<\/p>\n\n\n\n<div class=\"wp-block-stackable-heading stk-block-heading stk-block-heading--v2 stk-block stk-e889294\" id=\"la-visio-dels-futurs-residents\" data-block-id=\"e889294\"><h4 class=\"stk-block-heading__text\">La visi\u00f3 dels futurs residents<\/h4><\/div>\n\n\n\n<p>Entre els assistents, hi havia futurs professionals procedents principalment del Barcelon\u00e8s i el Baix Llobregat. Michelle L\u00f3pez, de Sant Joan Desp\u00ed, destaca l&#8217;enfocament integral i el llarg recorregut de la Fundaci\u00f3: <\/p>\n\n\n\n<blockquote class=\"wp-block-quote is-layout-flow wp-block-quote-is-layout-flow\">\n<p>&#8220;M\u2019ha cridat l\u2019atenci\u00f3 que sigui una instituci\u00f3 amb tanta hist\u00f2ria i com ha evolucionat de crear-se a partir d\u2019una necessitat fins a ampliar-se i englobar tantes \u00e0rees.&#8221; <\/p>\n<\/blockquote>\n\n\n\n<p>Per altra banda, tant ella com Luz Corina, que va n\u00e9ixer a M\u00e8xic i actualment viu a Barcelona, destaquen com a oportunitat la flexibilitat i l\u2019adaptabilitat a les necessitats dels residents, la formaci\u00f3 espec\u00edfica que poden rebre, i com la instituci\u00f3 \u00e9s un referent del tractament de la salut mental dins del territori.<\/p>\n\n\n\n<p><\/p>\n","protected":false},"excerpt":{"rendered":"<p>Aspirants MIR, PIR i IIR coneixen les instal\u00b7lacions i el programa docent durant la jornada de portes obertes Aquest mes de mar\u00e7 ha tingut lloc la jornada de portes obertes de la Fundaci\u00f3 Hospital\u00e0ries Martorell per a futurs residents MIR, PIR i IIR. Els assistents han tingut l\u2019oportunitat de con\u00e8ixer l\u2019equipament i les seves particularitats, [&hellip;]<\/p>\n","protected":false},"author":6,"featured_media":12779,"comment_status":"closed","ping_status":"closed","sticky":false,"template":"","format":"standard","meta":{"footnotes":""},"categories":[27],"tags":[],"class_list":["post-12778","post","type-post","status-publish","format-standard","has-post-thumbnail","hentry","category-actualitat"],"blocksy_meta":[],"featured_image_urls_v2":{"full":["https:\/\/fundaciohospitalariesmartorell.org\/entre-tots\/wp-content\/uploads\/2026\/03\/WhatsApp-Image-2026-03-11-at-13.08.04-1.jpeg",1600,900,false],"thumbnail":["https:\/\/fundaciohospitalariesmartorell.org\/entre-tots\/wp-content\/uploads\/2026\/03\/WhatsApp-Image-2026-03-11-at-13.08.04-1-150x150.jpeg",150,150,true],"medium":["https:\/\/fundaciohospitalariesmartorell.org\/entre-tots\/wp-content\/uploads\/2026\/03\/WhatsApp-Image-2026-03-11-at-13.08.04-1-300x169.jpeg",300,169,true],"medium_large":["https:\/\/fundaciohospitalariesmartorell.org\/entre-tots\/wp-content\/uploads\/2026\/03\/WhatsApp-Image-2026-03-11-at-13.08.04-1-768x432.jpeg",768,432,true],"large":["https:\/\/fundaciohospitalariesmartorell.org\/entre-tots\/wp-content\/uploads\/2026\/03\/WhatsApp-Image-2026-03-11-at-13.08.04-1-1024x576.jpeg",1024,576,true],"1536x1536":["https:\/\/fundaciohospitalariesmartorell.org\/entre-tots\/wp-content\/uploads\/2026\/03\/WhatsApp-Image-2026-03-11-at-13.08.04-1-1536x864.jpeg",1536,864,true],"2048x2048":["https:\/\/fundaciohospitalariesmartorell.org\/entre-tots\/wp-content\/uploads\/2026\/03\/WhatsApp-Image-2026-03-11-at-13.08.04-1.jpeg",1600,900,false],"mailpoet_newsletter_max":["https:\/\/fundaciohospitalariesmartorell.org\/entre-tots\/wp-content\/uploads\/2026\/03\/WhatsApp-Image-2026-03-11-at-13.08.04-1-1320x743.jpeg",1320,743,true]},"post_excerpt_stackable_v2":"<p>Aspirants MIR, PIR i IIR coneixen les instal\u00b7lacions i el programa docent durant la jornada de portes obertes Aquest mes de mar\u00e7 ha tingut lloc la jornada de portes obertes de la Fundaci\u00f3 Hospital\u00e0ries Martorell per a futurs residents MIR, PIR i IIR. Els assistents han tingut l\u2019oportunitat de con\u00e8ixer l\u2019equipament i les seves particularitats, aix\u00ed com les qualitats que el defineixen com a centre de refer\u00e8ncia per a la seva formaci\u00f3 especialitzada. Els actuals residents s\u2019han encarregat de donar la benvinguda als futurs professionals, que han pogut con\u00e8ixer de primera m\u00e0 les instal\u00b7lacions mitjan\u00e7ant una visita guiada pel centre.&hellip;<\/p>\n","category_list_v2":"<a href=\"https:\/\/fundaciohospitalariesmartorell.org\/entre-tots\/category\/actualitat\/\" rel=\"category tag\">ACTUALITAT<\/a>","author_info_v2":{"name":"Martorell_comunicacio","url":"https:\/\/fundaciohospitalariesmartorell.org\/entre-tots\/author\/martorell_comunicacio\/"},"comments_num_v2":"0 comments","_links":{"self":[{"href":"https:\/\/fundaciohospitalariesmartorell.org\/entre-tots\/wp-json\/wp\/v2\/posts\/12778","targetHints":{"allow":["GET"]}}],"collection":[{"href":"https:\/\/fundaciohospitalariesmartorell.org\/entre-tots\/wp-json\/wp\/v2\/posts"}],"about":[{"href":"https:\/\/fundaciohospitalariesmartorell.org\/entre-tots\/wp-json\/wp\/v2\/types\/post"}],"author":[{"embeddable":true,"href":"https:\/\/fundaciohospitalariesmartorell.org\/entre-tots\/wp-json\/wp\/v2\/users\/6"}],"replies":[{"embeddable":true,"href":"https:\/\/fundaciohospitalariesmartorell.org\/entre-tots\/wp-json\/wp\/v2\/comments?post=12778"}],"version-history":[{"count":6,"href":"https:\/\/fundaciohospitalariesmartorell.org\/entre-tots\/wp-json\/wp\/v2\/posts\/12778\/revisions"}],"predecessor-version":[{"id":12787,"href":"https:\/\/fundaciohospitalariesmartorell.org\/entre-tots\/wp-json\/wp\/v2\/posts\/12778\/revisions\/12787"}],"wp:featuredmedia":[{"embeddable":true,"href":"https:\/\/fundaciohospitalariesmartorell.org\/entre-tots\/wp-json\/wp\/v2\/media\/12779"}],"wp:attachment":[{"href":"https:\/\/fundaciohospitalariesmartorell.org\/entre-tots\/wp-json\/wp\/v2\/media?parent=12778"}],"wp:term":[{"taxonomy":"category","embeddable":true,"href":"https:\/\/fundaciohospitalariesmartorell.org\/entre-tots\/wp-json\/wp\/v2\/categories?post=12778"},{"taxonomy":"post_tag","embeddable":true,"href":"https:\/\/fundaciohospitalariesmartorell.org\/entre-tots\/wp-json\/wp\/v2\/tags?post=12778"}],"curies":[{"name":"wp","href":"https:\/\/api.w.org\/{rel}","templated":true}]}}