{"id":12801,"date":"2026-03-19T14:28:00","date_gmt":"2026-03-19T13:28:00","guid":{"rendered":"https:\/\/fundaciohospitalariesmartorell.org\/entre-tots\/?p=12801"},"modified":"2026-03-30T10:47:36","modified_gmt":"2026-03-30T09:47:36","slug":"lansietat-la-depressio-i-les-alteracions-sensorials-multipliquen-el-risc-dauloesions-en-adolescents-amb-tea","status":"publish","type":"post","link":"https:\/\/fundaciohospitalariesmartorell.org\/entre-tots\/2026\/03\/lansietat-la-depressio-i-les-alteracions-sensorials-multipliquen-el-risc-dauloesions-en-adolescents-amb-tea\/","title":{"rendered":"L&#8217;ansietat, la depressi\u00f3 i les alteracions sensorials multipliquen el risc d&#8217;auloesions en adolescents amb TEA"},"content":{"rendered":"\n<p><span style=\"color: var(--theme-palette-color-3, #305766);\" class=\"stk-highlight\">Les conductes autolesives en adolescents amb Trastorn de l\u2019Espectre Autista (TEA) son un dels reptes m\u00e9s complexos i menys explorats dins l\u2019\u00e0mbit de la salut mental. Entendre com es relacionen amb factors com l\u2019ansietat, la depressi\u00f3 i el perfil sensorial \u00e9s essencial per millorar-ne l\u2019atenci\u00f3 cl\u00ednica.<\/span><\/p>\n\n\n\n<p><span style=\"color: var(--theme-palette-color-3, #305766);\" class=\"stk-highlight\">En aquest context, Berta Massaguer, psic\u00f2loga de la Unitat de Diversitat Funcional de la Fundaci\u00f3 Hospital\u00e0ries Martorell i doctoranda a la Universitat Ramon Llull, ha presentat aquest 27 de mar\u00e7 la seva tesi doctoral:&nbsp;<em>&#8220;Alteracions conductuals en adolescents amb Trastorn de l\u2019Espectre Autista en unitat d\u2019hospitalitzaci\u00f3: an\u00e0lisi de les conductes autolesives&#8221;<\/em>. <\/span><\/p>\n\n\n\n<p>La recerca analitza una mostra de 50 adolescents i joves amb diagn\u00f2stic de TEA ingressats en unitats d\u2019hospitalitzaci\u00f3. Mitjan\u00e7ant instruments estandarditzats com l\u2019ADOS-2, l\u2019ADI-R, el q\u00fcestionari STAI d\u2019ansietat, el BDI de depressi\u00f3, el perfil sensorial AASP i l\u2019inventari ISAS d\u2019autolesi\u00f3, l\u2019estudi examina els factors que poden influir en l\u2019aparici\u00f3 d\u2019aquestes conductes.<\/p>\n\n\n\n<p>Els resultats mostren associacions positives (coeficient de Spearman) entre l\u2019autolesi\u00f3 i nivells elevats d\u2019ansietat i depressi\u00f3, aix\u00ed com amb diverses dimensions de les conductes autolesives. Aquestes dades suggereixen que les alteracions sensorials caracter\u00edstiques del TEA podrien estar vinculades a un major risc d&#8217;autolesi\u00f3.<\/p>\n\n\n\n<blockquote class=\"wp-block-quote is-layout-flow wp-block-quote-is-layout-flow\">\n<p>A partir d\u2019aix\u00f2, l\u2019estudi defensa la necessitat de programes d\u2019intervenci\u00f3 individualitzats, adaptats a les necessitats espec\u00edfiques de cada adolescent, amb una perspectiva integral que abordi les alteracions conductuals, els problemes emocionals i les dificultats sensorials.<\/p>\n<\/blockquote>\n\n\n\n<figure class=\"wp-block-image size-full\"><img loading=\"lazy\" decoding=\"async\" width=\"850\" height=\"535\" src=\"https:\/\/fundaciohospitalariesmartorell.org\/entre-tots\/wp-content\/uploads\/2026\/03\/image-33.png\" alt=\"\" class=\"wp-image-12952\" srcset=\"https:\/\/fundaciohospitalariesmartorell.org\/entre-tots\/wp-content\/uploads\/2026\/03\/image-33.png 850w, https:\/\/fundaciohospitalariesmartorell.org\/entre-tots\/wp-content\/uploads\/2026\/03\/image-33-300x189.png 300w, https:\/\/fundaciohospitalariesmartorell.org\/entre-tots\/wp-content\/uploads\/2026\/03\/image-33-768x483.png 768w\" sizes=\"auto, (max-width: 850px) 100vw, 850px\" \/><\/figure>\n\n\n\n<figure class=\"wp-block-image\"><a href=\"https:\/\/fundaciohospitalariesmartorell.org\/entre-tots\/2026\/03\/lansietat-la-depressio-i-les-alteracions-sensorials-multipliquen-el-risc-dauloesions-en-adolescents-amb-tea\/\" target=\"_blank\" rel=\"noreferrer noopener\"><img decoding=\"async\" src=\"https:\/\/intranetsagratcor.hospitalarias.es\/docs_galeria\/doc_1236\/document\/image.png\" alt=\"\"\/><\/a><figcaption class=\"wp-element-caption\">La Berta va estar acompanyada pels seus companys i companyes d&#8217;unitat en la lectura de la seva tesi.<\/figcaption><\/figure>\n\n\n\n<p>M\u00e9s informaci\u00f3:<\/p>\n\n\n\n<p>1)&nbsp;&nbsp;&nbsp;&nbsp; &nbsp;Massaguer-Bardaj\u00ed, B., Grau-Touri\u00f1o, A., &amp; G\u00f3mez-Hinojosa, A. M. (2025).&nbsp;<em>Alteraciones conductuales en adolescentes y adultos j\u00f3venes con trastorno del espectro autista en unidad de hospitalizaci\u00f3n: An\u00e1lisis de las autolesiones.<\/em>&nbsp;Revista de Neurolog\u00eda, 80(6), 45344.&nbsp;<a rel=\"noreferrer noopener\" target=\"_blank\" href=\"https:\/\/doi.org\/10.31083\/RN45344\">https:\/\/doi.org\/10.31083\/RN45344<\/a><\/p>\n\n\n\n<p>2)&nbsp;&nbsp;&nbsp;&nbsp; &nbsp;Massaguer-Bardaj\u00ed, B., Grau-Touri\u00f1o, A., &amp; G\u00f3mez-Hinojosa, T. (2025).&nbsp;<em>An\u00e1lisis correlacional de las autolesiones en adolescentes y j\u00f3venes adultos con trastorno del espectro autista.<\/em>&nbsp;Apuntes de Psicolog\u00eda, 43(2), 201-209.<\/p>\n\n\n\n<p>3)&nbsp;&nbsp;&nbsp;<span style=\"color: var(--theme-palette-color-3, #305766);\" class=\"stk-highlight\">&nbsp; &nbsp;Massaguer-Bardaj\u00ed, B., Grau-Touri\u00f1o, A., &amp; G\u00f3mez-Hinojosa, T. (2024).&nbsp;<em>Diferencias en la autolesi\u00f3n en adolescentes y adultos j\u00f3venes con trastorno del espectro autista: un enfoque de g\u00e9nero.&nbsp;<\/em>Revista de Neurolog\u00eda, 79(2), 35-40.<\/span><\/p>\n","protected":false},"excerpt":{"rendered":"<p>Les conductes autolesives en adolescents amb Trastorn de l\u2019Espectre Autista (TEA) son un dels reptes m\u00e9s complexos i menys explorats dins l\u2019\u00e0mbit de la salut mental. Entendre com es relacionen amb factors com l\u2019ansietat, la depressi\u00f3 i el perfil sensorial \u00e9s essencial per millorar-ne l\u2019atenci\u00f3 cl\u00ednica. En aquest context, Berta Massaguer, psic\u00f2loga de la Unitat [&hellip;]<\/p>\n","protected":false},"author":6,"featured_media":12952,"comment_status":"closed","ping_status":"closed","sticky":false,"template":"","format":"standard","meta":{"footnotes":""},"categories":[27],"tags":[],"class_list":["post-12801","post","type-post","status-publish","format-standard","has-post-thumbnail","hentry","category-actualitat"],"blocksy_meta":[],"featured_image_urls_v2":{"full":["https:\/\/fundaciohospitalariesmartorell.org\/entre-tots\/wp-content\/uploads\/2026\/03\/image-33.png",850,535,false],"thumbnail":["https:\/\/fundaciohospitalariesmartorell.org\/entre-tots\/wp-content\/uploads\/2026\/03\/image-33-150x150.png",150,150,true],"medium":["https:\/\/fundaciohospitalariesmartorell.org\/entre-tots\/wp-content\/uploads\/2026\/03\/image-33-300x189.png",300,189,true],"medium_large":["https:\/\/fundaciohospitalariesmartorell.org\/entre-tots\/wp-content\/uploads\/2026\/03\/image-33-768x483.png",768,483,true],"large":["https:\/\/fundaciohospitalariesmartorell.org\/entre-tots\/wp-content\/uploads\/2026\/03\/image-33.png",850,535,false],"1536x1536":["https:\/\/fundaciohospitalariesmartorell.org\/entre-tots\/wp-content\/uploads\/2026\/03\/image-33.png",850,535,false],"2048x2048":["https:\/\/fundaciohospitalariesmartorell.org\/entre-tots\/wp-content\/uploads\/2026\/03\/image-33.png",850,535,false],"mailpoet_newsletter_max":["https:\/\/fundaciohospitalariesmartorell.org\/entre-tots\/wp-content\/uploads\/2026\/03\/image-33.png",850,535,false]},"post_excerpt_stackable_v2":"<p>Les conductes autolesives en adolescents amb Trastorn de l\u2019Espectre Autista (TEA) son un dels reptes m\u00e9s complexos i menys explorats dins l\u2019\u00e0mbit de la salut mental. Entendre com es relacionen amb factors com l\u2019ansietat, la depressi\u00f3 i el perfil sensorial \u00e9s essencial per millorar-ne l\u2019atenci\u00f3 cl\u00ednica. En aquest context, Berta Massaguer, psic\u00f2loga de la Unitat de Diversitat Funcional de la Fundaci\u00f3 Hospital\u00e0ries Martorell i doctoranda a la Universitat Ramon Llull, ha presentat aquest 27 de mar\u00e7 la seva tesi doctoral:&nbsp;&#8220;Alteracions conductuals en adolescents amb Trastorn de l\u2019Espectre Autista en unitat d\u2019hospitalitzaci\u00f3: an\u00e0lisi de les conductes autolesives&#8221;. La recerca analitza una&hellip;<\/p>\n","category_list_v2":"<a href=\"https:\/\/fundaciohospitalariesmartorell.org\/entre-tots\/category\/actualitat\/\" rel=\"category tag\">ACTUALITAT<\/a>","author_info_v2":{"name":"Martorell_comunicacio","url":"https:\/\/fundaciohospitalariesmartorell.org\/entre-tots\/author\/martorell_comunicacio\/"},"comments_num_v2":"0 comments","_links":{"self":[{"href":"https:\/\/fundaciohospitalariesmartorell.org\/entre-tots\/wp-json\/wp\/v2\/posts\/12801","targetHints":{"allow":["GET"]}}],"collection":[{"href":"https:\/\/fundaciohospitalariesmartorell.org\/entre-tots\/wp-json\/wp\/v2\/posts"}],"about":[{"href":"https:\/\/fundaciohospitalariesmartorell.org\/entre-tots\/wp-json\/wp\/v2\/types\/post"}],"author":[{"embeddable":true,"href":"https:\/\/fundaciohospitalariesmartorell.org\/entre-tots\/wp-json\/wp\/v2\/users\/6"}],"replies":[{"embeddable":true,"href":"https:\/\/fundaciohospitalariesmartorell.org\/entre-tots\/wp-json\/wp\/v2\/comments?post=12801"}],"version-history":[{"count":10,"href":"https:\/\/fundaciohospitalariesmartorell.org\/entre-tots\/wp-json\/wp\/v2\/posts\/12801\/revisions"}],"predecessor-version":[{"id":12956,"href":"https:\/\/fundaciohospitalariesmartorell.org\/entre-tots\/wp-json\/wp\/v2\/posts\/12801\/revisions\/12956"}],"wp:featuredmedia":[{"embeddable":true,"href":"https:\/\/fundaciohospitalariesmartorell.org\/entre-tots\/wp-json\/wp\/v2\/media\/12952"}],"wp:attachment":[{"href":"https:\/\/fundaciohospitalariesmartorell.org\/entre-tots\/wp-json\/wp\/v2\/media?parent=12801"}],"wp:term":[{"taxonomy":"category","embeddable":true,"href":"https:\/\/fundaciohospitalariesmartorell.org\/entre-tots\/wp-json\/wp\/v2\/categories?post=12801"},{"taxonomy":"post_tag","embeddable":true,"href":"https:\/\/fundaciohospitalariesmartorell.org\/entre-tots\/wp-json\/wp\/v2\/tags?post=12801"}],"curies":[{"name":"wp","href":"https:\/\/api.w.org\/{rel}","templated":true}]}}