{"id":12976,"date":"2026-04-15T14:37:51","date_gmt":"2026-04-15T13:37:51","guid":{"rendered":"https:\/\/fundaciohospitalariesmartorell.org\/entre-tots\/?p=12976"},"modified":"2026-04-16T07:27:10","modified_gmt":"2026-04-16T06:27:10","slug":"la-relacio-dajuda-lempatia-i-lescolta-activa-eix-de-la-nova-sessio-formativa-del-voluntariat","status":"publish","type":"post","link":"https:\/\/fundaciohospitalariesmartorell.org\/entre-tots\/2026\/04\/la-relacio-dajuda-lempatia-i-lescolta-activa-eix-de-la-nova-sessio-formativa-del-voluntariat\/","title":{"rendered":"La relaci\u00f3 d\u2019ajuda, l&#8217;empatia i l&#8217;escolta activa, eix de la nova sessi\u00f3 formativa del voluntariat"},"content":{"rendered":"\n<figure class=\"wp-block-image size-large\"><img loading=\"lazy\" decoding=\"async\" width=\"1024\" height=\"691\" src=\"https:\/\/fundaciohospitalariesmartorell.org\/entre-tots\/wp-content\/uploads\/2026\/04\/WhatsApp-Image-2026-04-08-at-09.12.47-e1776073843613-1024x691.jpeg\" alt=\"\" class=\"wp-image-12978\" srcset=\"https:\/\/fundaciohospitalariesmartorell.org\/entre-tots\/wp-content\/uploads\/2026\/04\/WhatsApp-Image-2026-04-08-at-09.12.47-e1776073843613-1024x691.jpeg 1024w, https:\/\/fundaciohospitalariesmartorell.org\/entre-tots\/wp-content\/uploads\/2026\/04\/WhatsApp-Image-2026-04-08-at-09.12.47-e1776073843613-300x203.jpeg 300w, https:\/\/fundaciohospitalariesmartorell.org\/entre-tots\/wp-content\/uploads\/2026\/04\/WhatsApp-Image-2026-04-08-at-09.12.47-e1776073843613-768x518.jpeg 768w, https:\/\/fundaciohospitalariesmartorell.org\/entre-tots\/wp-content\/uploads\/2026\/04\/WhatsApp-Image-2026-04-08-at-09.12.47-e1776073843613.jpeg 1200w\" sizes=\"auto, (max-width: 1024px) 100vw, 1024px\" \/><\/figure>\n\n\n\n<p>Amb la finalitat de mantenir el comprom\u00eds amb la formaci\u00f3 del voluntariat, el passat 26 de mar\u00e7 va tenir lloc una nova sessi\u00f3 a c\u00e0rrec de l\u2019Andrea, volunt\u00e0ria de la nostra instituci\u00f3. La trobada va centrar-se en la &#8220;relaci\u00f3 d&#8217;ajuda&#8221;, un enfocament inspirat en la psicologia humanista de Carl Rogers, que posa l\u2019accent en la qualitat del vincle i en el respecte profund per la persona acompanyada.<\/p>\n\n\n\n<p>Durant la sessi\u00f3, l\u2019Andrea va destacar diversos elements essencials per a l\u2019acompanyament de persones en situaci\u00f3 de vulnerabilitat: l\u2019empatia, entesa com la capacitat de comprendre el m\u00f3n emocional de l\u2019altre; l\u2019escolta activa, que implica una atenci\u00f3 plena, respectuosa i lliure de judicis; l\u2019acceptaci\u00f3 incondicional, que reconeix la dignitat i l\u2019autonomia de cada persona; i l\u2019autenticitat, \u00e9s a dir, la coher\u00e8ncia i la genu\u00efnitat en la relaci\u00f3 d\u2019acompanyament.<\/p>\n\n\n\n<p>Aquestes actituds, tal com va remarcar, permeten crear espais segurs on les persones ateses es sentin escoltades, acollides i respectades.<\/p>\n\n\n\n<blockquote class=\"wp-block-quote is-layout-flow wp-block-quote-is-layout-flow\">\n<p>La seg\u00fcent sessi\u00f3 formativa tindr\u00e0 lloc el 21 de maig i estar\u00e0 dedicada a la salut mental i la discapacitat intel\u00b7lectual.<\/p>\n<\/blockquote>\n\n\n\n<p><\/p>\n","protected":false},"excerpt":{"rendered":"<p>Amb la finalitat de mantenir el comprom\u00eds amb la formaci\u00f3 del voluntariat, el passat 26 de mar\u00e7 va tenir lloc una nova sessi\u00f3 a c\u00e0rrec de l\u2019Andrea, volunt\u00e0ria de la nostra instituci\u00f3. La trobada va centrar-se en la &#8220;relaci\u00f3 d&#8217;ajuda&#8221;, un enfocament inspirat en la psicologia humanista de Carl Rogers, que posa l\u2019accent en la [&hellip;]<\/p>\n","protected":false},"author":6,"featured_media":12978,"comment_status":"closed","ping_status":"closed","sticky":false,"template":"","format":"standard","meta":{"footnotes":""},"categories":[27],"tags":[],"class_list":["post-12976","post","type-post","status-publish","format-standard","has-post-thumbnail","hentry","category-actualitat"],"blocksy_meta":[],"featured_image_urls_v2":{"full":["https:\/\/fundaciohospitalariesmartorell.org\/entre-tots\/wp-content\/uploads\/2026\/04\/WhatsApp-Image-2026-04-08-at-09.12.47-e1776073843613.jpeg",1200,810,false],"thumbnail":["https:\/\/fundaciohospitalariesmartorell.org\/entre-tots\/wp-content\/uploads\/2026\/04\/WhatsApp-Image-2026-04-08-at-09.12.47-e1776073843613-150x150.jpeg",150,150,true],"medium":["https:\/\/fundaciohospitalariesmartorell.org\/entre-tots\/wp-content\/uploads\/2026\/04\/WhatsApp-Image-2026-04-08-at-09.12.47-e1776073843613-300x203.jpeg",300,203,true],"medium_large":["https:\/\/fundaciohospitalariesmartorell.org\/entre-tots\/wp-content\/uploads\/2026\/04\/WhatsApp-Image-2026-04-08-at-09.12.47-e1776073843613-768x518.jpeg",768,518,true],"large":["https:\/\/fundaciohospitalariesmartorell.org\/entre-tots\/wp-content\/uploads\/2026\/04\/WhatsApp-Image-2026-04-08-at-09.12.47-e1776073843613-1024x691.jpeg",1024,691,true],"1536x1536":["https:\/\/fundaciohospitalariesmartorell.org\/entre-tots\/wp-content\/uploads\/2026\/04\/WhatsApp-Image-2026-04-08-at-09.12.47-1152x1536.jpeg",1152,1536,true],"2048x2048":["https:\/\/fundaciohospitalariesmartorell.org\/entre-tots\/wp-content\/uploads\/2026\/04\/WhatsApp-Image-2026-04-08-at-09.12.47-e1776073843613.jpeg",1200,810,false],"mailpoet_newsletter_max":["https:\/\/fundaciohospitalariesmartorell.org\/entre-tots\/wp-content\/uploads\/2026\/04\/WhatsApp-Image-2026-04-08-at-09.12.47-e1776073843613.jpeg",1200,810,false]},"post_excerpt_stackable_v2":"<p>Amb la finalitat de mantenir el comprom\u00eds amb la formaci\u00f3 del voluntariat, el passat 26 de mar\u00e7 va tenir lloc una nova sessi\u00f3 a c\u00e0rrec de l\u2019Andrea, volunt\u00e0ria de la nostra instituci\u00f3. La trobada va centrar-se en la &#8220;relaci\u00f3 d&#8217;ajuda&#8221;, un enfocament inspirat en la psicologia humanista de Carl Rogers, que posa l\u2019accent en la qualitat del vincle i en el respecte profund per la persona acompanyada. Durant la sessi\u00f3, l\u2019Andrea va destacar diversos elements essencials per a l\u2019acompanyament de persones en situaci\u00f3 de vulnerabilitat: l\u2019empatia, entesa com la capacitat de comprendre el m\u00f3n emocional de l\u2019altre; l\u2019escolta activa, que&hellip;<\/p>\n","category_list_v2":"<a href=\"https:\/\/fundaciohospitalariesmartorell.org\/entre-tots\/category\/actualitat\/\" rel=\"category tag\">ACTUALITAT<\/a>","author_info_v2":{"name":"Martorell_comunicacio","url":"https:\/\/fundaciohospitalariesmartorell.org\/entre-tots\/author\/martorell_comunicacio\/"},"comments_num_v2":"0 comments","_links":{"self":[{"href":"https:\/\/fundaciohospitalariesmartorell.org\/entre-tots\/wp-json\/wp\/v2\/posts\/12976","targetHints":{"allow":["GET"]}}],"collection":[{"href":"https:\/\/fundaciohospitalariesmartorell.org\/entre-tots\/wp-json\/wp\/v2\/posts"}],"about":[{"href":"https:\/\/fundaciohospitalariesmartorell.org\/entre-tots\/wp-json\/wp\/v2\/types\/post"}],"author":[{"embeddable":true,"href":"https:\/\/fundaciohospitalariesmartorell.org\/entre-tots\/wp-json\/wp\/v2\/users\/6"}],"replies":[{"embeddable":true,"href":"https:\/\/fundaciohospitalariesmartorell.org\/entre-tots\/wp-json\/wp\/v2\/comments?post=12976"}],"version-history":[{"count":3,"href":"https:\/\/fundaciohospitalariesmartorell.org\/entre-tots\/wp-json\/wp\/v2\/posts\/12976\/revisions"}],"predecessor-version":[{"id":12994,"href":"https:\/\/fundaciohospitalariesmartorell.org\/entre-tots\/wp-json\/wp\/v2\/posts\/12976\/revisions\/12994"}],"wp:featuredmedia":[{"embeddable":true,"href":"https:\/\/fundaciohospitalariesmartorell.org\/entre-tots\/wp-json\/wp\/v2\/media\/12978"}],"wp:attachment":[{"href":"https:\/\/fundaciohospitalariesmartorell.org\/entre-tots\/wp-json\/wp\/v2\/media?parent=12976"}],"wp:term":[{"taxonomy":"category","embeddable":true,"href":"https:\/\/fundaciohospitalariesmartorell.org\/entre-tots\/wp-json\/wp\/v2\/categories?post=12976"},{"taxonomy":"post_tag","embeddable":true,"href":"https:\/\/fundaciohospitalariesmartorell.org\/entre-tots\/wp-json\/wp\/v2\/tags?post=12976"}],"curies":[{"name":"wp","href":"https:\/\/api.w.org\/{rel}","templated":true}]}}