{"id":12980,"date":"2026-04-13T12:21:35","date_gmt":"2026-04-13T11:21:35","guid":{"rendered":"https:\/\/fundaciohospitalariesmartorell.org\/entre-tots\/?p=12980"},"modified":"2026-04-16T13:12:06","modified_gmt":"2026-04-16T12:12:06","slug":"larea-de-persones-impulsa-un-audiovisual-per-connectar-les-noves-incorporacions-amb-antics-col%c2%b7aboradors-es","status":"publish","type":"post","link":"https:\/\/fundaciohospitalariesmartorell.org\/entre-tots\/2026\/04\/larea-de-persones-impulsa-un-audiovisual-per-connectar-les-noves-incorporacions-amb-antics-col%c2%b7aboradors-es\/","title":{"rendered":"L&#8217;\u00c0rea de Persones impulsa un audiovisual per connectar les noves incorporacions amb antics col\u00b7aboradors\/es"},"content":{"rendered":"\n<h4 class=\"wp-block-heading\"><span style=\"color: var(--theme-palette-color-1, #9f2b68);\" class=\"stk-highlight\">Amb \u201cEmpremtes\u201d, la Fundaci\u00f3 Hospital\u00e0ries Martorell vol refor\u00e7ar el vincle entre generacions i consolidar un relat compartit d\u2019hospitalitat i comprom\u00eds.<\/span><\/h4>\n\n\n\n<p>L\u2019\u00c0rea de Persones de la Fundaci\u00f3 Hospital\u00e0ries Martorell ha impulsat el projecte audiovisual <strong>\u201cEmpremtes. Persones que han fet de l\u2019Hospitalitat la seva empremta\u201d<\/strong>, un v\u00eddeo testimonial protagonitzat per antics professionals del centre amb la voluntat de connectar experi\u00e8ncia i futur.<\/p>\n\n\n\n<p>Aquest v\u00eddeo recull les reflexions de professionals que han desenvolupat una part important de la seva traject\u00f2ria a la nostra instituci\u00f3 i que comparteixen qu\u00e8 s\u2019emporten del seu pas pel centre, quina empremta senten que han deixat i quin missatge volen transmetre a les noves generacions. Hi participen la Carme Palau (administrativa), en Pere Juli\u00e0 (serveis generals), la Montserrat Roura (TCAI), la Inma Burillo (treballadora social) i la N\u00faria Camps (psiquiatra).<\/p>\n\n\n\n<figure class=\"wp-block-embed is-type-video is-provider-youtube wp-block-embed-youtube wp-embed-aspect-16-9 wp-has-aspect-ratio\"><div class=\"wp-block-embed__wrapper\">\n<iframe loading=\"lazy\" title=\"Empremtes. Persones que han fet de l\u2019Hospitalitat la seva empremta\" width=\"1290\" height=\"726\" src=\"https:\/\/www.youtube.com\/embed\/U9bnAj0qQ10?feature=oembed\" frameborder=\"0\" allow=\"accelerometer; autoplay; clipboard-write; encrypted-media; gyroscope; picture-in-picture; web-share\" referrerpolicy=\"strict-origin-when-cross-origin\" allowfullscreen><\/iframe>\n<\/div><\/figure>\n\n\n\n<p>La iniciativa t\u00e9 com a objectiu refor\u00e7ar el proc\u00e9s d\u2019acollida de nous professionals, incorporant una transmissi\u00f3 vivencial del Model d\u2019Identitat Institucional (MII). A trav\u00e9s d\u2019aquest recurs audiovisual, es vol promoure la participaci\u00f3 activa de professionals amb un alt grau d\u2019identificaci\u00f3 amb la instituci\u00f3 que es troben en fase de jubilaci\u00f3 o ja s&#8217;han jubilat, afavorint la continu\u00eftat del coneixement i la cultura organitzativa.<\/p>\n\n\n\n<p>El v\u00eddeo es projectar\u00e0 durant les sessions d\u2019acollida de les noves incorporacions, i vol ser una eina de benvinguda que posi en valor l\u2019experi\u00e8ncia acumulada amb els anys i faciliti la transmissi\u00f3 de valors, la cultura institucional i les bones pr\u00e0ctiques. El trobareu a la Intranet a<a href=\"https:\/\/intranetsagratcor.hospitalarias.es\/docs_galeria\/doc_233\/document\/files\/Empremtes_FH_MARTORELL_2.mp4\"> l&#8217;\u00c0rea de Persones \/ Identitat Hospital\u00e0ria i Valors \/ V\u00eddeos Acollida.<\/a><\/p>\n\n\n\n<p><\/p>\n","protected":false},"excerpt":{"rendered":"<p>Amb \u201cEmpremtes\u201d, la Fundaci\u00f3 Hospital\u00e0ries Martorell vol refor\u00e7ar el vincle entre generacions i consolidar un relat compartit d\u2019hospitalitat i comprom\u00eds. L\u2019\u00c0rea de Persones de la Fundaci\u00f3 Hospital\u00e0ries Martorell ha impulsat el projecte audiovisual \u201cEmpremtes. Persones que han fet de l\u2019Hospitalitat la seva empremta\u201d, un v\u00eddeo testimonial protagonitzat per antics professionals del centre amb la voluntat [&hellip;]<\/p>\n","protected":false},"author":6,"featured_media":12984,"comment_status":"closed","ping_status":"closed","sticky":false,"template":"","format":"standard","meta":{"footnotes":""},"categories":[27],"tags":[],"class_list":["post-12980","post","type-post","status-publish","format-standard","has-post-thumbnail","hentry","category-actualitat"],"blocksy_meta":[],"featured_image_urls_v2":{"full":["https:\/\/fundaciohospitalariesmartorell.org\/entre-tots\/wp-content\/uploads\/2026\/04\/Video-resum-CAT.png",1920,1080,false],"thumbnail":["https:\/\/fundaciohospitalariesmartorell.org\/entre-tots\/wp-content\/uploads\/2026\/04\/Video-resum-CAT-150x150.png",150,150,true],"medium":["https:\/\/fundaciohospitalariesmartorell.org\/entre-tots\/wp-content\/uploads\/2026\/04\/Video-resum-CAT-300x169.png",300,169,true],"medium_large":["https:\/\/fundaciohospitalariesmartorell.org\/entre-tots\/wp-content\/uploads\/2026\/04\/Video-resum-CAT-768x432.png",768,432,true],"large":["https:\/\/fundaciohospitalariesmartorell.org\/entre-tots\/wp-content\/uploads\/2026\/04\/Video-resum-CAT-1024x576.png",1024,576,true],"1536x1536":["https:\/\/fundaciohospitalariesmartorell.org\/entre-tots\/wp-content\/uploads\/2026\/04\/Video-resum-CAT-1536x864.png",1536,864,true],"2048x2048":["https:\/\/fundaciohospitalariesmartorell.org\/entre-tots\/wp-content\/uploads\/2026\/04\/Video-resum-CAT.png",1920,1080,false],"mailpoet_newsletter_max":["https:\/\/fundaciohospitalariesmartorell.org\/entre-tots\/wp-content\/uploads\/2026\/04\/Video-resum-CAT-1320x743.png",1320,743,true]},"post_excerpt_stackable_v2":"<p>Amb \u201cEmpremtes\u201d, la Fundaci\u00f3 Hospital\u00e0ries Martorell vol refor\u00e7ar el vincle entre generacions i consolidar un relat compartit d\u2019hospitalitat i comprom\u00eds. L\u2019\u00c0rea de Persones de la Fundaci\u00f3 Hospital\u00e0ries Martorell ha impulsat el projecte audiovisual \u201cEmpremtes. Persones que han fet de l\u2019Hospitalitat la seva empremta\u201d, un v\u00eddeo testimonial protagonitzat per antics professionals del centre amb la voluntat de connectar experi\u00e8ncia i futur. Aquest v\u00eddeo recull les reflexions de professionals que han desenvolupat una part important de la seva traject\u00f2ria a la nostra instituci\u00f3 i que comparteixen qu\u00e8 s\u2019emporten del seu pas pel centre, quina empremta senten que han deixat i quin missatge&hellip;<\/p>\n","category_list_v2":"<a href=\"https:\/\/fundaciohospitalariesmartorell.org\/entre-tots\/category\/actualitat\/\" rel=\"category tag\">ACTUALITAT<\/a>","author_info_v2":{"name":"Martorell_comunicacio","url":"https:\/\/fundaciohospitalariesmartorell.org\/entre-tots\/author\/martorell_comunicacio\/"},"comments_num_v2":"0 comments","_links":{"self":[{"href":"https:\/\/fundaciohospitalariesmartorell.org\/entre-tots\/wp-json\/wp\/v2\/posts\/12980","targetHints":{"allow":["GET"]}}],"collection":[{"href":"https:\/\/fundaciohospitalariesmartorell.org\/entre-tots\/wp-json\/wp\/v2\/posts"}],"about":[{"href":"https:\/\/fundaciohospitalariesmartorell.org\/entre-tots\/wp-json\/wp\/v2\/types\/post"}],"author":[{"embeddable":true,"href":"https:\/\/fundaciohospitalariesmartorell.org\/entre-tots\/wp-json\/wp\/v2\/users\/6"}],"replies":[{"embeddable":true,"href":"https:\/\/fundaciohospitalariesmartorell.org\/entre-tots\/wp-json\/wp\/v2\/comments?post=12980"}],"version-history":[{"count":6,"href":"https:\/\/fundaciohospitalariesmartorell.org\/entre-tots\/wp-json\/wp\/v2\/posts\/12980\/revisions"}],"predecessor-version":[{"id":13032,"href":"https:\/\/fundaciohospitalariesmartorell.org\/entre-tots\/wp-json\/wp\/v2\/posts\/12980\/revisions\/13032"}],"wp:featuredmedia":[{"embeddable":true,"href":"https:\/\/fundaciohospitalariesmartorell.org\/entre-tots\/wp-json\/wp\/v2\/media\/12984"}],"wp:attachment":[{"href":"https:\/\/fundaciohospitalariesmartorell.org\/entre-tots\/wp-json\/wp\/v2\/media?parent=12980"}],"wp:term":[{"taxonomy":"category","embeddable":true,"href":"https:\/\/fundaciohospitalariesmartorell.org\/entre-tots\/wp-json\/wp\/v2\/categories?post=12980"},{"taxonomy":"post_tag","embeddable":true,"href":"https:\/\/fundaciohospitalariesmartorell.org\/entre-tots\/wp-json\/wp\/v2\/tags?post=12980"}],"curies":[{"name":"wp","href":"https:\/\/api.w.org\/{rel}","templated":true}]}}