{"id":13026,"date":"2026-04-16T12:10:04","date_gmt":"2026-04-16T11:10:04","guid":{"rendered":"https:\/\/fundaciohospitalariesmartorell.org\/entre-tots\/?p=13026"},"modified":"2026-04-21T09:44:22","modified_gmt":"2026-04-21T08:44:22","slug":"la-fundacio-hospitalaries-martorell-participa-en-la-i-jornada-de-terapia-ocupacional-del-cst","status":"publish","type":"post","link":"https:\/\/fundaciohospitalariesmartorell.org\/entre-tots\/2026\/04\/la-fundacio-hospitalaries-martorell-participa-en-la-i-jornada-de-terapia-ocupacional-del-cst\/","title":{"rendered":"Professionals de la FH Martorell presenten treballs a la I Jornada de Ter\u00e0pia Ocupacional del CST"},"content":{"rendered":"\n<figure class=\"wp-block-image size-full\"><img loading=\"lazy\" decoding=\"async\" width=\"866\" height=\"523\" src=\"https:\/\/fundaciohospitalariesmartorell.org\/entre-tots\/wp-content\/uploads\/2026\/04\/Captura-de-pantalla-2026-04-16-130702-1.png\" alt=\"\" class=\"wp-image-13029\" srcset=\"https:\/\/fundaciohospitalariesmartorell.org\/entre-tots\/wp-content\/uploads\/2026\/04\/Captura-de-pantalla-2026-04-16-130702-1.png 866w, https:\/\/fundaciohospitalariesmartorell.org\/entre-tots\/wp-content\/uploads\/2026\/04\/Captura-de-pantalla-2026-04-16-130702-1-300x181.png 300w, https:\/\/fundaciohospitalariesmartorell.org\/entre-tots\/wp-content\/uploads\/2026\/04\/Captura-de-pantalla-2026-04-16-130702-1-768x464.png 768w\" sizes=\"auto, (max-width: 866px) 100vw, 866px\" \/><\/figure>\n\n\n\n<p>La Fundaci\u00f3 Hospital\u00e0ries Martorell va participar el passat 18 de mar\u00e7 en la I Jornada de Ter\u00e0pia Ocupacional del Consorci Sanitari de Terrassa, una trobada que va reunir un ampli nombre de professionals i estudiants sota el lema \u201cCompartiendo caminos en terapia ocupacional\u201d. L\u2019esdeveniment, celebrat en una ciutat que compta amb escola universit\u00e0ria de Ter\u00e0pia Ocupacional, va comptar amb una elevada participaci\u00f3.<\/p>\n\n\n\n<p>En aquest context, Esther Romaguera, terapeuta ocupacional del Servei de Rehabilitaci\u00f3 F\u00edsica, va presentar un p\u00f2ster sobre l\u2019estimulaci\u00f3 multisensorial en persones amb dany cerebral adquirit i baix nivell de consci\u00e8ncia. El treball descriu una <a href=\"https:\/\/xn--daocerebral-2db.es\/hablamos-de-estimulacion-multisensorial-en-dano-cerebral-en-la-i-jornada-de-terapia-ocupacional-del-consorcio-sanitario-de-terrassa\/\">intervenci\u00f3 basada en sessions individuals<\/a> que integren diversos est\u00edmuls sensorials amb l\u2019objectiu d\u2019afavorir l\u2019activaci\u00f3 cerebral, promoure respostes funcionals i prevenir l\u2019a\u00efllament sensorial.<\/p>\n\n\n\n<p>A la jornada tamb\u00e9 hi va participar Eva Mart\u00edn, terapeuta ocupacional de la UIR-TCA, amb la presentaci\u00f3 d\u2019un p\u00f2ster centrat en l\u2019atenci\u00f3 a persones amb trastorn de la conducta aliment\u00e0ria.<\/p>\n\n\n\n<blockquote class=\"wp-block-quote is-layout-flow wp-block-quote-is-layout-flow\">\n<p>La jornada va evidenciar la diversitat d\u2019\u00e0mbits d\u2019actuaci\u00f3 de la ter\u00e0pia ocupacional, aix\u00ed com els reptes de futur en el desenvolupament d\u2019una atenci\u00f3 centrada en la persona.<\/p>\n<\/blockquote>\n\n\n\n<p><\/p>\n","protected":false},"excerpt":{"rendered":"<p>La Fundaci\u00f3 Hospital\u00e0ries Martorell va participar el passat 18 de mar\u00e7 en la I Jornada de Ter\u00e0pia Ocupacional del Consorci Sanitari de Terrassa, una trobada que va reunir un ampli nombre de professionals i estudiants sota el lema \u201cCompartiendo caminos en terapia ocupacional\u201d. L\u2019esdeveniment, celebrat en una ciutat que compta amb escola universit\u00e0ria de Ter\u00e0pia [&hellip;]<\/p>\n","protected":false},"author":6,"featured_media":13028,"comment_status":"closed","ping_status":"closed","sticky":false,"template":"","format":"standard","meta":{"footnotes":""},"categories":[27],"tags":[],"class_list":["post-13026","post","type-post","status-publish","format-standard","has-post-thumbnail","hentry","category-actualitat"],"blocksy_meta":[],"featured_image_urls_v2":{"full":["https:\/\/fundaciohospitalariesmartorell.org\/entre-tots\/wp-content\/uploads\/2026\/04\/Captura-de-pantalla-2026-04-16-130702.png",866,523,false],"thumbnail":["https:\/\/fundaciohospitalariesmartorell.org\/entre-tots\/wp-content\/uploads\/2026\/04\/Captura-de-pantalla-2026-04-16-130702-150x150.png",150,150,true],"medium":["https:\/\/fundaciohospitalariesmartorell.org\/entre-tots\/wp-content\/uploads\/2026\/04\/Captura-de-pantalla-2026-04-16-130702-300x181.png",300,181,true],"medium_large":["https:\/\/fundaciohospitalariesmartorell.org\/entre-tots\/wp-content\/uploads\/2026\/04\/Captura-de-pantalla-2026-04-16-130702-768x464.png",768,464,true],"large":["https:\/\/fundaciohospitalariesmartorell.org\/entre-tots\/wp-content\/uploads\/2026\/04\/Captura-de-pantalla-2026-04-16-130702.png",866,523,false],"1536x1536":["https:\/\/fundaciohospitalariesmartorell.org\/entre-tots\/wp-content\/uploads\/2026\/04\/Captura-de-pantalla-2026-04-16-130702.png",866,523,false],"2048x2048":["https:\/\/fundaciohospitalariesmartorell.org\/entre-tots\/wp-content\/uploads\/2026\/04\/Captura-de-pantalla-2026-04-16-130702.png",866,523,false],"mailpoet_newsletter_max":["https:\/\/fundaciohospitalariesmartorell.org\/entre-tots\/wp-content\/uploads\/2026\/04\/Captura-de-pantalla-2026-04-16-130702.png",866,523,false]},"post_excerpt_stackable_v2":"<p>La Fundaci\u00f3 Hospital\u00e0ries Martorell va participar el passat 18 de mar\u00e7 en la I Jornada de Ter\u00e0pia Ocupacional del Consorci Sanitari de Terrassa, una trobada que va reunir un ampli nombre de professionals i estudiants sota el lema \u201cCompartiendo caminos en terapia ocupacional\u201d. L\u2019esdeveniment, celebrat en una ciutat que compta amb escola universit\u00e0ria de Ter\u00e0pia Ocupacional, va comptar amb una elevada participaci\u00f3. En aquest context, Esther Romaguera, terapeuta ocupacional del Servei de Rehabilitaci\u00f3 F\u00edsica, va presentar un p\u00f2ster sobre l\u2019estimulaci\u00f3 multisensorial en persones amb dany cerebral adquirit i baix nivell de consci\u00e8ncia. El treball descriu una intervenci\u00f3 basada en sessions&hellip;<\/p>\n","category_list_v2":"<a href=\"https:\/\/fundaciohospitalariesmartorell.org\/entre-tots\/category\/actualitat\/\" rel=\"category tag\">ACTUALITAT<\/a>","author_info_v2":{"name":"Martorell_comunicacio","url":"https:\/\/fundaciohospitalariesmartorell.org\/entre-tots\/author\/martorell_comunicacio\/"},"comments_num_v2":"0 comments","_links":{"self":[{"href":"https:\/\/fundaciohospitalariesmartorell.org\/entre-tots\/wp-json\/wp\/v2\/posts\/13026","targetHints":{"allow":["GET"]}}],"collection":[{"href":"https:\/\/fundaciohospitalariesmartorell.org\/entre-tots\/wp-json\/wp\/v2\/posts"}],"about":[{"href":"https:\/\/fundaciohospitalariesmartorell.org\/entre-tots\/wp-json\/wp\/v2\/types\/post"}],"author":[{"embeddable":true,"href":"https:\/\/fundaciohospitalariesmartorell.org\/entre-tots\/wp-json\/wp\/v2\/users\/6"}],"replies":[{"embeddable":true,"href":"https:\/\/fundaciohospitalariesmartorell.org\/entre-tots\/wp-json\/wp\/v2\/comments?post=13026"}],"version-history":[{"count":2,"href":"https:\/\/fundaciohospitalariesmartorell.org\/entre-tots\/wp-json\/wp\/v2\/posts\/13026\/revisions"}],"predecessor-version":[{"id":13041,"href":"https:\/\/fundaciohospitalariesmartorell.org\/entre-tots\/wp-json\/wp\/v2\/posts\/13026\/revisions\/13041"}],"wp:featuredmedia":[{"embeddable":true,"href":"https:\/\/fundaciohospitalariesmartorell.org\/entre-tots\/wp-json\/wp\/v2\/media\/13028"}],"wp:attachment":[{"href":"https:\/\/fundaciohospitalariesmartorell.org\/entre-tots\/wp-json\/wp\/v2\/media?parent=13026"}],"wp:term":[{"taxonomy":"category","embeddable":true,"href":"https:\/\/fundaciohospitalariesmartorell.org\/entre-tots\/wp-json\/wp\/v2\/categories?post=13026"},{"taxonomy":"post_tag","embeddable":true,"href":"https:\/\/fundaciohospitalariesmartorell.org\/entre-tots\/wp-json\/wp\/v2\/tags?post=13026"}],"curies":[{"name":"wp","href":"https:\/\/api.w.org\/{rel}","templated":true}]}}