{"id":13034,"date":"2026-04-20T09:13:36","date_gmt":"2026-04-20T08:13:36","guid":{"rendered":"https:\/\/fundaciohospitalariesmartorell.org\/entre-tots\/?p=13034"},"modified":"2026-04-21T09:52:13","modified_gmt":"2026-04-21T08:52:13","slug":"seminari-de-bioetica-2026-una-jornada-per-reforcar-la-reflexio-etica-en-la-practica-assistencial","status":"publish","type":"post","link":"https:\/\/fundaciohospitalariesmartorell.org\/entre-tots\/2026\/04\/seminari-de-bioetica-2026-una-jornada-per-reforcar-la-reflexio-etica-en-la-practica-assistencial\/","title":{"rendered":"Seminari de Bio\u00e8tica 2026: una jornada per refor\u00e7ar la reflexi\u00f3 \u00e8tica en la pr\u00e0ctica assistencial"},"content":{"rendered":"\n<figure class=\"wp-block-image size-large\"><img loading=\"lazy\" decoding=\"async\" width=\"1317\" height=\"762\" src=\"https:\/\/fundaciohospitalariesmartorell.org\/entre-tots\/wp-content\/uploads\/2026\/04\/image-6-edited.png\" alt=\"\" class=\"wp-image-13036\" srcset=\"https:\/\/fundaciohospitalariesmartorell.org\/entre-tots\/wp-content\/uploads\/2026\/04\/image-6-edited.png 1317w, https:\/\/fundaciohospitalariesmartorell.org\/entre-tots\/wp-content\/uploads\/2026\/04\/image-6-edited-300x174.png 300w, https:\/\/fundaciohospitalariesmartorell.org\/entre-tots\/wp-content\/uploads\/2026\/04\/image-6-edited-1024x592.png 1024w, https:\/\/fundaciohospitalariesmartorell.org\/entre-tots\/wp-content\/uploads\/2026\/04\/image-6-edited-768x444.png 768w\" sizes=\"auto, (max-width: 1317px) 100vw, 1317px\" \/><\/figure>\n\n\n\n<p>El passat 14 d\u2019abril es va celebrar el Seminari de Bio\u00e8tica organitzat pel Comit\u00e8 d\u2019\u00c8tica Assistencial (CEA) del nostre centre, una activitat formativa de car\u00e0cter anual que, en aquesta edici\u00f3, va reunir 18 professionals de diverses disciplines.<\/p>\n\n\n\n<p>La sessi\u00f3 va comen\u00e7ar amb una presentaci\u00f3 del programa i del mateix Comit\u00e8, a c\u00e0rrec de Miguel Ruiz, que va contextualitzar la seva hist\u00f2ria, funcions i disponibilitat com a recurs de suport per als professionals.<\/p>\n\n\n\n<p>A continuaci\u00f3, David Lorenzo, president de l\u2019Institut Borja de Bio\u00e8tica, va aprofundir en l\u2019origen de la bio\u00e8tica, els seus principis fonamentals i la metodologia d\u2019an\u00e0lisi de casos. Posteriorment, Roberto Narvaiz, responsable del PAER, va dinamitzar un espai participatiu de recollida de situacions reals que generen dilemes \u00e8tics, aportades pels mateixos assistents. La jornada va culminar amb un taller pr\u00e0ctic condu\u00eft per Esther Serret, en qu\u00e8 els assistents van treballar en petits grups l\u2019an\u00e0lisi i recomanaci\u00f3 de casos, amb una posada en com\u00fa final.<\/p>\n\n\n\n<blockquote class=\"wp-block-quote is-layout-flow wp-block-quote-is-layout-flow\">\n<p>Des del centre es posa en relleu la import\u00e0ncia de fomentar una cultura d\u2019an\u00e0lisi i deliberaci\u00f3 bio\u00e8tica entre els professionals dels dispositius assistencials, aix\u00ed com de promoure el Comit\u00e8 com a recurs de suport i assessorament en aquest \u00e0mbit.<\/p>\n<\/blockquote>\n\n\n\n<p><\/p>\n","protected":false},"excerpt":{"rendered":"<p>El passat 14 d\u2019abril es va celebrar el Seminari de Bio\u00e8tica organitzat pel Comit\u00e8 d\u2019\u00c8tica Assistencial (CEA) del nostre centre, una activitat formativa de car\u00e0cter anual que, en aquesta edici\u00f3, va reunir 18 professionals de diverses disciplines. La sessi\u00f3 va comen\u00e7ar amb una presentaci\u00f3 del programa i del mateix Comit\u00e8, a c\u00e0rrec de Miguel Ruiz, [&hellip;]<\/p>\n","protected":false},"author":6,"featured_media":13036,"comment_status":"closed","ping_status":"closed","sticky":false,"template":"","format":"standard","meta":{"footnotes":""},"categories":[27],"tags":[],"class_list":["post-13034","post","type-post","status-publish","format-standard","has-post-thumbnail","hentry","category-actualitat"],"blocksy_meta":[],"featured_image_urls_v2":{"full":["https:\/\/fundaciohospitalariesmartorell.org\/entre-tots\/wp-content\/uploads\/2026\/04\/image-6-edited.png",1317,762,false],"thumbnail":["https:\/\/fundaciohospitalariesmartorell.org\/entre-tots\/wp-content\/uploads\/2026\/04\/image-6-edited-150x150.png",150,150,true],"medium":["https:\/\/fundaciohospitalariesmartorell.org\/entre-tots\/wp-content\/uploads\/2026\/04\/image-6-edited-300x174.png",300,174,true],"medium_large":["https:\/\/fundaciohospitalariesmartorell.org\/entre-tots\/wp-content\/uploads\/2026\/04\/image-6-edited-768x444.png",768,444,true],"large":["https:\/\/fundaciohospitalariesmartorell.org\/entre-tots\/wp-content\/uploads\/2026\/04\/image-6-edited-1024x592.png",1024,592,true],"1536x1536":["https:\/\/fundaciohospitalariesmartorell.org\/entre-tots\/wp-content\/uploads\/2026\/04\/image-6-edited.png",1317,762,false],"2048x2048":["https:\/\/fundaciohospitalariesmartorell.org\/entre-tots\/wp-content\/uploads\/2026\/04\/image-6-edited.png",1317,762,false],"mailpoet_newsletter_max":["https:\/\/fundaciohospitalariesmartorell.org\/entre-tots\/wp-content\/uploads\/2026\/04\/image-6-edited.png",1317,762,false]},"post_excerpt_stackable_v2":"<p>El passat 14 d\u2019abril es va celebrar el Seminari de Bio\u00e8tica organitzat pel Comit\u00e8 d\u2019\u00c8tica Assistencial (CEA) del nostre centre, una activitat formativa de car\u00e0cter anual que, en aquesta edici\u00f3, va reunir 18 professionals de diverses disciplines. La sessi\u00f3 va comen\u00e7ar amb una presentaci\u00f3 del programa i del mateix Comit\u00e8, a c\u00e0rrec de Miguel Ruiz, que va contextualitzar la seva hist\u00f2ria, funcions i disponibilitat com a recurs de suport per als professionals. A continuaci\u00f3, David Lorenzo, president de l\u2019Institut Borja de Bio\u00e8tica, va aprofundir en l\u2019origen de la bio\u00e8tica, els seus principis fonamentals i la metodologia d\u2019an\u00e0lisi de casos. Posteriorment,&hellip;<\/p>\n","category_list_v2":"<a href=\"https:\/\/fundaciohospitalariesmartorell.org\/entre-tots\/category\/actualitat\/\" rel=\"category tag\">ACTUALITAT<\/a>","author_info_v2":{"name":"Martorell_comunicacio","url":"https:\/\/fundaciohospitalariesmartorell.org\/entre-tots\/author\/martorell_comunicacio\/"},"comments_num_v2":"0 comments","_links":{"self":[{"href":"https:\/\/fundaciohospitalariesmartorell.org\/entre-tots\/wp-json\/wp\/v2\/posts\/13034","targetHints":{"allow":["GET"]}}],"collection":[{"href":"https:\/\/fundaciohospitalariesmartorell.org\/entre-tots\/wp-json\/wp\/v2\/posts"}],"about":[{"href":"https:\/\/fundaciohospitalariesmartorell.org\/entre-tots\/wp-json\/wp\/v2\/types\/post"}],"author":[{"embeddable":true,"href":"https:\/\/fundaciohospitalariesmartorell.org\/entre-tots\/wp-json\/wp\/v2\/users\/6"}],"replies":[{"embeddable":true,"href":"https:\/\/fundaciohospitalariesmartorell.org\/entre-tots\/wp-json\/wp\/v2\/comments?post=13034"}],"version-history":[{"count":2,"href":"https:\/\/fundaciohospitalariesmartorell.org\/entre-tots\/wp-json\/wp\/v2\/posts\/13034\/revisions"}],"predecessor-version":[{"id":13043,"href":"https:\/\/fundaciohospitalariesmartorell.org\/entre-tots\/wp-json\/wp\/v2\/posts\/13034\/revisions\/13043"}],"wp:featuredmedia":[{"embeddable":true,"href":"https:\/\/fundaciohospitalariesmartorell.org\/entre-tots\/wp-json\/wp\/v2\/media\/13036"}],"wp:attachment":[{"href":"https:\/\/fundaciohospitalariesmartorell.org\/entre-tots\/wp-json\/wp\/v2\/media?parent=13034"}],"wp:term":[{"taxonomy":"category","embeddable":true,"href":"https:\/\/fundaciohospitalariesmartorell.org\/entre-tots\/wp-json\/wp\/v2\/categories?post=13034"},{"taxonomy":"post_tag","embeddable":true,"href":"https:\/\/fundaciohospitalariesmartorell.org\/entre-tots\/wp-json\/wp\/v2\/tags?post=13034"}],"curies":[{"name":"wp","href":"https:\/\/api.w.org\/{rel}","templated":true}]}}