{"id":13051,"date":"2026-04-22T10:37:01","date_gmt":"2026-04-22T09:37:01","guid":{"rendered":"https:\/\/fundaciohospitalariesmartorell.org\/entre-tots\/?p=13051"},"modified":"2026-04-24T07:32:15","modified_gmt":"2026-04-24T06:32:15","slug":"bajo-la-piel-del-monstruo-un-llibre-que-dona-veu-a-les-persones-amb-tca-de-llarga-evolucio","status":"publish","type":"post","link":"https:\/\/fundaciohospitalariesmartorell.org\/entre-tots\/2026\/04\/bajo-la-piel-del-monstruo-un-llibre-que-dona-veu-a-les-persones-amb-tca-de-llarga-evolucio\/","title":{"rendered":"\u201cBajo la piel del monstruo\u201d, un llibre que dona veu a les persones amb TCA de llarga evoluci\u00f3"},"content":{"rendered":"\n<figure class=\"wp-block-image size-full\"><img loading=\"lazy\" decoding=\"async\" width=\"971\" height=\"546\" src=\"https:\/\/fundaciohospitalariesmartorell.org\/entre-tots\/wp-content\/uploads\/2026\/04\/Captura-de-pantalla-2026-04-22-112145-edited.png\" alt=\"\" class=\"wp-image-13056\" srcset=\"https:\/\/fundaciohospitalariesmartorell.org\/entre-tots\/wp-content\/uploads\/2026\/04\/Captura-de-pantalla-2026-04-22-112145-edited.png 971w, https:\/\/fundaciohospitalariesmartorell.org\/entre-tots\/wp-content\/uploads\/2026\/04\/Captura-de-pantalla-2026-04-22-112145-edited-300x169.png 300w, https:\/\/fundaciohospitalariesmartorell.org\/entre-tots\/wp-content\/uploads\/2026\/04\/Captura-de-pantalla-2026-04-22-112145-edited-768x432.png 768w\" sizes=\"auto, (max-width: 971px) 100vw, 971px\" \/><\/figure>\n\n\n\n<p>Ester Iranzo, autora del llibre Bajo la piel del monstruo, comparteix la seva experi\u00e8ncia amb un trastorn de la conducta aliment\u00e0ria (TCA) de llarga evoluci\u00f3 en un acte organitzat per l\u2019Hospital Universitari de Bellvitge i la Fundaci\u00f3 Hospital\u00e0ries Martorell.<\/p>\n\n\n\n<p>\u201cNo m\u2019he recuperat del tot, per\u00f2 continuo vivint\u201d. Amb aquesta frase, Ester Iranzo va resumir aquest dimarts a Martorell l\u2019esperit de Bajo la piel del monstruo, el llibre en qu\u00e8 posa paraules a m\u00e9s de dues d\u00e8cades convivint amb un trastorn de la conducta aliment\u00e0ria (TCA). Lluny dels relats de superaci\u00f3 lineals, l\u2019autora reivindica una mirada m\u00e9s realista sobre la recuperaci\u00f3.<\/p>\n\n\n\n<p>La presentaci\u00f3 del llibre, editat conjuntament per l\u2019Hospital Universitari de Bellvitge i la Fundaci\u00f3 Hospital\u00e0ries Martorell, es va celebrar aquest 21 d\u2019abril a la sala d\u2019actes de la Fundaci\u00f3 Hospital\u00e0ries Martorell, en un acte previ a Sant Jordi. La trobada va reunir professionals, persones ateses, fam\u00edlies i entitats vinculades a la salut mental i als TCA.<\/p>\n\n\n\n<p>L\u2019acte va comptar amb la participaci\u00f3 de la mateixa autora; del director gerent de la Fundaci\u00f3 Hospital\u00e0ries Martorell, <strong>Jes\u00fas Ezquerra<\/strong>; del director de la Unitat Integral de Recuperaci\u00f3 dels Trastorns de la Conducta Aliment\u00e0ria (UIR-TCA) i investigador de l\u2019IDIBELL, <strong>Fernando Fern\u00e1ndez-Aranda<\/strong>; i de la coordinadora de la mateixa unitat, <strong>N\u00faria Jaurrieta<\/strong>.<\/p>\n\n\n\n<p>\u201cSi puc ajudar una sola persona, per a mi ja haur\u00e0 valgut la pena\u201d, va assegurar Iranzo. Per a ella, veure el seu relat convertit en un llibre ha estat una manera de \u201cdesenganxar-se una mica de l\u2019etiqueta de persona amb un trastorn\u201d i tornar a sentir-se \u201cpersona\u201d.<\/p>\n\n\n\n<figure class=\"wp-block-image size-full\"><img loading=\"lazy\" decoding=\"async\" width=\"976\" height=\"549\" src=\"https:\/\/fundaciohospitalariesmartorell.org\/entre-tots\/wp-content\/uploads\/2026\/04\/Captura-de-pantalla-2026-04-22-112832-edited-1.png\" alt=\"\" class=\"wp-image-13059\" srcset=\"https:\/\/fundaciohospitalariesmartorell.org\/entre-tots\/wp-content\/uploads\/2026\/04\/Captura-de-pantalla-2026-04-22-112832-edited-1.png 976w, https:\/\/fundaciohospitalariesmartorell.org\/entre-tots\/wp-content\/uploads\/2026\/04\/Captura-de-pantalla-2026-04-22-112832-edited-1-300x169.png 300w, https:\/\/fundaciohospitalariesmartorell.org\/entre-tots\/wp-content\/uploads\/2026\/04\/Captura-de-pantalla-2026-04-22-112832-edited-1-768x432.png 768w\" sizes=\"auto, (max-width: 976px) 100vw, 976px\" \/><\/figure>\n\n\n\n<h4 class=\"wp-block-heading\">Un llibre nascut de la necessitat de donar esperan\u00e7a<\/h4>\n\n\n\n<p>Diagnosticada des dels 18 anys, Ester Iranzo va explicar que sempre havia escrit, especialment en els moments m\u00e9s dif\u00edcils. Per\u00f2 <em>Bajo la piel del monstruo <\/em>neix d\u2019una pregunta concreta: \u201cQu\u00e8 m\u2019hauria agradat sentir quan vaig comen\u00e7ar amb el trastorn?\u201d. \u201cVaig comen\u00e7ar a escriure no per a mi, sin\u00f3 per parlar amb alg\u00fa\u201d, va explicar.<\/p>\n\n\n\n<p>El llibre recull reflexions, met\u00e0fores i viv\u00e8ncies sobre la por, la culpa, l\u2019a\u00efllament, les recaigudes i la relaci\u00f3 amb el propi cos i amb l\u2019entorn.<\/p>\n\n\n\n<p>Una de les idees centrals del relat \u00e9s la del \u201cmonstre\u201d, una met\u00e0fora del trastorn. \u201c\u00c9s aquella part malalta que et vol anul\u00b7lar\u201d, va explicar. Per\u00f2 l\u2019autora tamb\u00e9 va deixar clar que no es tracta de lluitar constantment contra aquest \u201cmonstre\u201d, sin\u00f3 d\u2019aprendre a conviure-hi sense que ocupi tot l\u2019espai.<\/p>\n\n\n\n<p>\u201cLa por \u00e9s el capit\u00e0 dels monstres\u201d, escriu Iranzo al llibre. Durant l\u2019acte va llegir un fragment especialment significatiu: \u201cNo s\u2019ha d\u2019evitar ni apartar. Cal aprendre a conviure-hi. Ha de convertir-se en una mena de company, encara que sigui molest\u201d.<\/p>\n\n\n\n<h4 class=\"wp-block-heading\">Una mirada realista sobre la recuperaci\u00f3<\/h4>\n\n\n\n<p>Un dels aspectes que m\u00e9s va emocionar les persones assistents va ser la manera com l\u2019autora parla de la recuperaci\u00f3. Lluny d\u2019una idea idealitzada de \u201ccuraci\u00f3\u201d, Iranzo defensa que, en molts casos, conviure amb un TCA implica aprendre a identificar senyals d\u2019alerta, acceptar les recaigudes i continuar endavant.<\/p>\n\n\n\n<p>\u201cJo no m\u2019he curat del tot, per\u00f2 tampoc no aspiro a aix\u00f2. Crec que s\u00f3n millores, recaigudes, pujades i baixades\u201d, va afirmar. \u201cHi ha molta gent que no es recupera del tot i aix\u00f2 no es diu prou. Per\u00f2 aix\u00f2 no vol dir que no puguis tenir una vida\u201d.<\/p>\n\n\n\n<p>El seu testimoni va connectar especialment amb altres persones amb experi\u00e8ncia pr\u00f2pia en TCA presents a l\u2019acte, algunes de les quals van agrair que el llibre visibilitzi una realitat menys explicada: la de les persones adultes amb trastorns de llarga durada.<\/p>\n\n\n\n<p>\u201cHi ha molts llibres de persones que expliquen com s\u2019han recuperat del tot, per\u00f2 hi ha molta gent que no, i d\u2019aix\u00f2 no se\u2019n parla\u201d, segons la Dra. Jaurrieta. \u201cPoder-ho veure des d\u2019aquest enfocament ajuda molt\u201d, va afegir.<\/p>\n\n\n\n<h4 class=\"wp-block-heading\">Una unitat pionera per a persones adultes amb TCA de llarga evoluci\u00f3<\/h4>\n\n\n\n<p>El llibre tamb\u00e9 ha servit per visibilitzar la feina de la UIR-TCA Bellvitge-Martorell, una unitat pionera a Europa impulsada pel Departament de Salut per tractar persones adultes amb trastorns de la conducta aliment\u00e0ria d\u2019alta complexitat i llarga durada.<\/p>\n\n\n\n<p>Aquest recurs, gestionat conjuntament per l\u2019Hospital Universitari de Bellvitge i la Fundaci\u00f3 Hospital\u00e0ries Martorell, ofereix una hospitalitzaci\u00f3 de mitjana estada de tres a quatre mesos i dona servei a tot Catalunya.<\/p>\n\n\n\n<p>El Dr. Fernando Fern\u00e1ndez-Aranda va explicar que la unitat ja ha at\u00e8s prop d\u2019un centenar de persones en dos anys i mig i que els resultats s\u00f3n \u201cmolt positius\u201d. \u201cMoltes persones arriben despr\u00e9s d\u2019anys de patiment i d\u2019haver exhaurit altres recursos. El que busquem \u00e9s que recuperin l\u2019esperan\u00e7a i trobin de nou un projecte de vida\u201d, va afirmar.<\/p>\n\n\n\n<p>Per la seva banda, la Dra. N\u00faria Jaurrieta va recordar que el tractament no se centra nom\u00e9s en el pes o l\u2019alimentaci\u00f3, sin\u00f3 tamb\u00e9 en els factors emocionals, familiars i socials. \u201cAra s\u2019inclou molt m\u00e9s la fam\u00edlia i l\u2019entorn. Les persones properes tamb\u00e9 necessiten entendre qu\u00e8 est\u00e0 passant i com poden ajudar\u201d, va explicar Iranzo durant la conversa.<\/p>\n\n\n\n<figure class=\"wp-block-image size-large\"><img loading=\"lazy\" decoding=\"async\" width=\"1024\" height=\"576\" src=\"https:\/\/fundaciohospitalariesmartorell.org\/entre-tots\/wp-content\/uploads\/2026\/04\/image-9-1024x576.png\" alt=\"\" class=\"wp-image-13055\" srcset=\"https:\/\/fundaciohospitalariesmartorell.org\/entre-tots\/wp-content\/uploads\/2026\/04\/image-9-1024x576.png 1024w, https:\/\/fundaciohospitalariesmartorell.org\/entre-tots\/wp-content\/uploads\/2026\/04\/image-9-300x169.png 300w, https:\/\/fundaciohospitalariesmartorell.org\/entre-tots\/wp-content\/uploads\/2026\/04\/image-9-768x432.png 768w, https:\/\/fundaciohospitalariesmartorell.org\/entre-tots\/wp-content\/uploads\/2026\/04\/image-9-1536x864.png 1536w, https:\/\/fundaciohospitalariesmartorell.org\/entre-tots\/wp-content\/uploads\/2026\/04\/image-9-1320x743.png 1320w, https:\/\/fundaciohospitalariesmartorell.org\/entre-tots\/wp-content\/uploads\/2026\/04\/image-9.png 1600w\" sizes=\"auto, (max-width: 1024px) 100vw, 1024px\" \/><\/figure>\n\n\n\n<h4 class=\"wp-block-heading\">Escriure per transformar el dolor<\/h4>\n\n\n\n<p>La coordinadora de la unitat, la Dra. Jaurrieta, va assegurar que va descobrir el potencial dels escrits d\u2019Ester Iranzo perqu\u00e8 aquella era la seva manera de comunicar-se quan no podia verbalitzar el que sentia. \u201cQuan vaig llegir el que escrivia vaig pensar: aix\u00f2 pot ajudar molta gent\u201d, va recordar.<\/p>\n\n\n\n<p>Per a l\u2019autora, escriure ha estat una eina per ordenar el dolor i donar-li sentit. \u201cJo era capa\u00e7 d\u2019escriure coses que no podia verbalitzar. Volia parlar de tu a tu amb alg\u00fa que es pogu\u00e9s sentir igual de perdut o sol\u201d, va explicar.<\/p>\n\n\n\n<p>El llibre inclou tamb\u00e9 il\u00b7lustracions de V\u00edctor Casado, creades a partir de les emocions i met\u00e0fores que l\u2019autora li transmetia. Entre aquestes, destaquen unes ales cosides, una imatge que simbolitza la possibilitat de tornar a al\u00e7ar el vol despr\u00e9s d\u2019haver-se sentit trencada.<\/p>\n\n\n\n<p>Al final de l\u2019acte, professionals, familiars i persones ateses van coincidir a destacar la import\u00e0ncia de donar visibilitat a una realitat sovint silenciada i marcada per l\u2019estigma. \u201cEn els problemes de salut mental, moltes vegades la culpa pesa m\u00e9s que el mateix dolor\u201d, va afirmar Iranzo. \u201cPer aix\u00f2 \u00e9s tan important entendre que aix\u00f2 no \u00e9s culpa de ning\u00fa\u201d.<\/p>\n\n\n\n<p>La presentaci\u00f3 de Bajo la piel del monstruo no ha estat nom\u00e9s la d\u2019un llibre. Ha estat tamb\u00e9 la reivindicaci\u00f3 d\u2019una altra manera de parlar dels TCA: amb menys estigma, m\u00e9s honestedat i m\u00e9s esperan\u00e7a. <\/p>\n\n\n\n<p>\ud83d\udcd6 Podeu descarregar el llibre en PDF <a href=\"https:\/\/bellvitgehospital.cat\/sites\/default\/files\/2026-04\/Bajo_la%20_piel_del_monstruo.pdf\" data-type=\"link\" data-id=\"https:\/\/bellvitgehospital.cat\/sites\/default\/files\/2026-04\/Bajo_la%20_piel_del_monstruo.pdf\">en aquest enlla\u00e7<\/a>.<\/p>\n\n\n\n<figure class=\"wp-block-embed is-type-video is-provider-youtube wp-block-embed-youtube wp-embed-aspect-9-16 wp-has-aspect-ratio\"><div class=\"wp-block-embed__wrapper\">\n<iframe loading=\"lazy\" title=\"\u201cBajo la piel del monstruo\u201d, un llibre que dona veu a les persones amb TCA de llarga evoluci\u00f3\" width=\"563\" height=\"1000\" src=\"https:\/\/www.youtube.com\/embed\/Tfv7mDre3TU?feature=oembed\" frameborder=\"0\" allow=\"accelerometer; autoplay; clipboard-write; encrypted-media; gyroscope; picture-in-picture; web-share\" referrerpolicy=\"strict-origin-when-cross-origin\" allowfullscreen><\/iframe>\n<\/div><\/figure>\n","protected":false},"excerpt":{"rendered":"<p>Ester Iranzo, autora del llibre Bajo la piel del monstruo, comparteix la seva experi\u00e8ncia amb un trastorn de la conducta aliment\u00e0ria (TCA) de llarga evoluci\u00f3 en un acte organitzat per l\u2019Hospital Universitari de Bellvitge i la Fundaci\u00f3 Hospital\u00e0ries Martorell. \u201cNo m\u2019he recuperat del tot, per\u00f2 continuo vivint\u201d. Amb aquesta frase, Ester Iranzo va resumir aquest [&hellip;]<\/p>\n","protected":false},"author":6,"featured_media":13056,"comment_status":"closed","ping_status":"closed","sticky":false,"template":"","format":"standard","meta":{"footnotes":""},"categories":[27],"tags":[],"class_list":["post-13051","post","type-post","status-publish","format-standard","has-post-thumbnail","hentry","category-actualitat"],"blocksy_meta":[],"featured_image_urls_v2":{"full":["https:\/\/fundaciohospitalariesmartorell.org\/entre-tots\/wp-content\/uploads\/2026\/04\/Captura-de-pantalla-2026-04-22-112145-edited.png",971,546,false],"thumbnail":["https:\/\/fundaciohospitalariesmartorell.org\/entre-tots\/wp-content\/uploads\/2026\/04\/Captura-de-pantalla-2026-04-22-112145-edited-150x150.png",150,150,true],"medium":["https:\/\/fundaciohospitalariesmartorell.org\/entre-tots\/wp-content\/uploads\/2026\/04\/Captura-de-pantalla-2026-04-22-112145-edited-300x169.png",300,169,true],"medium_large":["https:\/\/fundaciohospitalariesmartorell.org\/entre-tots\/wp-content\/uploads\/2026\/04\/Captura-de-pantalla-2026-04-22-112145-edited-768x432.png",768,432,true],"large":["https:\/\/fundaciohospitalariesmartorell.org\/entre-tots\/wp-content\/uploads\/2026\/04\/Captura-de-pantalla-2026-04-22-112145-edited.png",971,546,false],"1536x1536":["https:\/\/fundaciohospitalariesmartorell.org\/entre-tots\/wp-content\/uploads\/2026\/04\/Captura-de-pantalla-2026-04-22-112145-edited.png",971,546,false],"2048x2048":["https:\/\/fundaciohospitalariesmartorell.org\/entre-tots\/wp-content\/uploads\/2026\/04\/Captura-de-pantalla-2026-04-22-112145-edited.png",971,546,false],"mailpoet_newsletter_max":["https:\/\/fundaciohospitalariesmartorell.org\/entre-tots\/wp-content\/uploads\/2026\/04\/Captura-de-pantalla-2026-04-22-112145-edited.png",971,546,false]},"post_excerpt_stackable_v2":"<p>Ester Iranzo, autora del llibre Bajo la piel del monstruo, comparteix la seva experi\u00e8ncia amb un trastorn de la conducta aliment\u00e0ria (TCA) de llarga evoluci\u00f3 en un acte organitzat per l\u2019Hospital Universitari de Bellvitge i la Fundaci\u00f3 Hospital\u00e0ries Martorell. \u201cNo m\u2019he recuperat del tot, per\u00f2 continuo vivint\u201d. Amb aquesta frase, Ester Iranzo va resumir aquest dimarts a Martorell l\u2019esperit de Bajo la piel del monstruo, el llibre en qu\u00e8 posa paraules a m\u00e9s de dues d\u00e8cades convivint amb un trastorn de la conducta aliment\u00e0ria (TCA). Lluny dels relats de superaci\u00f3 lineals, l\u2019autora reivindica una mirada m\u00e9s realista sobre la recuperaci\u00f3.&hellip;<\/p>\n","category_list_v2":"<a href=\"https:\/\/fundaciohospitalariesmartorell.org\/entre-tots\/category\/actualitat\/\" rel=\"category tag\">ACTUALITAT<\/a>","author_info_v2":{"name":"Martorell_comunicacio","url":"https:\/\/fundaciohospitalariesmartorell.org\/entre-tots\/author\/martorell_comunicacio\/"},"comments_num_v2":"0 comments","_links":{"self":[{"href":"https:\/\/fundaciohospitalariesmartorell.org\/entre-tots\/wp-json\/wp\/v2\/posts\/13051","targetHints":{"allow":["GET"]}}],"collection":[{"href":"https:\/\/fundaciohospitalariesmartorell.org\/entre-tots\/wp-json\/wp\/v2\/posts"}],"about":[{"href":"https:\/\/fundaciohospitalariesmartorell.org\/entre-tots\/wp-json\/wp\/v2\/types\/post"}],"author":[{"embeddable":true,"href":"https:\/\/fundaciohospitalariesmartorell.org\/entre-tots\/wp-json\/wp\/v2\/users\/6"}],"replies":[{"embeddable":true,"href":"https:\/\/fundaciohospitalariesmartorell.org\/entre-tots\/wp-json\/wp\/v2\/comments?post=13051"}],"version-history":[{"count":3,"href":"https:\/\/fundaciohospitalariesmartorell.org\/entre-tots\/wp-json\/wp\/v2\/posts\/13051\/revisions"}],"predecessor-version":[{"id":13080,"href":"https:\/\/fundaciohospitalariesmartorell.org\/entre-tots\/wp-json\/wp\/v2\/posts\/13051\/revisions\/13080"}],"wp:featuredmedia":[{"embeddable":true,"href":"https:\/\/fundaciohospitalariesmartorell.org\/entre-tots\/wp-json\/wp\/v2\/media\/13056"}],"wp:attachment":[{"href":"https:\/\/fundaciohospitalariesmartorell.org\/entre-tots\/wp-json\/wp\/v2\/media?parent=13051"}],"wp:term":[{"taxonomy":"category","embeddable":true,"href":"https:\/\/fundaciohospitalariesmartorell.org\/entre-tots\/wp-json\/wp\/v2\/categories?post=13051"},{"taxonomy":"post_tag","embeddable":true,"href":"https:\/\/fundaciohospitalariesmartorell.org\/entre-tots\/wp-json\/wp\/v2\/tags?post=13051"}],"curies":[{"name":"wp","href":"https:\/\/api.w.org\/{rel}","templated":true}]}}