{"id":13064,"date":"2026-04-24T10:00:09","date_gmt":"2026-04-24T09:00:09","guid":{"rendered":"https:\/\/fundaciohospitalariesmartorell.org\/entre-tots\/?p=13064"},"modified":"2026-04-27T09:07:05","modified_gmt":"2026-04-27T08:07:05","slug":"el-csma-de-berga-impulsa-un-nou-espai-de-suport-i-psicoeducacio-per-a-families","status":"publish","type":"post","link":"https:\/\/fundaciohospitalariesmartorell.org\/entre-tots\/2026\/04\/el-csma-de-berga-impulsa-un-nou-espai-de-suport-i-psicoeducacio-per-a-families\/","title":{"rendered":"Els Serveis de Salut Mental de Berga impulsen un nou espai de suport i psicoeducaci\u00f3 per a fam\u00edlies"},"content":{"rendered":"\n<h3 class=\"wp-block-heading\"><span style=\"color: var(--theme-palette-color-1, #9f2b68);\" class=\"stk-highlight\">El centre posa en marxa un cicle de sessions per oferir informaci\u00f3, acompanyament i un espai de participaci\u00f3 conjunta amb els professionals de salut mental<\/span><\/h3>\n\n\n\n<p>Els Serveis de Salut Mental de Berga de la Fundaci\u00f3 Hospital\u00e0ries Martorell han iniciat una nova l\u00ednia d\u2019atenci\u00f3 adre\u00e7ada a les fam\u00edlies de les persones usu\u00e0ries del centre. Aquest nou grup de fam\u00edlies neix amb la voluntat de ser un espai de suport i intercanvi d&#8217;informaci\u00f3, combinant la vessant de la psicoeducaci\u00f3 amb la proximitat dels professionals.<\/p>\n\n\n\n<div class=\"wp-block-stackable-image stk-block-image stk-block stk-e2fc8e2\" data-block-id=\"e2fc8e2\"><figure><span class=\"stk-img-wrapper stk-image--shape-stretch\"><img loading=\"lazy\" decoding=\"async\" class=\"stk-img wp-image-13065\" src=\"https:\/\/fundaciohospitalariesmartorell.org\/entre-tots\/wp-content\/uploads\/2026\/04\/WhatsApp-Image-2026-04-22-at-13.35.04.jpeg\" width=\"1600\" height=\"900\" srcset=\"https:\/\/fundaciohospitalariesmartorell.org\/entre-tots\/wp-content\/uploads\/2026\/04\/WhatsApp-Image-2026-04-22-at-13.35.04.jpeg 1600w, https:\/\/fundaciohospitalariesmartorell.org\/entre-tots\/wp-content\/uploads\/2026\/04\/WhatsApp-Image-2026-04-22-at-13.35.04-300x169.jpeg 300w, https:\/\/fundaciohospitalariesmartorell.org\/entre-tots\/wp-content\/uploads\/2026\/04\/WhatsApp-Image-2026-04-22-at-13.35.04-1024x576.jpeg 1024w, https:\/\/fundaciohospitalariesmartorell.org\/entre-tots\/wp-content\/uploads\/2026\/04\/WhatsApp-Image-2026-04-22-at-13.35.04-768x432.jpeg 768w, https:\/\/fundaciohospitalariesmartorell.org\/entre-tots\/wp-content\/uploads\/2026\/04\/WhatsApp-Image-2026-04-22-at-13.35.04-1536x864.jpeg 1536w, https:\/\/fundaciohospitalariesmartorell.org\/entre-tots\/wp-content\/uploads\/2026\/04\/WhatsApp-Image-2026-04-22-at-13.35.04-1320x743.jpeg 1320w\" sizes=\"auto, (max-width: 1600px) 100vw, 1600px\" \/><\/span><\/figure><\/div>\n\n\n\n<p><br>Joana Plana, treballadora social del Servei de Rehabilitaci\u00f3 Comunit\u00e0ria de Berga, explica que l&#8217;objectiu \u00e9s &#8220;que les fam\u00edlies se sentin acompanyades i informades, i m\u00e9s pr\u00f2ximes al professional&#8221;. Aquesta nova metodologia vol anar m\u00e9s enll\u00e0 del que es venia fent fins ara, que eren trobades puntuals d&#8217;oci entre els familiars. &#8220;Es convida un professional perqu\u00e8 faci una sessi\u00f3 informativa sobre temes concrets de salut mental i de serveis del centre, fomentant sempre la participaci\u00f3 de totes les fam\u00edlies&#8221;, ha detallat.<\/p>\n\n\n\n<div class=\"wp-block-stackable-heading stk-block-heading stk-block-heading--v2 stk-block stk-2df4b62\" id=\"br-bona-acollida-del-format\" data-block-id=\"2df4b62\"><h5 class=\"stk-block-heading__text\"><br>Bona acollida del format<\/h5><\/div>\n\n\n\n<p>La primera trobada aquest mes d&#8217;abril s\u2019ha realitzat amb una valoraci\u00f3 positiva. En aquesta ocasi\u00f3, les fam\u00edlies han pogut resoldre dubtes concrets amb el Dr. Silgado, psiquiatre i coordinador d&#8217;Atenci\u00f3 Comunit\u00e0ria del centre bergued\u00e0. Segons Plana, el format ha perm\u00e8s un &#8220;feedback d&#8217;informaci\u00f3 molt directe i proper&#8221;, on les fam\u00edlies han pogut preguntar sobre situacions quotidianes i rebre orientaci\u00f3 professional immediata.<\/p>\n\n\n\n<div class=\"wp-block-stackable-image stk-block-image stk-block stk-7b1b18d\" data-block-id=\"7b1b18d\"><figure><span class=\"stk-img-wrapper stk-image--shape-stretch\"><img loading=\"lazy\" decoding=\"async\" class=\"stk-img wp-image-13066\" src=\"https:\/\/fundaciohospitalariesmartorell.org\/entre-tots\/wp-content\/uploads\/2026\/04\/WhatsApp-Image-2026-04-22-at-13.35.26.jpeg\" width=\"1600\" height=\"900\" srcset=\"https:\/\/fundaciohospitalariesmartorell.org\/entre-tots\/wp-content\/uploads\/2026\/04\/WhatsApp-Image-2026-04-22-at-13.35.26.jpeg 1600w, https:\/\/fundaciohospitalariesmartorell.org\/entre-tots\/wp-content\/uploads\/2026\/04\/WhatsApp-Image-2026-04-22-at-13.35.26-300x169.jpeg 300w, https:\/\/fundaciohospitalariesmartorell.org\/entre-tots\/wp-content\/uploads\/2026\/04\/WhatsApp-Image-2026-04-22-at-13.35.26-1024x576.jpeg 1024w, https:\/\/fundaciohospitalariesmartorell.org\/entre-tots\/wp-content\/uploads\/2026\/04\/WhatsApp-Image-2026-04-22-at-13.35.26-768x432.jpeg 768w, https:\/\/fundaciohospitalariesmartorell.org\/entre-tots\/wp-content\/uploads\/2026\/04\/WhatsApp-Image-2026-04-22-at-13.35.26-1536x864.jpeg 1536w, https:\/\/fundaciohospitalariesmartorell.org\/entre-tots\/wp-content\/uploads\/2026\/04\/WhatsApp-Image-2026-04-22-at-13.35.26-1320x743.jpeg 1320w\" sizes=\"auto, (max-width: 1600px) 100vw, 1600px\" \/><\/span><\/figure><\/div>\n\n\n\n<p><br>A m\u00e9s de les fam\u00edlies del CSMA, de l&#8217;Hospital de Dia, del SRC i del programa PSI, en aquesta sessi\u00f3 inaugural tamb\u00e9 s&#8217;han convidat professionals d&#8217;entitats comunit\u00e0ries per tal d&#8217;enfortir la xarxa de treball del territori: Fundaci\u00f3 Horitz\u00f3, Fundaci\u00f3 la Llar i ASFAM.<\/p>\n\n\n\n<div class=\"wp-block-stackable-heading stk-block-heading stk-block-heading--v2 stk-block stk-1067030\" id=\"br-calendari\" data-block-id=\"1067030\"><h5 class=\"stk-block-heading__text\"><br>Calendari <\/h5><\/div>\n\n\n\n<p><br>El grup es reunir\u00e0 tres vegades m\u00e9s en el que queda d\u2019any al Servei de Rehabilitaci\u00f3 Comunit\u00e0ria (Pla\u00e7a dels Pa\u00efsos Catalans, 4, baixos de Berga) de 10:00 h a 11:30 h. Les properes sessions programades s\u00f3n:<br>\u2022 2 de juny: Amb la Sra. Clara Mangot (Psic\u00f2loga).<br>\u2022 22 de setembre: Amb la Sra. Joana Plana (Treballadora Social).<br>\u2022 24 de novembre: Amb la Sra. Bego\u00f1a Lara (Educadora Social).<\/p>\n\n\n\n<p><br>Aquest projecte referma el comprom\u00eds de la Fundaci\u00f3 Hospital\u00e0ries Martorell amb una atenci\u00f3 integral que tingui en compte no nom\u00e9s l&#8217;usuari, sin\u00f3 tamb\u00e9 el seu entorn familiar com a pe\u00e7a clau en el proc\u00e9s de recuperaci\u00f3.<\/p>\n\n\n\n<p><\/p>\n\n\n\n<p><\/p>\n","protected":false},"excerpt":{"rendered":"<p>El centre posa en marxa un cicle de sessions per oferir informaci\u00f3, acompanyament i un espai de participaci\u00f3 conjunta amb els professionals de salut mental Els Serveis de Salut Mental de Berga de la Fundaci\u00f3 Hospital\u00e0ries Martorell han iniciat una nova l\u00ednia d\u2019atenci\u00f3 adre\u00e7ada a les fam\u00edlies de les persones usu\u00e0ries del centre. Aquest nou [&hellip;]<\/p>\n","protected":false},"author":6,"featured_media":13066,"comment_status":"closed","ping_status":"closed","sticky":false,"template":"","format":"standard","meta":{"footnotes":""},"categories":[27],"tags":[],"class_list":["post-13064","post","type-post","status-publish","format-standard","has-post-thumbnail","hentry","category-actualitat"],"blocksy_meta":[],"featured_image_urls_v2":{"full":["https:\/\/fundaciohospitalariesmartorell.org\/entre-tots\/wp-content\/uploads\/2026\/04\/WhatsApp-Image-2026-04-22-at-13.35.26.jpeg",1600,900,false],"thumbnail":["https:\/\/fundaciohospitalariesmartorell.org\/entre-tots\/wp-content\/uploads\/2026\/04\/WhatsApp-Image-2026-04-22-at-13.35.26-150x150.jpeg",150,150,true],"medium":["https:\/\/fundaciohospitalariesmartorell.org\/entre-tots\/wp-content\/uploads\/2026\/04\/WhatsApp-Image-2026-04-22-at-13.35.26-300x169.jpeg",300,169,true],"medium_large":["https:\/\/fundaciohospitalariesmartorell.org\/entre-tots\/wp-content\/uploads\/2026\/04\/WhatsApp-Image-2026-04-22-at-13.35.26-768x432.jpeg",768,432,true],"large":["https:\/\/fundaciohospitalariesmartorell.org\/entre-tots\/wp-content\/uploads\/2026\/04\/WhatsApp-Image-2026-04-22-at-13.35.26-1024x576.jpeg",1024,576,true],"1536x1536":["https:\/\/fundaciohospitalariesmartorell.org\/entre-tots\/wp-content\/uploads\/2026\/04\/WhatsApp-Image-2026-04-22-at-13.35.26-1536x864.jpeg",1536,864,true],"2048x2048":["https:\/\/fundaciohospitalariesmartorell.org\/entre-tots\/wp-content\/uploads\/2026\/04\/WhatsApp-Image-2026-04-22-at-13.35.26.jpeg",1600,900,false],"mailpoet_newsletter_max":["https:\/\/fundaciohospitalariesmartorell.org\/entre-tots\/wp-content\/uploads\/2026\/04\/WhatsApp-Image-2026-04-22-at-13.35.26-1320x743.jpeg",1320,743,true]},"post_excerpt_stackable_v2":"<p>El centre posa en marxa un cicle de sessions per oferir informaci\u00f3, acompanyament i un espai de participaci\u00f3 conjunta amb els professionals de salut mental Els Serveis de Salut Mental de Berga de la Fundaci\u00f3 Hospital\u00e0ries Martorell han iniciat una nova l\u00ednia d\u2019atenci\u00f3 adre\u00e7ada a les fam\u00edlies de les persones usu\u00e0ries del centre. Aquest nou grup de fam\u00edlies neix amb la voluntat de ser un espai de suport i intercanvi d&#8217;informaci\u00f3, combinant la vessant de la psicoeducaci\u00f3 amb la proximitat dels professionals. Joana Plana, treballadora social del Servei de Rehabilitaci\u00f3 Comunit\u00e0ria de Berga, explica que l&#8217;objectiu \u00e9s &#8220;que les fam\u00edlies&hellip;<\/p>\n","category_list_v2":"<a href=\"https:\/\/fundaciohospitalariesmartorell.org\/entre-tots\/category\/actualitat\/\" rel=\"category tag\">ACTUALITAT<\/a>","author_info_v2":{"name":"Martorell_comunicacio","url":"https:\/\/fundaciohospitalariesmartorell.org\/entre-tots\/author\/martorell_comunicacio\/"},"comments_num_v2":"0 comments","_links":{"self":[{"href":"https:\/\/fundaciohospitalariesmartorell.org\/entre-tots\/wp-json\/wp\/v2\/posts\/13064","targetHints":{"allow":["GET"]}}],"collection":[{"href":"https:\/\/fundaciohospitalariesmartorell.org\/entre-tots\/wp-json\/wp\/v2\/posts"}],"about":[{"href":"https:\/\/fundaciohospitalariesmartorell.org\/entre-tots\/wp-json\/wp\/v2\/types\/post"}],"author":[{"embeddable":true,"href":"https:\/\/fundaciohospitalariesmartorell.org\/entre-tots\/wp-json\/wp\/v2\/users\/6"}],"replies":[{"embeddable":true,"href":"https:\/\/fundaciohospitalariesmartorell.org\/entre-tots\/wp-json\/wp\/v2\/comments?post=13064"}],"version-history":[{"count":5,"href":"https:\/\/fundaciohospitalariesmartorell.org\/entre-tots\/wp-json\/wp\/v2\/posts\/13064\/revisions"}],"predecessor-version":[{"id":13100,"href":"https:\/\/fundaciohospitalariesmartorell.org\/entre-tots\/wp-json\/wp\/v2\/posts\/13064\/revisions\/13100"}],"wp:featuredmedia":[{"embeddable":true,"href":"https:\/\/fundaciohospitalariesmartorell.org\/entre-tots\/wp-json\/wp\/v2\/media\/13066"}],"wp:attachment":[{"href":"https:\/\/fundaciohospitalariesmartorell.org\/entre-tots\/wp-json\/wp\/v2\/media?parent=13064"}],"wp:term":[{"taxonomy":"category","embeddable":true,"href":"https:\/\/fundaciohospitalariesmartorell.org\/entre-tots\/wp-json\/wp\/v2\/categories?post=13064"},{"taxonomy":"post_tag","embeddable":true,"href":"https:\/\/fundaciohospitalariesmartorell.org\/entre-tots\/wp-json\/wp\/v2\/tags?post=13064"}],"curies":[{"name":"wp","href":"https:\/\/api.w.org\/{rel}","templated":true}]}}