{"id":13073,"date":"2026-04-23T08:24:20","date_gmt":"2026-04-23T07:24:20","guid":{"rendered":"https:\/\/fundaciohospitalariesmartorell.org\/entre-tots\/?p=13073"},"modified":"2026-04-24T12:57:22","modified_gmt":"2026-04-24T11:57:22","slug":"la-iir-salma-lopez-participa-al-xliii-congres-nacional-dinfermeria-de-salut-mental-i-presenta-un-poster-sobre-el-programa-emar","status":"publish","type":"post","link":"https:\/\/fundaciohospitalariesmartorell.org\/entre-tots\/2026\/04\/la-iir-salma-lopez-participa-al-xliii-congres-nacional-dinfermeria-de-salut-mental-i-presenta-un-poster-sobre-el-programa-emar\/","title":{"rendered":"La IIR Salma L\u00f3pez, participa al XLIII Congr\u00e9s Nacional d\u2019Infermeria de Salut Mental i presenta un p\u00f2ster sobre el programa EMAR"},"content":{"rendered":"\n<div class=\"wp-block-media-text is-stacked-on-mobile\"><figure class=\"wp-block-media-text__media\"><img decoding=\"async\" src=\"https:\/\/fundaciohospitalariesmartorell.org\/entre-tots\/wp-content\/uploads\/2026\/04\/resident-salma.png\" alt=\"\" class=\"wp-image-13074 size-full\"\/><\/figure><div class=\"wp-block-media-text__content\">\n<p>Salma L\u00f3pez Ruiz, resident d\u2019infermeria del nostre hospital, va assistir al XLIII Congr\u00e9s Nacional d\u2019Infermeria de Salut Mental, celebrat a Corunya els dies 25, 26 i 27 de mar\u00e7 de 2026 sota el lema \u201cCuidar per recuperar: l\u2019impuls renovador de la psicoinfermera\u201d.<\/p>\n\n\n\n<p>Aquesta era la seva primera participaci\u00f3 en un congr\u00e9s d\u2019\u00e0mbit nacional, tot i que ja tenia experi\u00e8ncia pr\u00e8via en jornades formatives i en el congr\u00e9s catal\u00e0 de l\u2019especialitat. En aquesta ocasi\u00f3, a m\u00e9s, va presentar un p\u00f2ster titulat \u201cPrograma EMAR en un Centre de Salut Mental Infantojuvenil (CSMIJ): Abordatge des de la infermeria de Salut Mental\u201d.<\/p>\n<\/div><\/div>\n\n\n\n<p>El programa cient\u00edfic va destacar pel seu enfocament en q\u00fcestions d\u2019actualitat, com la promoci\u00f3 de la salut mental a la comunitat, l\u2019\u00fas de la tecnologia en la pr\u00e0ctica cl\u00ednica, el paper de les xarxes socials, aix\u00ed com la import\u00e0ncia de l\u2019ambient terap\u00e8utic i la continu\u00eftat de les cures. L\u2019assist\u00e8ncia li va permetre con\u00e8ixer noves estrat\u00e8gies d\u2019intervenci\u00f3 i diferents models de treball implementats en altres centres.<\/p>\n\n\n\n<p>En l\u2019\u00e0mbit personal, l\u2019experi\u00e8ncia va ser molt positiva. &#8220;Tot i assistir-hi sola, vaig  establir contacte amb altres residents de diferents hospitals, i es va generar un ambient proper i col\u00b7laboratiu&#8221;, assegura. El congr\u00e9s tamb\u00e9 va oferir l\u2019oportunitat &#8220;d\u2019intercanviar impressions sobre els p\u00f2sters i les comunicacions orals presentades, afavorint l\u2019aprenentatge compartit en un context m\u00e9s informal&#8221;.<\/p>\n\n\n\n<p>A m\u00e9s, el fet de presentar el seu propi treball va refor\u00e7ar la seva implicaci\u00f3 en el congr\u00e9s i &#8220;em va motivar a continuar formant-me i participant en aquest tipus d\u2019activitats.<\/p>\n","protected":false},"excerpt":{"rendered":"<p>Salma L\u00f3pez Ruiz, resident d\u2019infermeria del nostre hospital, va assistir al XLIII Congr\u00e9s Nacional d\u2019Infermeria de Salut Mental, celebrat a Corunya els dies 25, 26 i 27 de mar\u00e7 de 2026 sota el lema \u201cCuidar per recuperar: l\u2019impuls renovador de la psicoinfermera\u201d. Aquesta era la seva primera participaci\u00f3 en un congr\u00e9s d\u2019\u00e0mbit nacional, tot i [&hellip;]<\/p>\n","protected":false},"author":6,"featured_media":13074,"comment_status":"closed","ping_status":"closed","sticky":false,"template":"","format":"standard","meta":{"footnotes":""},"categories":[27],"tags":[],"class_list":["post-13073","post","type-post","status-publish","format-standard","has-post-thumbnail","hentry","category-actualitat"],"blocksy_meta":[],"featured_image_urls_v2":{"full":["https:\/\/fundaciohospitalariesmartorell.org\/entre-tots\/wp-content\/uploads\/2026\/04\/resident-salma-e1777031828860.png",519,358,false],"thumbnail":["https:\/\/fundaciohospitalariesmartorell.org\/entre-tots\/wp-content\/uploads\/2026\/04\/resident-salma-e1777031828860-150x150.png",150,150,true],"medium":["https:\/\/fundaciohospitalariesmartorell.org\/entre-tots\/wp-content\/uploads\/2026\/04\/resident-salma-e1777031828860-300x207.png",300,207,true],"medium_large":["https:\/\/fundaciohospitalariesmartorell.org\/entre-tots\/wp-content\/uploads\/2026\/04\/resident-salma-e1777031828860.png",519,358,false],"large":["https:\/\/fundaciohospitalariesmartorell.org\/entre-tots\/wp-content\/uploads\/2026\/04\/resident-salma-e1777031828860.png",519,358,false],"1536x1536":["https:\/\/fundaciohospitalariesmartorell.org\/entre-tots\/wp-content\/uploads\/2026\/04\/resident-salma-e1777031828860.png",519,358,false],"2048x2048":["https:\/\/fundaciohospitalariesmartorell.org\/entre-tots\/wp-content\/uploads\/2026\/04\/resident-salma-e1777031828860.png",519,358,false],"mailpoet_newsletter_max":["https:\/\/fundaciohospitalariesmartorell.org\/entre-tots\/wp-content\/uploads\/2026\/04\/resident-salma-e1777031828860.png",519,358,false]},"post_excerpt_stackable_v2":"<p>Salma L\u00f3pez Ruiz, resident d\u2019infermeria del nostre hospital, va assistir al XLIII Congr\u00e9s Nacional d\u2019Infermeria de Salut Mental, celebrat a Corunya els dies 25, 26 i 27 de mar\u00e7 de 2026 sota el lema \u201cCuidar per recuperar: l\u2019impuls renovador de la psicoinfermera\u201d. Aquesta era la seva primera participaci\u00f3 en un congr\u00e9s d\u2019\u00e0mbit nacional, tot i que ja tenia experi\u00e8ncia pr\u00e8via en jornades formatives i en el congr\u00e9s catal\u00e0 de l\u2019especialitat. En aquesta ocasi\u00f3, a m\u00e9s, va presentar un p\u00f2ster titulat \u201cPrograma EMAR en un Centre de Salut Mental Infantojuvenil (CSMIJ): Abordatge des de la infermeria de Salut Mental\u201d. El programa&hellip;<\/p>\n","category_list_v2":"<a href=\"https:\/\/fundaciohospitalariesmartorell.org\/entre-tots\/category\/actualitat\/\" rel=\"category tag\">ACTUALITAT<\/a>","author_info_v2":{"name":"Martorell_comunicacio","url":"https:\/\/fundaciohospitalariesmartorell.org\/entre-tots\/author\/martorell_comunicacio\/"},"comments_num_v2":"0 comments","_links":{"self":[{"href":"https:\/\/fundaciohospitalariesmartorell.org\/entre-tots\/wp-json\/wp\/v2\/posts\/13073","targetHints":{"allow":["GET"]}}],"collection":[{"href":"https:\/\/fundaciohospitalariesmartorell.org\/entre-tots\/wp-json\/wp\/v2\/posts"}],"about":[{"href":"https:\/\/fundaciohospitalariesmartorell.org\/entre-tots\/wp-json\/wp\/v2\/types\/post"}],"author":[{"embeddable":true,"href":"https:\/\/fundaciohospitalariesmartorell.org\/entre-tots\/wp-json\/wp\/v2\/users\/6"}],"replies":[{"embeddable":true,"href":"https:\/\/fundaciohospitalariesmartorell.org\/entre-tots\/wp-json\/wp\/v2\/comments?post=13073"}],"version-history":[{"count":1,"href":"https:\/\/fundaciohospitalariesmartorell.org\/entre-tots\/wp-json\/wp\/v2\/posts\/13073\/revisions"}],"predecessor-version":[{"id":13075,"href":"https:\/\/fundaciohospitalariesmartorell.org\/entre-tots\/wp-json\/wp\/v2\/posts\/13073\/revisions\/13075"}],"wp:featuredmedia":[{"embeddable":true,"href":"https:\/\/fundaciohospitalariesmartorell.org\/entre-tots\/wp-json\/wp\/v2\/media\/13074"}],"wp:attachment":[{"href":"https:\/\/fundaciohospitalariesmartorell.org\/entre-tots\/wp-json\/wp\/v2\/media?parent=13073"}],"wp:term":[{"taxonomy":"category","embeddable":true,"href":"https:\/\/fundaciohospitalariesmartorell.org\/entre-tots\/wp-json\/wp\/v2\/categories?post=13073"},{"taxonomy":"post_tag","embeddable":true,"href":"https:\/\/fundaciohospitalariesmartorell.org\/entre-tots\/wp-json\/wp\/v2\/tags?post=13073"}],"curies":[{"name":"wp","href":"https:\/\/api.w.org\/{rel}","templated":true}]}}