{"id":13076,"date":"2026-04-23T14:05:51","date_gmt":"2026-04-23T13:05:51","guid":{"rendered":"https:\/\/fundaciohospitalariesmartorell.org\/entre-tots\/?p=13076"},"modified":"2026-04-23T14:05:51","modified_gmt":"2026-04-23T13:05:51","slug":"18-05-ii-jornada-violencia-contra-la-mujer-en-situacion-de-especial-vulnerabilidad","status":"publish","type":"post","link":"https:\/\/fundaciohospitalariesmartorell.org\/entre-tots\/2026\/04\/18-05-ii-jornada-violencia-contra-la-mujer-en-situacion-de-especial-vulnerabilidad\/","title":{"rendered":"18\/05 II Jornada Violencia contra la Mujer en Situaci\u00f3n de Especial Vulnerabilidad"},"content":{"rendered":"\n<figure class=\"wp-block-image size-large\"><img loading=\"lazy\" decoding=\"async\" width=\"1024\" height=\"576\" src=\"https:\/\/fundaciohospitalariesmartorell.org\/entre-tots\/wp-content\/uploads\/2026\/04\/image-10-1024x576.png\" alt=\"\" class=\"wp-image-13077\" srcset=\"https:\/\/fundaciohospitalariesmartorell.org\/entre-tots\/wp-content\/uploads\/2026\/04\/image-10-1024x576.png 1024w, https:\/\/fundaciohospitalariesmartorell.org\/entre-tots\/wp-content\/uploads\/2026\/04\/image-10-300x169.png 300w, https:\/\/fundaciohospitalariesmartorell.org\/entre-tots\/wp-content\/uploads\/2026\/04\/image-10-768x432.png 768w, https:\/\/fundaciohospitalariesmartorell.org\/entre-tots\/wp-content\/uploads\/2026\/04\/image-10-1536x864.png 1536w, https:\/\/fundaciohospitalariesmartorell.org\/entre-tots\/wp-content\/uploads\/2026\/04\/image-10-1320x743.png 1320w, https:\/\/fundaciohospitalariesmartorell.org\/entre-tots\/wp-content\/uploads\/2026\/04\/image-10.png 1920w\" sizes=\"auto, (max-width: 1024px) 100vw, 1024px\" \/><\/figure>\n\n\n\n<p>La violencia de g\u00e9nero no afecta a todas las mujeres de la misma manera. Factores como la discapacidad, la salud mental, la migraci\u00f3n, la edad o la exclusi\u00f3n social pueden hacer que la violencia se vuelva a\u00fan m\u00e1s invisible y dif\u00edcil de abordar.&nbsp;<\/p>\n\n\n\n<p>Bajo esta mirada interseccional, desde la Fundaci\u00f3n Hospitalarias organizamos&nbsp;<strong>la II Jornada Violencia contra la mujer en situaci\u00f3n de especial vulnerabilidad.&nbsp;<\/strong>Se trata de una actividad de sensibilizaci\u00f3n abierta al p\u00fablico general, financiada parcialmente por el&nbsp;<strong>Ministerio de Igualdad<\/strong>, que tendr\u00e1 lugar el&nbsp;<strong>13 de mayo de 2026&nbsp;<\/strong>en la Fundaci\u00f3 Hospital\u00e0ries Barcelona, con el objetivo de generar conocimiento, reflexi\u00f3n y compromiso profesional frente a este tipo de violencia.<\/p>\n\n\n\n<ul class=\"wp-block-list\">\n<li><strong>Cu\u00e1ndo:\u00a0<\/strong>13 de mayo de 2026.<\/li>\n\n\n\n<li><strong>D\u00f3nde<\/strong>: Fundaci\u00f3 Hospital\u00e0ries Barcelona (Passeig de la Vall d&#8217;Hebron, 107-117, 08035, Barcelona).<\/li>\n\n\n\n<li><a href=\"https:\/\/fundacionhospitalarias.org\/sites\/default\/files\/2026-04\/Programa_Jornada_Violencia_contra_la_mujer_vulnerabilidad_13mayo2026%201.pdf\" target=\"_blank\" rel=\"noreferrer noopener\">Descarga el programa.<\/a><\/li>\n\n\n\n<li><strong>Inscripci\u00f3n gratuita:<\/strong>\u00a0<a href=\"https:\/\/forms.cloud.microsoft\/e\/iPw9qUrBgi\" target=\"_blank\" rel=\"noreferrer noopener\">https:\/\/forms.cloud.microsoft\/e\/iPw9qUrBgi<\/a><\/li>\n\n\n\n<li><strong>Online:\u00a0<\/strong>tambi\u00e9n se podr\u00e1 seguir por streaming desde el canal de Youtube de la Fundaci\u00f3n Hospitalarias.<\/li>\n<\/ul>\n","protected":false},"excerpt":{"rendered":"<p>La violencia de g\u00e9nero no afecta a todas las mujeres de la misma manera. Factores como la discapacidad, la salud mental, la migraci\u00f3n, la edad o la exclusi\u00f3n social pueden hacer que la violencia se vuelva a\u00fan m\u00e1s invisible y dif\u00edcil de abordar.&nbsp; Bajo esta mirada interseccional, desde la Fundaci\u00f3n Hospitalarias organizamos&nbsp;la II Jornada Violencia [&hellip;]<\/p>\n","protected":false},"author":6,"featured_media":0,"comment_status":"closed","ping_status":"","sticky":false,"template":"","format":"standard","meta":{"footnotes":""},"categories":[1],"tags":[],"class_list":["post-13076","post","type-post","status-publish","format-standard","hentry","category-agenda"],"blocksy_meta":[],"featured_image_urls_v2":{"full":"","thumbnail":"","medium":"","medium_large":"","large":"","1536x1536":"","2048x2048":"","mailpoet_newsletter_max":""},"post_excerpt_stackable_v2":"<p>La violencia de g\u00e9nero no afecta a todas las mujeres de la misma manera. Factores como la discapacidad, la salud mental, la migraci\u00f3n, la edad o la exclusi\u00f3n social pueden hacer que la violencia se vuelva a\u00fan m\u00e1s invisible y dif\u00edcil de abordar.&nbsp; Bajo esta mirada interseccional, desde la Fundaci\u00f3n Hospitalarias organizamos&nbsp;la II Jornada Violencia contra la mujer en situaci\u00f3n de especial vulnerabilidad.&nbsp;Se trata de una actividad de sensibilizaci\u00f3n abierta al p\u00fablico general, financiada parcialmente por el&nbsp;Ministerio de Igualdad, que tendr\u00e1 lugar el&nbsp;13 de mayo de 2026&nbsp;en la Fundaci\u00f3 Hospital\u00e0ries Barcelona, con el objetivo de generar conocimiento, reflexi\u00f3n y compromiso&hellip;<\/p>\n","category_list_v2":"<a href=\"https:\/\/fundaciohospitalariesmartorell.org\/entre-tots\/category\/agenda\/\" rel=\"category tag\">AGENDA<\/a>","author_info_v2":{"name":"Martorell_comunicacio","url":"https:\/\/fundaciohospitalariesmartorell.org\/entre-tots\/author\/martorell_comunicacio\/"},"comments_num_v2":"0 comments","_links":{"self":[{"href":"https:\/\/fundaciohospitalariesmartorell.org\/entre-tots\/wp-json\/wp\/v2\/posts\/13076","targetHints":{"allow":["GET"]}}],"collection":[{"href":"https:\/\/fundaciohospitalariesmartorell.org\/entre-tots\/wp-json\/wp\/v2\/posts"}],"about":[{"href":"https:\/\/fundaciohospitalariesmartorell.org\/entre-tots\/wp-json\/wp\/v2\/types\/post"}],"author":[{"embeddable":true,"href":"https:\/\/fundaciohospitalariesmartorell.org\/entre-tots\/wp-json\/wp\/v2\/users\/6"}],"replies":[{"embeddable":true,"href":"https:\/\/fundaciohospitalariesmartorell.org\/entre-tots\/wp-json\/wp\/v2\/comments?post=13076"}],"version-history":[{"count":1,"href":"https:\/\/fundaciohospitalariesmartorell.org\/entre-tots\/wp-json\/wp\/v2\/posts\/13076\/revisions"}],"predecessor-version":[{"id":13078,"href":"https:\/\/fundaciohospitalariesmartorell.org\/entre-tots\/wp-json\/wp\/v2\/posts\/13076\/revisions\/13078"}],"wp:attachment":[{"href":"https:\/\/fundaciohospitalariesmartorell.org\/entre-tots\/wp-json\/wp\/v2\/media?parent=13076"}],"wp:term":[{"taxonomy":"category","embeddable":true,"href":"https:\/\/fundaciohospitalariesmartorell.org\/entre-tots\/wp-json\/wp\/v2\/categories?post=13076"},{"taxonomy":"post_tag","embeddable":true,"href":"https:\/\/fundaciohospitalariesmartorell.org\/entre-tots\/wp-json\/wp\/v2\/tags?post=13076"}],"curies":[{"name":"wp","href":"https:\/\/api.w.org\/{rel}","templated":true}]}}