{"id":13079,"date":"2026-04-24T08:56:09","date_gmt":"2026-04-24T07:56:09","guid":{"rendered":"https:\/\/fundaciohospitalariesmartorell.org\/entre-tots\/?p=13079"},"modified":"2026-04-24T09:48:35","modified_gmt":"2026-04-24T08:48:35","slug":"sant-jordi-i-sant-benito-menni-suneixen-en-una-jornada-plena-dhospitalitat-i-solidaritat","status":"publish","type":"post","link":"https:\/\/fundaciohospitalariesmartorell.org\/entre-tots\/2026\/04\/sant-jordi-i-sant-benito-menni-suneixen-en-una-jornada-plena-dhospitalitat-i-solidaritat\/","title":{"rendered":"Sant Jordi i Sant Benito Menni s\u2019uneixen en una jornada plena d\u2019hospitalitat i solidaritat"},"content":{"rendered":"\n<p>El passat 23 d\u2019abril vam celebrar una jornada molt especial amb motiu de Sant Jordi, que enguany hem compartit tamb\u00e9 amb la festivitat del nostre fundador, Sant Benito Menni. La diada va tenir com a fil conductor la solidaritat amb les <a href=\"https:\/\/fundaciohospitalariesmartorell.org\/entre-tots\/2025\/03\/la-fundacio-hospitalaries-martorell-dona-suport-a-un-nou-projecte-de-cooperacio-a-togo-per-millorar-la-vida-de-les-dones-refugiades\/\" target=\"_blank\" rel=\"noreferrer noopener\">dones refugiades i despla\u00e7ades internes al nord de Togo<\/a>, el projecte amb el qual estem adherits i on es destinaran els 644,75\u20ac recaptats tant a la paradeta de roses i llibres de segona m\u00e0 impulsada per la Comissi\u00f3 de Solidaritat com la d&#8217;artesanies que enguany ha promogut l&#8217;Espai Actiu. En <a href=\"https:\/\/youtube.com\/shorts\/t4R95__gifw\">aquest v\u00eddeo<\/a> trobareu m\u00e9s informaci\u00f3 sobre aquests espais de solidaritat.<\/p>\n\n\n\n<figure class=\"wp-block-image size-large\"><img loading=\"lazy\" decoding=\"async\" width=\"1024\" height=\"585\" src=\"https:\/\/fundaciohospitalariesmartorell.org\/entre-tots\/wp-content\/uploads\/2026\/04\/Disseny-sense-ti\u0301tol-3-1024x585.png\" alt=\"\" class=\"wp-image-13085\" srcset=\"https:\/\/fundaciohospitalariesmartorell.org\/entre-tots\/wp-content\/uploads\/2026\/04\/Disseny-sense-ti\u0301tol-3-1024x585.png 1024w, https:\/\/fundaciohospitalariesmartorell.org\/entre-tots\/wp-content\/uploads\/2026\/04\/Disseny-sense-ti\u0301tol-3-300x171.png 300w, https:\/\/fundaciohospitalariesmartorell.org\/entre-tots\/wp-content\/uploads\/2026\/04\/Disseny-sense-ti\u0301tol-3-768x439.png 768w, https:\/\/fundaciohospitalariesmartorell.org\/entre-tots\/wp-content\/uploads\/2026\/04\/Disseny-sense-ti\u0301tol-3.png 1050w\" sizes=\"auto, (max-width: 1024px) 100vw, 1024px\" \/><\/figure>\n\n\n\n<p>A l&#8217;Hospital de Martorell, la diada va comen\u00e7ar amb una xocolatada popular a la cafeteria, on van participar persones usu\u00e0ries i personal col\u00b7laborador.<\/p>\n\n\n\n<figure class=\"wp-block-image size-large\"><img loading=\"lazy\" decoding=\"async\" width=\"1024\" height=\"585\" src=\"https:\/\/fundaciohospitalariesmartorell.org\/entre-tots\/wp-content\/uploads\/2026\/04\/Disseny-sense-ti\u0301tol-1024x585.png\" alt=\"\" class=\"wp-image-13082\" srcset=\"https:\/\/fundaciohospitalariesmartorell.org\/entre-tots\/wp-content\/uploads\/2026\/04\/Disseny-sense-ti\u0301tol-1024x585.png 1024w, https:\/\/fundaciohospitalariesmartorell.org\/entre-tots\/wp-content\/uploads\/2026\/04\/Disseny-sense-ti\u0301tol-300x171.png 300w, https:\/\/fundaciohospitalariesmartorell.org\/entre-tots\/wp-content\/uploads\/2026\/04\/Disseny-sense-ti\u0301tol-768x439.png 768w, https:\/\/fundaciohospitalariesmartorell.org\/entre-tots\/wp-content\/uploads\/2026\/04\/Disseny-sense-ti\u0301tol.png 1050w\" sizes=\"auto, (max-width: 1024px) 100vw, 1024px\" \/><\/figure>\n\n\n\n<figure class=\"wp-block-image size-large\"><img loading=\"lazy\" decoding=\"async\" width=\"1024\" height=\"585\" src=\"https:\/\/fundaciohospitalariesmartorell.org\/entre-tots\/wp-content\/uploads\/2026\/04\/Disseny-sense-ti\u0301tol-5-1024x585.png\" alt=\"\" class=\"wp-image-13089\" srcset=\"https:\/\/fundaciohospitalariesmartorell.org\/entre-tots\/wp-content\/uploads\/2026\/04\/Disseny-sense-ti\u0301tol-5-1024x585.png 1024w, https:\/\/fundaciohospitalariesmartorell.org\/entre-tots\/wp-content\/uploads\/2026\/04\/Disseny-sense-ti\u0301tol-5-300x171.png 300w, https:\/\/fundaciohospitalariesmartorell.org\/entre-tots\/wp-content\/uploads\/2026\/04\/Disseny-sense-ti\u0301tol-5-768x439.png 768w, https:\/\/fundaciohospitalariesmartorell.org\/entre-tots\/wp-content\/uploads\/2026\/04\/Disseny-sense-ti\u0301tol-5.png 1050w\" sizes=\"auto, (max-width: 1024px) 100vw, 1024px\" \/><\/figure>\n\n\n\n<p>Seguidament, va tenir lloc l\u2019eucaristia a c\u00e0rrec de moss\u00e8n Esteve, qui, a partir de l\u2019Evangeli, ens va convidar a posar al centre les persones m\u00e9s vulnerables. Aquesta crida s\u2019arrela en el passatge de l\u2019Evangeli segons sant Mateu (25,35-40), on Jes\u00fas s\u2019identifica plenament amb els m\u00e9s fr\u00e0gils: <em>\u201cPerqu\u00e8 tenia fam, i em don\u00e0reu menjar; tenia set, i em don\u00e0reu beure; era foraster, i em vau acollir; anava despullat, i em vau vestir; estava malalt, i em vau visitar; era a la pres\u00f3, i vingu\u00e9reu a veure\u2019m\u201d<\/em>. <\/p>\n\n\n\n<p>Moss\u00e8n Esteve va recordar com, ja al segle XIX, Sant Benito Menni va saber llegir aquest Evangeli amb una visi\u00f3 molt concreta: l&#8217;ajuda a les dones amb malaltia mental, extremadament invisibilitzades. Ho va fer integrant la ci\u00e8ncia m\u00e8dica amb la caritat, entenent que la cura demana garantir dignitat, higiene i una atenci\u00f3 integral que reconegui la persona en tota la seva humanitat.<\/p>\n\n\n\n<figure class=\"wp-block-image size-large\"><img loading=\"lazy\" decoding=\"async\" width=\"1024\" height=\"585\" src=\"https:\/\/fundaciohospitalariesmartorell.org\/entre-tots\/wp-content\/uploads\/2026\/04\/Disseny-sense-ti\u0301tol-1-1024x585.png\" alt=\"\" class=\"wp-image-13083\" srcset=\"https:\/\/fundaciohospitalariesmartorell.org\/entre-tots\/wp-content\/uploads\/2026\/04\/Disseny-sense-ti\u0301tol-1-1024x585.png 1024w, https:\/\/fundaciohospitalariesmartorell.org\/entre-tots\/wp-content\/uploads\/2026\/04\/Disseny-sense-ti\u0301tol-1-300x171.png 300w, https:\/\/fundaciohospitalariesmartorell.org\/entre-tots\/wp-content\/uploads\/2026\/04\/Disseny-sense-ti\u0301tol-1-768x439.png 768w, https:\/\/fundaciohospitalariesmartorell.org\/entre-tots\/wp-content\/uploads\/2026\/04\/Disseny-sense-ti\u0301tol-1.png 1050w\" sizes=\"auto, (max-width: 1024px) 100vw, 1024px\" \/><\/figure>\n\n\n\n<h3 class=\"wp-block-heading\"><span style=\"color: var(--theme-palette-color-1, #9f2b68);\" class=\"stk-highlight\">Saps quin \u00e9s el vincle entre Gaud\u00ed i la Salut Mental?<\/span><\/h3>\n\n\n\n<p>En aquesta edici\u00f3, tamb\u00e9 va prendre rellev\u00e0ncia la visita del papa Lle\u00f3 XIV a la Sagrada Fam\u00edlia el mes de juny. En aquest context, Jos\u00e9 Luis Argudo, director de Desenvolupament Solidari i Cooperaci\u00f3 del Parc Sanitari Sant Joan de D\u00e9u, va oferir la conversa &#8220;Gaud\u00ed i Salut Mental&#8221;. Durant la confer\u00e8ncia es va posar en valor un element singular: a Sant Boi es conserva un <a href=\"https:\/\/jardigaudisantboi.cat\/\">jard\u00ed modernista vinculat a Antoni Gaud\u00ed<\/a>, integrat en un entorn on es van desenvolupar experi\u00e8ncies pioneres en ter\u00e0pia ocupacional. <\/p>\n\n\n\n<p>Tal com va explicar Argudo, en la seva construcci\u00f3 hi van participar activament persones ingressades a l\u2019antic manicomi dels germans de Sant Joan de D\u00e9u. &#8220;<em>Aquest fet evidencia una idea que continua plenament vigent: la salut mental no nom\u00e9s es tracta des d\u2019una perspectiva cl\u00ednica, sin\u00f3 que tamb\u00e9 es construeix a trav\u00e9s de la participaci\u00f3, la cultura i la integraci\u00f3 comunit\u00e0ria<\/em>&#8220;, va assegurar el gerent del nostre centre, Jes\u00fas Ezquerra.<\/p>\n\n\n\n<figure class=\"wp-block-image size-large\"><img loading=\"lazy\" decoding=\"async\" width=\"1024\" height=\"585\" src=\"https:\/\/fundaciohospitalariesmartorell.org\/entre-tots\/wp-content\/uploads\/2026\/04\/Disseny-sense-ti\u0301tol-2-1024x585.png\" alt=\"\" class=\"wp-image-13084\" srcset=\"https:\/\/fundaciohospitalariesmartorell.org\/entre-tots\/wp-content\/uploads\/2026\/04\/Disseny-sense-ti\u0301tol-2-1024x585.png 1024w, https:\/\/fundaciohospitalariesmartorell.org\/entre-tots\/wp-content\/uploads\/2026\/04\/Disseny-sense-ti\u0301tol-2-300x171.png 300w, https:\/\/fundaciohospitalariesmartorell.org\/entre-tots\/wp-content\/uploads\/2026\/04\/Disseny-sense-ti\u0301tol-2-768x439.png 768w, https:\/\/fundaciohospitalariesmartorell.org\/entre-tots\/wp-content\/uploads\/2026\/04\/Disseny-sense-ti\u0301tol-2.png 1050w\" sizes=\"auto, (max-width: 1024px) 100vw, 1024px\" \/><\/figure>\n\n\n\n<h3 class=\"wp-block-heading\"><span style=\"color: var(--theme-palette-color-1, #9f2b68);\" class=\"stk-highlight\">Sortida de la Unitat de Diversitat Funcional a la vila de Martorell<\/span><\/h3>\n\n\n\n<p>A la tarda, 8 pacients de la UDF i 5 professionals van gaudir de la diada passejant per la vila de Martorell, on se celebrava la fira de Sant Jordi i diverses activitats a la pla\u00e7a de l\u2019esgl\u00e9sia. La jornada va ser molt important pel grup de joves ja que s&#8217;hi va sumar una persona usu\u00e0ria que encara no havia realitzat cap sortida fora del recinte. L&#8217;excursi\u00f3 va ser molt agradable: es va compartint un berenar de forner en un ambient acollidor, envoltats de roses i llibres.<\/p>\n\n\n\n<figure class=\"wp-block-image size-large\"><img loading=\"lazy\" decoding=\"async\" width=\"1024\" height=\"768\" src=\"https:\/\/fundaciohospitalariesmartorell.org\/entre-tots\/wp-content\/uploads\/2026\/04\/WhatsApp-Image-2026-04-23-at-18.41.45-1024x768.jpg\" alt=\"\" class=\"wp-image-13081\" srcset=\"https:\/\/fundaciohospitalariesmartorell.org\/entre-tots\/wp-content\/uploads\/2026\/04\/WhatsApp-Image-2026-04-23-at-18.41.45-1024x768.jpg 1024w, https:\/\/fundaciohospitalariesmartorell.org\/entre-tots\/wp-content\/uploads\/2026\/04\/WhatsApp-Image-2026-04-23-at-18.41.45-300x225.jpg 300w, https:\/\/fundaciohospitalariesmartorell.org\/entre-tots\/wp-content\/uploads\/2026\/04\/WhatsApp-Image-2026-04-23-at-18.41.45-768x576.jpg 768w, https:\/\/fundaciohospitalariesmartorell.org\/entre-tots\/wp-content\/uploads\/2026\/04\/WhatsApp-Image-2026-04-23-at-18.41.45-1536x1152.jpg 1536w, https:\/\/fundaciohospitalariesmartorell.org\/entre-tots\/wp-content\/uploads\/2026\/04\/WhatsApp-Image-2026-04-23-at-18.41.45-1320x990.jpg 1320w, https:\/\/fundaciohospitalariesmartorell.org\/entre-tots\/wp-content\/uploads\/2026\/04\/WhatsApp-Image-2026-04-23-at-18.41.45.jpg 1600w\" sizes=\"auto, (max-width: 1024px) 100vw, 1024px\" \/><\/figure>\n\n\n\n<h4 class=\"wp-block-heading\"><span style=\"color: var(--theme-palette-color-1, #9f2b68);\" class=\"stk-highlight\">L&#8217;SRC Alt Pened\u00e8s recapta 303,75\u20ac per al projecte de cooperaci\u00f3<\/span><\/h4>\n\n\n\n<p>Des del Servei de Rehabilitaci\u00f3 Comunit\u00e0ria (SRC) Alt Pened\u00e8s, i integrant tots els serveis de salut mental de l&#8217;Alt Pene\u00e8s, es van dur a terme diferents iniciatives amb motiu de la celebraci\u00f3 de Sant Jordi: es van elaborar punts de llibre cosits en el taller de costura que condueix una usu\u00e0ria del SRC, es van fer roses de tela , i des del taller d\u2019art-ter\u00e0pia es van confeccionar roses amb cartolines.<\/p>\n\n\n\n<p>Com cada any, es va comptar amb la participaci\u00f3 de la Biblioteca Torras i Bages, que va oferir un ampli repertori de llibres infantils, juvenils i per a adults.<\/p>\n\n\n\n<p>A les 9.00 h del mat\u00ed es va instal\u00b7lar la parada de Sant Jordi a l\u2019entrada del CAP Nord de Vilafranca del Pened\u00e8s, de manera que les persones ateses al servei poguessin consultar i adquirir llibres i roses despr\u00e9s de la visita m\u00e8dica. <\/p>\n\n\n\n<p>Es van recaptar un total de <strong>303,75 \u20ac<\/strong> destinats al projecte solidari de cooperaci\u00f3 al nord de Togo.<\/p>\n\n\n\n<figure class=\"wp-block-image size-large\"><img loading=\"lazy\" decoding=\"async\" width=\"1024\" height=\"585\" src=\"https:\/\/fundaciohospitalariesmartorell.org\/entre-tots\/wp-content\/uploads\/2026\/04\/Disseny-sense-ti\u0301tol-4-1024x585.png\" alt=\"\" class=\"wp-image-13088\" srcset=\"https:\/\/fundaciohospitalariesmartorell.org\/entre-tots\/wp-content\/uploads\/2026\/04\/Disseny-sense-ti\u0301tol-4-1024x585.png 1024w, https:\/\/fundaciohospitalariesmartorell.org\/entre-tots\/wp-content\/uploads\/2026\/04\/Disseny-sense-ti\u0301tol-4-300x171.png 300w, https:\/\/fundaciohospitalariesmartorell.org\/entre-tots\/wp-content\/uploads\/2026\/04\/Disseny-sense-ti\u0301tol-4-768x439.png 768w, https:\/\/fundaciohospitalariesmartorell.org\/entre-tots\/wp-content\/uploads\/2026\/04\/Disseny-sense-ti\u0301tol-4.png 1050w\" sizes=\"auto, (max-width: 1024px) 100vw, 1024px\" \/><\/figure>\n\n\n\n<h4 class=\"wp-block-heading\"><span style=\"color: var(--theme-palette-color-1, #9f2b68);\" class=\"stk-highlight\">Festivitat de Sant Benito Menni<\/span><\/h4>\n\n\n\n<p>Enguany, la festa del nostre fundador ens ha convidat a redescobrir el valor de la missi\u00f3 compartida, on cadasc\u00fa i cadascuna de nosaltres contribueix a construir i transmetre el do de l&#8217;Hospitalitat que hem heretat. S&#8217;ha celebrat sota el lema \u201cConstru\u00efm i contagiem hospitalitat\u201d.<\/p>\n\n\n\n<p>Sor Fuencisla Mart\u00edn, superiora provincial de les Germanes Hospital\u00e0ries, i sor Luz Divina S\u00e1nchez, presidenta del Patronat de la Fundaci\u00f3 Hospital\u00e0ries, es van adre\u00e7ar a la comunitat hospital\u00e0ria a trav\u00e9s d\u2019un v\u00eddeo que tamb\u00e9 recull  testimonis en primera persona sobre com els nostres professionals construeixen i contagien hospitalitat cada dia.<\/p>\n\n\n\n<figure class=\"wp-block-embed is-type-video is-provider-youtube wp-block-embed-youtube wp-embed-aspect-16-9 wp-has-aspect-ratio\"><div class=\"wp-block-embed__wrapper\">\n<iframe loading=\"lazy\" title=\"D\u00eda de San Benito 2026: construimos y contagiamos hospitalidad\" width=\"1290\" height=\"726\" src=\"https:\/\/www.youtube.com\/embed\/BrF2RfOCkxc?feature=oembed\" frameborder=\"0\" allow=\"accelerometer; autoplay; clipboard-write; encrypted-media; gyroscope; picture-in-picture; web-share\" referrerpolicy=\"strict-origin-when-cross-origin\" allowfullscreen><\/iframe>\n<\/div><\/figure>\n\n\n\n<p>Tamb\u00e9 es va compartir la <a href=\"https:\/\/fundacionhospitalarias.org\/sites\/default\/files\/2026-04\/SBM.Felicitacion_Comunidad%20Hospitalaria_2026.pdf\">carta de la Superiora General de les Germanes Hospital\u00e0ries<\/a>, Id\u00edlia Carneiro, amb motiu d\u2019aquesta celebraci\u00f3 i com a felicitaci\u00f3 a tota la Fam\u00edlia Hospital\u00e0ria.<audio autoplay=\"\"><\/audio><\/p>\n","protected":false},"excerpt":{"rendered":"<p>El passat 23 d\u2019abril vam celebrar una jornada molt especial amb motiu de Sant Jordi, que enguany hem compartit tamb\u00e9 amb la festivitat del nostre fundador, Sant Benito Menni. La diada va tenir com a fil conductor la solidaritat amb les dones refugiades i despla\u00e7ades internes al nord de Togo, el projecte amb el qual [&hellip;]<\/p>\n","protected":false},"author":7,"featured_media":13090,"comment_status":"closed","ping_status":"closed","sticky":false,"template":"","format":"standard","meta":{"footnotes":""},"categories":[27],"tags":[],"class_list":["post-13079","post","type-post","status-publish","format-standard","has-post-thumbnail","hentry","category-actualitat"],"blocksy_meta":[],"featured_image_urls_v2":{"full":["https:\/\/fundaciohospitalariesmartorell.org\/entre-tots\/wp-content\/uploads\/2026\/04\/image-11.png",1250,808,false],"thumbnail":["https:\/\/fundaciohospitalariesmartorell.org\/entre-tots\/wp-content\/uploads\/2026\/04\/image-11-150x150.png",150,150,true],"medium":["https:\/\/fundaciohospitalariesmartorell.org\/entre-tots\/wp-content\/uploads\/2026\/04\/image-11-300x194.png",300,194,true],"medium_large":["https:\/\/fundaciohospitalariesmartorell.org\/entre-tots\/wp-content\/uploads\/2026\/04\/image-11-768x496.png",768,496,true],"large":["https:\/\/fundaciohospitalariesmartorell.org\/entre-tots\/wp-content\/uploads\/2026\/04\/image-11-1024x662.png",1024,662,true],"1536x1536":["https:\/\/fundaciohospitalariesmartorell.org\/entre-tots\/wp-content\/uploads\/2026\/04\/image-11.png",1250,808,false],"2048x2048":["https:\/\/fundaciohospitalariesmartorell.org\/entre-tots\/wp-content\/uploads\/2026\/04\/image-11.png",1250,808,false],"mailpoet_newsletter_max":["https:\/\/fundaciohospitalariesmartorell.org\/entre-tots\/wp-content\/uploads\/2026\/04\/image-11.png",1250,808,false]},"post_excerpt_stackable_v2":"<p>El passat 23 d\u2019abril vam celebrar una jornada molt especial amb motiu de Sant Jordi, que enguany hem compartit tamb\u00e9 amb la festivitat del nostre fundador, Sant Benito Menni. La diada va tenir com a fil conductor la solidaritat amb les dones refugiades i despla\u00e7ades internes al nord de Togo, el projecte amb el qual estem adherits i on es destinaran els 644,75\u20ac recaptats tant a la paradeta de roses i llibres de segona m\u00e0 impulsada per la Comissi\u00f3 de Solidaritat com la d&#8217;artesanies que enguany ha promogut l&#8217;Espai Actiu. En aquest v\u00eddeo trobareu m\u00e9s informaci\u00f3 sobre aquests espais de&hellip;<\/p>\n","category_list_v2":"<a href=\"https:\/\/fundaciohospitalariesmartorell.org\/entre-tots\/category\/actualitat\/\" rel=\"category tag\">ACTUALITAT<\/a>","author_info_v2":{"name":"ALBA_FELIP","url":"https:\/\/fundaciohospitalariesmartorell.org\/entre-tots\/author\/alba_felip\/"},"comments_num_v2":"0 comments","_links":{"self":[{"href":"https:\/\/fundaciohospitalariesmartorell.org\/entre-tots\/wp-json\/wp\/v2\/posts\/13079","targetHints":{"allow":["GET"]}}],"collection":[{"href":"https:\/\/fundaciohospitalariesmartorell.org\/entre-tots\/wp-json\/wp\/v2\/posts"}],"about":[{"href":"https:\/\/fundaciohospitalariesmartorell.org\/entre-tots\/wp-json\/wp\/v2\/types\/post"}],"author":[{"embeddable":true,"href":"https:\/\/fundaciohospitalariesmartorell.org\/entre-tots\/wp-json\/wp\/v2\/users\/7"}],"replies":[{"embeddable":true,"href":"https:\/\/fundaciohospitalariesmartorell.org\/entre-tots\/wp-json\/wp\/v2\/comments?post=13079"}],"version-history":[{"count":4,"href":"https:\/\/fundaciohospitalariesmartorell.org\/entre-tots\/wp-json\/wp\/v2\/posts\/13079\/revisions"}],"predecessor-version":[{"id":13093,"href":"https:\/\/fundaciohospitalariesmartorell.org\/entre-tots\/wp-json\/wp\/v2\/posts\/13079\/revisions\/13093"}],"wp:featuredmedia":[{"embeddable":true,"href":"https:\/\/fundaciohospitalariesmartorell.org\/entre-tots\/wp-json\/wp\/v2\/media\/13090"}],"wp:attachment":[{"href":"https:\/\/fundaciohospitalariesmartorell.org\/entre-tots\/wp-json\/wp\/v2\/media?parent=13079"}],"wp:term":[{"taxonomy":"category","embeddable":true,"href":"https:\/\/fundaciohospitalariesmartorell.org\/entre-tots\/wp-json\/wp\/v2\/categories?post=13079"},{"taxonomy":"post_tag","embeddable":true,"href":"https:\/\/fundaciohospitalariesmartorell.org\/entre-tots\/wp-json\/wp\/v2\/tags?post=13079"}],"curies":[{"name":"wp","href":"https:\/\/api.w.org\/{rel}","templated":true}]}}