{"id":13095,"date":"2026-04-27T07:26:33","date_gmt":"2026-04-27T06:26:33","guid":{"rendered":"https:\/\/fundaciohospitalariesmartorell.org\/entre-tots\/?p=13095"},"modified":"2026-04-27T07:26:33","modified_gmt":"2026-04-27T06:26:33","slug":"les-vi-jornades-catalanes-dhospitals-de-dia-dadults-de-salut-mental-reuneixen-140-professionals-per-abordar-els-reptes-dels-tca-i-el-tea","status":"publish","type":"post","link":"https:\/\/fundaciohospitalariesmartorell.org\/entre-tots\/2026\/04\/les-vi-jornades-catalanes-dhospitals-de-dia-dadults-de-salut-mental-reuneixen-140-professionals-per-abordar-els-reptes-dels-tca-i-el-tea\/","title":{"rendered":"Les VI Jornades Catalanes d\u2019Hospitals de Dia d\u2019Adults de Salut Mental reuneixen 140 professionals per abordar els reptes dels TCA i el TEA"},"content":{"rendered":"\n<figure class=\"wp-block-image\"><img decoding=\"async\" src=\"https:\/\/www.fundaciohospitalariesbarcelona.org\/wp-content\/uploads\/2026\/04\/inaguracio-1518x759.jpg\" alt=\"\" title=\"inaguraci\u00f3\"\/><\/figure>\n\n\n\n<p>El passat 16 d\u2019abril, la Fundaci\u00f3 Hospital\u00e0ries Barcelona va acollir les VI Jornades Catalanes d\u2019Hospitals de Dia d\u2019Adults de Salut Mental, una trobada que va reunir prop de 140 professionals.<\/p>\n\n\n\n<p>Aquesta edici\u00f3 va tenir per objectiu reflexionar i compartir coneixement entorn de l\u2019abordatge dels Trastorns de la Conducta Aliment\u00e0ria (TCA) i el Trastorn de l\u2019Espectre Autista (TEA), dos perfils diagn\u00f2stics que, amb freq\u00fc\u00e8ncia, generen grans reptes en el context de l\u2019hospital de dia general. Aquestes dificultats no nom\u00e9s es relacionen amb la intensitat de la simptomatologia, sin\u00f3 tamb\u00e9 amb aspectes com l\u2019adher\u00e8ncia al tractament, la regulaci\u00f3 emocional, la conviv\u00e8ncia terap\u00e8utica en grup i la coordinaci\u00f3 amb altres dispositius de la xarxa.<\/p>\n\n\n\n<figure class=\"wp-block-image\"><img decoding=\"async\" src=\"https:\/\/www.fundaciohospitalariesbarcelona.org\/wp-content\/uploads\/2026\/04\/inaguracio-919x1024.jpg\" alt=\"\" class=\"wp-image-11503\"\/><\/figure>\n\n\n\n<p>La presentaci\u00f3 de les jornades va anar a c\u00e0rrec del Dr. Carles Franquelo, coordinador assistencial territorial de Catalunya i director m\u00e8dic de la Fundaci\u00f3 Hospital\u00e0ries Martorell, i de la Dra. Pilar Muley, coordinadora d\u2019Atenci\u00f3 Comunit\u00e0ria en Salut Mental d\u2019Adults de l\u2019Alt Pened\u00e8s.<\/p>\n\n\n\n<p>Durant la seva intervenci\u00f3, el Dr. Franquelo va assenyalar que \u201caquest espai ens permet reflexionar plegats sobre com transformar els hospitals de dia en espais m\u00e9s sensibles, especialitzats i preparats per atendre perfils cada cop m\u00e9s complexos\u201d.<\/p>\n\n\n\n<blockquote class=\"wp-block-quote is-layout-flow wp-block-quote-is-layout-flow\">\n<p>Per la seva banda, la Dra. Muley va destacar que \u201cel TEA i els TCA s\u00f3n dos dels grans reptes actuals dels hospitals de dia d\u2019adults. Aquestes jornades volen generar un espai compartit entre professionals i testimonis en primera persona per avan\u00e7ar en la comprensi\u00f3 i l\u2019abordatge\u201d.<\/p>\n<\/blockquote>\n\n\n\n<p>El programa de la jornada va incloure diferents pon\u00e8ncies i experi\u00e8ncies assistencials. La Dra. Celia Hern\u00e1ndez, psiquiatra de la Unitat de Trastorns de Personalitat i Trastorns de la Conducta Aliment\u00e0ria de l\u2019Hospital Universitario Cl\u00ednico San Carlos de Madrid, va abordar la conceptualitzaci\u00f3 dimensional dels TCA i el seu maneig en dispositius no monogr\u00e0fics. La intervenci\u00f3 va ser introdu\u00efda i moderada per Gemma Gonz\u00e1lez, psic\u00f2loga responsable de l\u2019Hospital de Dia de Salut Mental i Addiccions i del REDAN Centre de Salut Mental i Addiccions Gr\u00e0cia de la Fundaci\u00f3 Hospital\u00e0ries Barcelona Nord.<\/p>\n\n\n\n<figure class=\"wp-block-image\"><img decoding=\"async\" src=\"https:\/\/www.fundaciohospitalariesbarcelona.org\/wp-content\/uploads\/2026\/04\/IMG-20260416-WA0032-1024x975.jpg\" alt=\"\" class=\"wp-image-11505\"\/><\/figure>\n\n\n\n<p>Posteriorment, Gemma Gonz\u00e1lez tamb\u00e9 va moderar una confer\u00e8ncia centrada en el programa transversal de persones amb TCA de l\u2019Hospital de Dia i el CSMA de Granollers, a c\u00e0rrec de Marta Ventura, psic\u00f2loga cl\u00ednica de l\u2019Hospital de Dia de Granollers de la Fundaci\u00f3 Hospital\u00e0ries Sant Boi.<\/p>\n\n\n\n<p>Aix\u00ed mateix, la jornada va incloure la pon\u00e8ncia sobre l\u2019abordatge interdisciplinari de l\u2019autisme en l\u2019edat adulta, a c\u00e0rrec de la Dra. Elena Huerta, neuropsic\u00f2loga a l\u2019Hospital de Dia Num\u00e0ncia i als serveis prelaborals del Parc Sanitari Sant Joan de D\u00e9u, aix\u00ed com el testimoni en primera persona de Mar Galiano T\u00e9llez, usu\u00e0ria de l\u2019Hospital de Dia de Num\u00e0ncia i PLATEA.<\/p>\n\n\n\n<p>A continuaci\u00f3, la Dra. Noem\u00ed Balma\u00f1a, psic\u00f2loga coordinadora del Programa d\u2019Hospitalitzaci\u00f3 Parcial per a nens i adolescents amb Trastorn de l\u2019Espectre Autista de la Unitat d\u2019Alta Especialitzaci\u00f3 de l\u2019Hospital Sant Joan de D\u00e9u de Barcelona, va exposar les claus de l\u2019alian\u00e7a terap\u00e8utica i la intervenci\u00f3 individual i\/o grupal del pacient autista adult en contextos hospitalaris.<\/p>\n\n\n\n<p>Seguidament, es va celebrar una taula amb testimonis en primera persona: Umbra Nigra i Marc, participants del p\u00f2dcast \u201cCup of TEA\u201d, amb la col\u00b7laboraci\u00f3 de Betev\u00e9 i guardonat amb el Premi Solidaris ONCE Catalunya 2025 en la categoria de programa que fomenta la inclusi\u00f3 i la visibilitat de l\u2019autisme. Va ser un dels moments m\u00e9s destacats de la jornada, amb intervencions especialment emotives. Els testimonis van compartir les seves experi\u00e8ncies i viv\u00e8ncies, aportant una visi\u00f3 directa de la realitat viscuda i reflexions sobre el proc\u00e9s terap\u00e8utic. Aquesta part de la jornada va ser moderada pel Dr. Otto Silgado, coordinador d\u2019Atenci\u00f3 Comunit\u00e0ria en Salut Mental d\u2019Adults de Berga de la Fundaci\u00f3 Hospital\u00e0ries Martorell.<\/p>\n\n\n\n<figure class=\"wp-block-image\"><img decoding=\"async\" src=\"https:\/\/www.fundaciohospitalariesbarcelona.org\/wp-content\/uploads\/2026\/04\/cloenda-1024x1022.jpg\" alt=\"\" class=\"wp-image-11506\"\/><\/figure>\n\n\n\n<p>En la part final de l\u2019acte, el Dr. Jos\u00e9 Antonio Larraz, exdirector de l\u2019\u00c0rea Assistencial i Educativa de Germanes Hospital\u00e0ries Espanya, va recordar que \u201chem d\u2019anar m\u00e9s enll\u00e0 de l\u2019etiqueta: el diagn\u00f2stic \u00e9s nom\u00e9s la part visible de l\u2019iceberg. El repte \u00e9s entendre la part que no es veu d\u2019entrada: la persona en la seva globalitat, per poder individualitzar l\u2019atenci\u00f3 i establir-hi un vincle real\u201d.<\/p>\n\n\n\n<p>Les jornades van cloure amb l\u2019anunci del Premi Dr. Larraz al millor p\u00f2ster, que en aquesta edici\u00f3 ha reconegut el treball \u201cIntervenci\u00f3 grupal basada en musicoter\u00e0pia en hospital de dia: efectes cl\u00ednics i funcionals\u201d, de l\u2019Hospital de Dia de Matar\u00f3 del Consorci Sanitari del Maresme.<\/p>\n","protected":false},"excerpt":{"rendered":"<p>El passat 16 d\u2019abril, la Fundaci\u00f3 Hospital\u00e0ries Barcelona va acollir les VI Jornades Catalanes d\u2019Hospitals de Dia d\u2019Adults de Salut Mental, una trobada que va reunir prop de 140 professionals. Aquesta edici\u00f3 va tenir per objectiu reflexionar i compartir coneixement entorn de l\u2019abordatge dels Trastorns de la Conducta Aliment\u00e0ria (TCA) i el Trastorn de l\u2019Espectre [&hellip;]<\/p>\n","protected":false},"author":6,"featured_media":13096,"comment_status":"closed","ping_status":"","sticky":false,"template":"","format":"standard","meta":{"footnotes":""},"categories":[27],"tags":[],"class_list":["post-13095","post","type-post","status-publish","format-standard","has-post-thumbnail","hentry","category-actualitat"],"blocksy_meta":[],"featured_image_urls_v2":{"full":["https:\/\/fundaciohospitalariesmartorell.org\/entre-tots\/wp-content\/uploads\/2026\/04\/inaguracio-1518x759-1.jpg",1518,759,false],"thumbnail":["https:\/\/fundaciohospitalariesmartorell.org\/entre-tots\/wp-content\/uploads\/2026\/04\/inaguracio-1518x759-1-150x150.jpg",150,150,true],"medium":["https:\/\/fundaciohospitalariesmartorell.org\/entre-tots\/wp-content\/uploads\/2026\/04\/inaguracio-1518x759-1-300x150.jpg",300,150,true],"medium_large":["https:\/\/fundaciohospitalariesmartorell.org\/entre-tots\/wp-content\/uploads\/2026\/04\/inaguracio-1518x759-1-768x384.jpg",768,384,true],"large":["https:\/\/fundaciohospitalariesmartorell.org\/entre-tots\/wp-content\/uploads\/2026\/04\/inaguracio-1518x759-1-1024x512.jpg",1024,512,true],"1536x1536":["https:\/\/fundaciohospitalariesmartorell.org\/entre-tots\/wp-content\/uploads\/2026\/04\/inaguracio-1518x759-1.jpg",1518,759,false],"2048x2048":["https:\/\/fundaciohospitalariesmartorell.org\/entre-tots\/wp-content\/uploads\/2026\/04\/inaguracio-1518x759-1.jpg",1518,759,false],"mailpoet_newsletter_max":["https:\/\/fundaciohospitalariesmartorell.org\/entre-tots\/wp-content\/uploads\/2026\/04\/inaguracio-1518x759-1-1320x660.jpg",1320,660,true]},"post_excerpt_stackable_v2":"<p>El passat 16 d\u2019abril, la Fundaci\u00f3 Hospital\u00e0ries Barcelona va acollir les VI Jornades Catalanes d\u2019Hospitals de Dia d\u2019Adults de Salut Mental, una trobada que va reunir prop de 140 professionals. Aquesta edici\u00f3 va tenir per objectiu reflexionar i compartir coneixement entorn de l\u2019abordatge dels Trastorns de la Conducta Aliment\u00e0ria (TCA) i el Trastorn de l\u2019Espectre Autista (TEA), dos perfils diagn\u00f2stics que, amb freq\u00fc\u00e8ncia, generen grans reptes en el context de l\u2019hospital de dia general. Aquestes dificultats no nom\u00e9s es relacionen amb la intensitat de la simptomatologia, sin\u00f3 tamb\u00e9 amb aspectes com l\u2019adher\u00e8ncia al tractament, la regulaci\u00f3 emocional, la conviv\u00e8ncia terap\u00e8utica&hellip;<\/p>\n","category_list_v2":"<a href=\"https:\/\/fundaciohospitalariesmartorell.org\/entre-tots\/category\/actualitat\/\" rel=\"category tag\">ACTUALITAT<\/a>","author_info_v2":{"name":"Martorell_comunicacio","url":"https:\/\/fundaciohospitalariesmartorell.org\/entre-tots\/author\/martorell_comunicacio\/"},"comments_num_v2":"0 comments","_links":{"self":[{"href":"https:\/\/fundaciohospitalariesmartorell.org\/entre-tots\/wp-json\/wp\/v2\/posts\/13095","targetHints":{"allow":["GET"]}}],"collection":[{"href":"https:\/\/fundaciohospitalariesmartorell.org\/entre-tots\/wp-json\/wp\/v2\/posts"}],"about":[{"href":"https:\/\/fundaciohospitalariesmartorell.org\/entre-tots\/wp-json\/wp\/v2\/types\/post"}],"author":[{"embeddable":true,"href":"https:\/\/fundaciohospitalariesmartorell.org\/entre-tots\/wp-json\/wp\/v2\/users\/6"}],"replies":[{"embeddable":true,"href":"https:\/\/fundaciohospitalariesmartorell.org\/entre-tots\/wp-json\/wp\/v2\/comments?post=13095"}],"version-history":[{"count":1,"href":"https:\/\/fundaciohospitalariesmartorell.org\/entre-tots\/wp-json\/wp\/v2\/posts\/13095\/revisions"}],"predecessor-version":[{"id":13097,"href":"https:\/\/fundaciohospitalariesmartorell.org\/entre-tots\/wp-json\/wp\/v2\/posts\/13095\/revisions\/13097"}],"wp:featuredmedia":[{"embeddable":true,"href":"https:\/\/fundaciohospitalariesmartorell.org\/entre-tots\/wp-json\/wp\/v2\/media\/13096"}],"wp:attachment":[{"href":"https:\/\/fundaciohospitalariesmartorell.org\/entre-tots\/wp-json\/wp\/v2\/media?parent=13095"}],"wp:term":[{"taxonomy":"category","embeddable":true,"href":"https:\/\/fundaciohospitalariesmartorell.org\/entre-tots\/wp-json\/wp\/v2\/categories?post=13095"},{"taxonomy":"post_tag","embeddable":true,"href":"https:\/\/fundaciohospitalariesmartorell.org\/entre-tots\/wp-json\/wp\/v2\/tags?post=13095"}],"curies":[{"name":"wp","href":"https:\/\/api.w.org\/{rel}","templated":true}]}}