{"id":13113,"date":"2026-04-27T12:23:00","date_gmt":"2026-04-27T11:23:00","guid":{"rendered":"https:\/\/fundaciohospitalariesmartorell.org\/entre-tots\/?p=13113"},"modified":"2026-04-28T08:12:05","modified_gmt":"2026-04-28T07:12:05","slug":"els-serveis-de-rehabilitacio-comunitaria-de-catalunya-celebren-a-lleida-la-seva-primera-jornada-conjunt","status":"publish","type":"post","link":"https:\/\/fundaciohospitalariesmartorell.org\/entre-tots\/2026\/04\/els-serveis-de-rehabilitacio-comunitaria-de-catalunya-celebren-a-lleida-la-seva-primera-jornada-conjunt\/","title":{"rendered":"Els Serveis de Rehabilitaci\u00f3 Comunit\u00e0ria de Catalunya celebren a Lleida la seva primera jornada conjunta"},"content":{"rendered":"\n<figure class=\"wp-block-image size-full\"><img loading=\"lazy\" decoding=\"async\" width=\"930\" height=\"700\" src=\"https:\/\/fundaciohospitalariesmartorell.org\/entre-tots\/wp-content\/uploads\/2026\/04\/image-12.png\" alt=\"\" class=\"wp-image-13128\" srcset=\"https:\/\/fundaciohospitalariesmartorell.org\/entre-tots\/wp-content\/uploads\/2026\/04\/image-12.png 930w, https:\/\/fundaciohospitalariesmartorell.org\/entre-tots\/wp-content\/uploads\/2026\/04\/image-12-300x226.png 300w, https:\/\/fundaciohospitalariesmartorell.org\/entre-tots\/wp-content\/uploads\/2026\/04\/image-12-768x578.png 768w\" sizes=\"auto, (max-width: 930px) 100vw, 930px\" \/><figcaption class=\"wp-element-caption\">@Autor: ICS GSS Lleida Pirineu<\/figcaption><\/figure>\n\n\n\n<p>El passat dijous 16 d\u2019abril va tenir lloc a Lleida la 1a Jornada dels Serveis de Rehabilitaci\u00f3 Comunit\u00e0ria de Catalunya, una trobada organitzada pel conjunt de SRC del territori catal\u00e0 sota el lema \u201cTeixint xarxes. Compartint reptes\u201d.<\/p>\n\n\n\n<p>La jornada es va consolidar com un espai de trobada, reflexi\u00f3 i intercanvi entre professionals i persones usu\u00e0ries dels diferents serveis, amb l\u2019objectiu de compartir experi\u00e8ncies, projectes i bones pr\u00e0ctiques orientades a millorar la qualitat de vida, l\u2019autonomia i la inclusi\u00f3 social de les persones ateses en l\u2019\u00e0mbit de la salut mental comunit\u00e0ria.<\/p>\n\n\n\n<p>Un dels eixos centrals de la jornada va ser l\u2019abordatge del Trastorn de l\u2019Espectre Autista, especialment en relaci\u00f3 amb l\u2019atenci\u00f3 a la poblaci\u00f3 jove. En aquest marc, es va posar en relleu la import\u00e0ncia de les intervencions primerenques, l\u2019acompanyament continuat i el desplegament de programes adaptats a les necessitats espec\u00edfiques de cada persona.<\/p>\n\n\n\n<p>La participaci\u00f3 de persones usu\u00e0ries va tenir un paper destacat durant la trobada. En una de les taules dedicades al TEA, una usu\u00e0ria va compartir la seva experi\u00e8ncia en primera persona, aportant una mirada vivencial i valuosa sobre els processos d\u2019acompanyament, recuperaci\u00f3 i inclusi\u00f3.<\/p>\n\n\n\n<p>La jornada tamb\u00e9 va permetre reflexionar sobre el valor de les decisions anticipades, com a eina per promoure l\u2019autonomia, la participaci\u00f3 activa i el protagonisme de les persones en el seu propi proc\u00e9s de recuperaci\u00f3. Aquest enfocament refor\u00e7a una atenci\u00f3 centrada en la persona, respectuosa amb les seves prefer\u00e8ncies i orientada a la construcci\u00f3 d\u2019un projecte de vida significatiu.<\/p>\n\n\n\n<p>A m\u00e9s dels espais de debat i reflexi\u00f3, la jornada va comptar amb moments culturals i participatius. Un dels m\u00e9s destacats va ser l\u2019actuaci\u00f3 del grup de joves Combo BATEC, format per tres noies i un noi que, acompanyats pels seus referents, van interpretar diverses peces amb teclats i guitarres. L\u2019actuaci\u00f3 va aportar un ambient proper i din\u00e0mic, i va posar en valor l\u2019expressi\u00f3 art\u00edstica com a eina de participaci\u00f3, vinculaci\u00f3 i cohesi\u00f3.<\/p>\n\n\n\n<p>La trobada va finalitzar amb el lliurament de premis als millors p\u00f2sters presentats durant la jornada, reconeixent l\u2019esfor\u00e7, la innovaci\u00f3 i el comprom\u00eds dels equips professionals dels diferents SRC de Catalunya en el desenvolupament de projectes dins l\u2019\u00e0mbit de la rehabilitaci\u00f3 comunit\u00e0ria.<\/p>\n\n\n\n<p>En conjunt, aquesta primera jornada va reflectir el comprom\u00eds dels Serveis de Rehabilitaci\u00f3 Comunit\u00e0ria amb una atenci\u00f3 integral, comunit\u00e0ria, centrada en la persona i orientada a la recuperaci\u00f3. Tamb\u00e9 va representar una oportunitat per enfortir vincles entre serveis, compartir coneixement i continuar avan\u00e7ant en la construcci\u00f3 d\u2019una xarxa de treball conjunta.<\/p>\n\n\n\n<p>La propera edici\u00f3 de la jornada tindr\u00e0 lloc l\u2019abril de 2028 a Reus, amb la voluntat de donar continu\u00eftat a aquest espai de trobada, aprenentatge i col\u00b7laboraci\u00f3 entre els SRC de Catalunya.<\/p>\n","protected":false},"excerpt":{"rendered":"<p>El passat dijous 16 d\u2019abril va tenir lloc a Lleida la 1a Jornada dels Serveis de Rehabilitaci\u00f3 Comunit\u00e0ria de Catalunya, una trobada organitzada pel conjunt de SRC del territori catal\u00e0 sota el lema \u201cTeixint xarxes. Compartint reptes\u201d. La jornada es va consolidar com un espai de trobada, reflexi\u00f3 i intercanvi entre professionals i persones usu\u00e0ries [&hellip;]<\/p>\n","protected":false},"author":6,"featured_media":13128,"comment_status":"closed","ping_status":"closed","sticky":false,"template":"","format":"standard","meta":{"footnotes":""},"categories":[27],"tags":[],"class_list":["post-13113","post","type-post","status-publish","format-standard","has-post-thumbnail","hentry","category-actualitat"],"blocksy_meta":[],"featured_image_urls_v2":{"full":["https:\/\/fundaciohospitalariesmartorell.org\/entre-tots\/wp-content\/uploads\/2026\/04\/image-12.png",930,700,false],"thumbnail":["https:\/\/fundaciohospitalariesmartorell.org\/entre-tots\/wp-content\/uploads\/2026\/04\/image-12-150x150.png",150,150,true],"medium":["https:\/\/fundaciohospitalariesmartorell.org\/entre-tots\/wp-content\/uploads\/2026\/04\/image-12-300x226.png",300,226,true],"medium_large":["https:\/\/fundaciohospitalariesmartorell.org\/entre-tots\/wp-content\/uploads\/2026\/04\/image-12-768x578.png",768,578,true],"large":["https:\/\/fundaciohospitalariesmartorell.org\/entre-tots\/wp-content\/uploads\/2026\/04\/image-12.png",930,700,false],"1536x1536":["https:\/\/fundaciohospitalariesmartorell.org\/entre-tots\/wp-content\/uploads\/2026\/04\/image-12.png",930,700,false],"2048x2048":["https:\/\/fundaciohospitalariesmartorell.org\/entre-tots\/wp-content\/uploads\/2026\/04\/image-12.png",930,700,false],"mailpoet_newsletter_max":["https:\/\/fundaciohospitalariesmartorell.org\/entre-tots\/wp-content\/uploads\/2026\/04\/image-12.png",930,700,false]},"post_excerpt_stackable_v2":"<p>@Autor: ICS GSS Lleida Pirineu El passat dijous 16 d\u2019abril va tenir lloc a Lleida la 1a Jornada dels Serveis de Rehabilitaci\u00f3 Comunit\u00e0ria de Catalunya, una trobada organitzada pel conjunt de SRC del territori catal\u00e0 sota el lema \u201cTeixint xarxes. Compartint reptes\u201d. La jornada es va consolidar com un espai de trobada, reflexi\u00f3 i intercanvi entre professionals i persones usu\u00e0ries dels diferents serveis, amb l\u2019objectiu de compartir experi\u00e8ncies, projectes i bones pr\u00e0ctiques orientades a millorar la qualitat de vida, l\u2019autonomia i la inclusi\u00f3 social de les persones ateses en l\u2019\u00e0mbit de la salut mental comunit\u00e0ria. Un dels eixos centrals de&hellip;<\/p>\n","category_list_v2":"<a href=\"https:\/\/fundaciohospitalariesmartorell.org\/entre-tots\/category\/actualitat\/\" rel=\"category tag\">ACTUALITAT<\/a>","author_info_v2":{"name":"Martorell_comunicacio","url":"https:\/\/fundaciohospitalariesmartorell.org\/entre-tots\/author\/martorell_comunicacio\/"},"comments_num_v2":"0 comments","_links":{"self":[{"href":"https:\/\/fundaciohospitalariesmartorell.org\/entre-tots\/wp-json\/wp\/v2\/posts\/13113","targetHints":{"allow":["GET"]}}],"collection":[{"href":"https:\/\/fundaciohospitalariesmartorell.org\/entre-tots\/wp-json\/wp\/v2\/posts"}],"about":[{"href":"https:\/\/fundaciohospitalariesmartorell.org\/entre-tots\/wp-json\/wp\/v2\/types\/post"}],"author":[{"embeddable":true,"href":"https:\/\/fundaciohospitalariesmartorell.org\/entre-tots\/wp-json\/wp\/v2\/users\/6"}],"replies":[{"embeddable":true,"href":"https:\/\/fundaciohospitalariesmartorell.org\/entre-tots\/wp-json\/wp\/v2\/comments?post=13113"}],"version-history":[{"count":2,"href":"https:\/\/fundaciohospitalariesmartorell.org\/entre-tots\/wp-json\/wp\/v2\/posts\/13113\/revisions"}],"predecessor-version":[{"id":13130,"href":"https:\/\/fundaciohospitalariesmartorell.org\/entre-tots\/wp-json\/wp\/v2\/posts\/13113\/revisions\/13130"}],"wp:featuredmedia":[{"embeddable":true,"href":"https:\/\/fundaciohospitalariesmartorell.org\/entre-tots\/wp-json\/wp\/v2\/media\/13128"}],"wp:attachment":[{"href":"https:\/\/fundaciohospitalariesmartorell.org\/entre-tots\/wp-json\/wp\/v2\/media?parent=13113"}],"wp:term":[{"taxonomy":"category","embeddable":true,"href":"https:\/\/fundaciohospitalariesmartorell.org\/entre-tots\/wp-json\/wp\/v2\/categories?post=13113"},{"taxonomy":"post_tag","embeddable":true,"href":"https:\/\/fundaciohospitalariesmartorell.org\/entre-tots\/wp-json\/wp\/v2\/tags?post=13113"}],"curies":[{"name":"wp","href":"https:\/\/api.w.org\/{rel}","templated":true}]}}