{"id":13115,"date":"2026-04-28T07:58:01","date_gmt":"2026-04-28T06:58:01","guid":{"rendered":"https:\/\/fundaciohospitalariesmartorell.org\/entre-tots\/?p=13115"},"modified":"2026-04-28T11:31:22","modified_gmt":"2026-04-28T10:31:22","slug":"la-unitat-de-psiquiatria-geriatrica-dhospitalaries-martorell-avanca-cap-a-lexcellencia-en-latencio-sense-contencions","status":"publish","type":"post","link":"https:\/\/fundaciohospitalariesmartorell.org\/entre-tots\/2026\/04\/la-unitat-de-psiquiatria-geriatrica-dhospitalaries-martorell-avanca-cap-a-lexcellencia-en-latencio-sense-contencions\/","title":{"rendered":"La Unitat de Psiquiatria Geri\u00e0trica d\u2019Hospital\u00e0ries Martorell avan\u00e7a cap a l&#8217;excel\u00b7l\u00e8ncia en l&#8217;atenci\u00f3 sense contencions"},"content":{"rendered":"\n<h3 class=\"wp-block-heading\"><span style=\"color: var(--theme-palette-color-1, #9f2b68);\" class=\"stk-highlight\">Martorell ha rebut la visita de la Dra. Ana Urrutia per supervisar el desplegament del programa \u2018Cuidar amb Llibertat\u2019 i treballar en la seg\u00fcent fase de certificaci\u00f3 de la Norma Libera-Care<\/span><\/h3>\n\n\n\n<p>El cam\u00ed cap a un model assistencial lliure de contencions f\u00edsiques continua avan\u00e7ant amb pas ferm a la Fundaci\u00f3 Hospital\u00e0ries Martorell. Coincidint amb una nova jornada de formaci\u00f3 del projecte &#8216;Cuidar amb Llibertat&#8217;, el centre ha rebut la visita de la Dra. Ana Urrutia, presidenta de la Fundaci\u00f3n Cuidados Dignos, qui ha conegut la unitat de Psiquiatria Geri\u00e0trica per saber de primera m\u00e0 l&#8217;evoluci\u00f3 de la feina feta sobre el terreny.<\/p>\n\n\n\n<figure class=\"wp-block-image size-large\"><img loading=\"lazy\" decoding=\"async\" width=\"1024\" height=\"576\" src=\"https:\/\/fundaciohospitalariesmartorell.org\/entre-tots\/wp-content\/uploads\/2026\/04\/WhatsApp-Image-2026-04-22-at-12.43.45-1-1024x576.jpeg\" alt=\"\" class=\"wp-image-13118\" srcset=\"https:\/\/fundaciohospitalariesmartorell.org\/entre-tots\/wp-content\/uploads\/2026\/04\/WhatsApp-Image-2026-04-22-at-12.43.45-1-1024x576.jpeg 1024w, https:\/\/fundaciohospitalariesmartorell.org\/entre-tots\/wp-content\/uploads\/2026\/04\/WhatsApp-Image-2026-04-22-at-12.43.45-1-300x169.jpeg 300w, https:\/\/fundaciohospitalariesmartorell.org\/entre-tots\/wp-content\/uploads\/2026\/04\/WhatsApp-Image-2026-04-22-at-12.43.45-1-768x432.jpeg 768w, https:\/\/fundaciohospitalariesmartorell.org\/entre-tots\/wp-content\/uploads\/2026\/04\/WhatsApp-Image-2026-04-22-at-12.43.45-1-1536x864.jpeg 1536w, https:\/\/fundaciohospitalariesmartorell.org\/entre-tots\/wp-content\/uploads\/2026\/04\/WhatsApp-Image-2026-04-22-at-12.43.45-1-1320x743.jpeg 1320w, https:\/\/fundaciohospitalariesmartorell.org\/entre-tots\/wp-content\/uploads\/2026\/04\/WhatsApp-Image-2026-04-22-at-12.43.45-1.jpeg 1600w\" sizes=\"auto, (max-width: 1024px) 100vw, 1024px\" \/><\/figure>\n\n\n\n<p>Aquesta visita s\u2019emmarca en la revalidaci\u00f3 i ampliaci\u00f3 del certificat inicial de la Norma Libera-Care, que la unitat ja va assolir el 2025. Despr\u00e9s d\u2019un any de formaci\u00f3 i canvi de din\u00e0miques liderat pel coordinador d&#8217;infermeria Eduardo Evanan, l&#8217;objectiu ara \u00e9s assolir una certificaci\u00f3 m\u00e9s elaborada durant aquest 2026.<\/p>\n\n\n\n<p>El Dr. Manel S\u00e1nchez, responsable de l&#8217;\u00e0rea, explica que aquest programa <em>&#8220;t\u00e9 com a objectiu sensibilitzar i formar a tot el personal assistencial amb totes les estrat\u00e8gies que ens porten a cuidar amb el menor nombre possible de contencions f\u00edsiques&#8221;<\/em>. S\u00e1nchez subratlla que aquesta fita est\u00e0 totalment alineada amb l\u2019atenci\u00f3 centrada en la persona, especialment en entorns de fragilitat com la psicogeriatria.<\/p>\n\n\n\n<div class=\"wp-block-stackable-image stk-block-image stk-block stk-e2fc8e2\" data-block-id=\"e2fc8e2\"><figure><span class=\"stk-img-wrapper stk-image--shape-stretch\"><img loading=\"lazy\" decoding=\"async\" class=\"stk-img wp-image-13116\" src=\"https:\/\/fundaciohospitalariesmartorell.org\/entre-tots\/wp-content\/uploads\/2026\/04\/WhatsApp-Image-2026-04-22-at-12.43.46.jpeg\" width=\"1600\" height=\"900\" srcset=\"https:\/\/fundaciohospitalariesmartorell.org\/entre-tots\/wp-content\/uploads\/2026\/04\/WhatsApp-Image-2026-04-22-at-12.43.46.jpeg 1600w, https:\/\/fundaciohospitalariesmartorell.org\/entre-tots\/wp-content\/uploads\/2026\/04\/WhatsApp-Image-2026-04-22-at-12.43.46-300x169.jpeg 300w, https:\/\/fundaciohospitalariesmartorell.org\/entre-tots\/wp-content\/uploads\/2026\/04\/WhatsApp-Image-2026-04-22-at-12.43.46-1024x576.jpeg 1024w, https:\/\/fundaciohospitalariesmartorell.org\/entre-tots\/wp-content\/uploads\/2026\/04\/WhatsApp-Image-2026-04-22-at-12.43.46-768x432.jpeg 768w, https:\/\/fundaciohospitalariesmartorell.org\/entre-tots\/wp-content\/uploads\/2026\/04\/WhatsApp-Image-2026-04-22-at-12.43.46-1536x864.jpeg 1536w, https:\/\/fundaciohospitalariesmartorell.org\/entre-tots\/wp-content\/uploads\/2026\/04\/WhatsApp-Image-2026-04-22-at-12.43.46-1320x743.jpeg 1320w\" sizes=\"auto, (max-width: 1600px) 100vw, 1600px\" \/><\/span><\/figure><\/div>\n\n\n\n<p><strong>Un repte compartit i exportable<\/strong><\/p>\n\n\n\n<p>La Dra. Urrutia s\u2019ha mostrat molt il\u00b7lusionada amb el projecte a Fundaci\u00f3 Hospital\u00e0ries Martorell. Malgrat que la seva fundaci\u00f3 t\u00e9 una llarga traject\u00f2ria en resid\u00e8ncies, el treball en una unitat de psiquiatria geri\u00e0trica d&#8217;aguts ha estat un repte: <em>&#8220;Vam iniciar el projecte amb una miqueta de por pel canvi d&#8217;\u00e0rea, per\u00f2 estem content\u00edssims de com ha anat&#8221;<\/em>. Segons la doctora, l&#8217;experi\u00e8ncia a la Fundaci\u00f3 Hospital\u00e0ria servir\u00e0 de &#8220;palanca&#8221; per impulsar i exportar aquest model a altres unitats de psiquiatria fora del centre.<\/p>\n\n\n\n<figure class=\"wp-block-embed is-type-video is-provider-youtube wp-block-embed-youtube wp-embed-aspect-9-16 wp-has-aspect-ratio\"><div class=\"wp-block-embed__wrapper\">\n<iframe loading=\"lazy\" title=\"La Unitat de Psiquiatria Geri\u00e0trica d\u2019Hospital\u00e0ries Martorell avan\u00e7a en l\u2019atenci\u00f3 sense contencions\" width=\"563\" height=\"1000\" src=\"https:\/\/www.youtube.com\/embed\/2V4Hge1l6W8?feature=oembed\" frameborder=\"0\" allow=\"accelerometer; autoplay; clipboard-write; encrypted-media; gyroscope; picture-in-picture; web-share\" referrerpolicy=\"strict-origin-when-cross-origin\" allowfullscreen><\/iframe>\n<\/div><\/figure>\n\n\n\n<p><\/p>\n","protected":false},"excerpt":{"rendered":"<p>Martorell ha rebut la visita de la Dra. Ana Urrutia per supervisar el desplegament del programa \u2018Cuidar amb Llibertat\u2019 i treballar en la seg\u00fcent fase de certificaci\u00f3 de la Norma Libera-Care El cam\u00ed cap a un model assistencial lliure de contencions f\u00edsiques continua avan\u00e7ant amb pas ferm a la Fundaci\u00f3 Hospital\u00e0ries Martorell. Coincidint amb una [&hellip;]<\/p>\n","protected":false},"author":6,"featured_media":13117,"comment_status":"closed","ping_status":"closed","sticky":false,"template":"","format":"standard","meta":{"footnotes":""},"categories":[27],"tags":[],"class_list":["post-13115","post","type-post","status-publish","format-standard","has-post-thumbnail","hentry","category-actualitat"],"blocksy_meta":[],"featured_image_urls_v2":{"full":["https:\/\/fundaciohospitalariesmartorell.org\/entre-tots\/wp-content\/uploads\/2026\/04\/WhatsApp-Image-2026-04-22-at-12.43.45.jpeg",1600,900,false],"thumbnail":["https:\/\/fundaciohospitalariesmartorell.org\/entre-tots\/wp-content\/uploads\/2026\/04\/WhatsApp-Image-2026-04-22-at-12.43.45-150x150.jpeg",150,150,true],"medium":["https:\/\/fundaciohospitalariesmartorell.org\/entre-tots\/wp-content\/uploads\/2026\/04\/WhatsApp-Image-2026-04-22-at-12.43.45-300x169.jpeg",300,169,true],"medium_large":["https:\/\/fundaciohospitalariesmartorell.org\/entre-tots\/wp-content\/uploads\/2026\/04\/WhatsApp-Image-2026-04-22-at-12.43.45-768x432.jpeg",768,432,true],"large":["https:\/\/fundaciohospitalariesmartorell.org\/entre-tots\/wp-content\/uploads\/2026\/04\/WhatsApp-Image-2026-04-22-at-12.43.45-1024x576.jpeg",1024,576,true],"1536x1536":["https:\/\/fundaciohospitalariesmartorell.org\/entre-tots\/wp-content\/uploads\/2026\/04\/WhatsApp-Image-2026-04-22-at-12.43.45-1536x864.jpeg",1536,864,true],"2048x2048":["https:\/\/fundaciohospitalariesmartorell.org\/entre-tots\/wp-content\/uploads\/2026\/04\/WhatsApp-Image-2026-04-22-at-12.43.45.jpeg",1600,900,false],"mailpoet_newsletter_max":["https:\/\/fundaciohospitalariesmartorell.org\/entre-tots\/wp-content\/uploads\/2026\/04\/WhatsApp-Image-2026-04-22-at-12.43.45-1320x743.jpeg",1320,743,true]},"post_excerpt_stackable_v2":"<p>Martorell ha rebut la visita de la Dra. Ana Urrutia per supervisar el desplegament del programa \u2018Cuidar amb Llibertat\u2019 i treballar en la seg\u00fcent fase de certificaci\u00f3 de la Norma Libera-Care El cam\u00ed cap a un model assistencial lliure de contencions f\u00edsiques continua avan\u00e7ant amb pas ferm a la Fundaci\u00f3 Hospital\u00e0ries Martorell. Coincidint amb una nova jornada de formaci\u00f3 del projecte &#8216;Cuidar amb Llibertat&#8217;, el centre ha rebut la visita de la Dra. Ana Urrutia, presidenta de la Fundaci\u00f3n Cuidados Dignos, qui ha conegut la unitat de Psiquiatria Geri\u00e0trica per saber de primera m\u00e0 l&#8217;evoluci\u00f3 de la feina feta sobre&hellip;<\/p>\n","category_list_v2":"<a href=\"https:\/\/fundaciohospitalariesmartorell.org\/entre-tots\/category\/actualitat\/\" rel=\"category tag\">ACTUALITAT<\/a>","author_info_v2":{"name":"Martorell_comunicacio","url":"https:\/\/fundaciohospitalariesmartorell.org\/entre-tots\/author\/martorell_comunicacio\/"},"comments_num_v2":"0 comments","_links":{"self":[{"href":"https:\/\/fundaciohospitalariesmartorell.org\/entre-tots\/wp-json\/wp\/v2\/posts\/13115","targetHints":{"allow":["GET"]}}],"collection":[{"href":"https:\/\/fundaciohospitalariesmartorell.org\/entre-tots\/wp-json\/wp\/v2\/posts"}],"about":[{"href":"https:\/\/fundaciohospitalariesmartorell.org\/entre-tots\/wp-json\/wp\/v2\/types\/post"}],"author":[{"embeddable":true,"href":"https:\/\/fundaciohospitalariesmartorell.org\/entre-tots\/wp-json\/wp\/v2\/users\/6"}],"replies":[{"embeddable":true,"href":"https:\/\/fundaciohospitalariesmartorell.org\/entre-tots\/wp-json\/wp\/v2\/comments?post=13115"}],"version-history":[{"count":4,"href":"https:\/\/fundaciohospitalariesmartorell.org\/entre-tots\/wp-json\/wp\/v2\/posts\/13115\/revisions"}],"predecessor-version":[{"id":13131,"href":"https:\/\/fundaciohospitalariesmartorell.org\/entre-tots\/wp-json\/wp\/v2\/posts\/13115\/revisions\/13131"}],"wp:featuredmedia":[{"embeddable":true,"href":"https:\/\/fundaciohospitalariesmartorell.org\/entre-tots\/wp-json\/wp\/v2\/media\/13117"}],"wp:attachment":[{"href":"https:\/\/fundaciohospitalariesmartorell.org\/entre-tots\/wp-json\/wp\/v2\/media?parent=13115"}],"wp:term":[{"taxonomy":"category","embeddable":true,"href":"https:\/\/fundaciohospitalariesmartorell.org\/entre-tots\/wp-json\/wp\/v2\/categories?post=13115"},{"taxonomy":"post_tag","embeddable":true,"href":"https:\/\/fundaciohospitalariesmartorell.org\/entre-tots\/wp-json\/wp\/v2\/tags?post=13115"}],"curies":[{"name":"wp","href":"https:\/\/api.w.org\/{rel}","templated":true}]}}