{"id":13132,"date":"2026-04-29T14:10:17","date_gmt":"2026-04-29T13:10:17","guid":{"rendered":"https:\/\/fundaciohospitalariesmartorell.org\/entre-tots\/?p=13132"},"modified":"2026-04-29T14:37:33","modified_gmt":"2026-04-29T13:37:33","slug":"la-fundacio-hospitalaries-martorell-gradua-una-nova-promocio-de-residents","status":"publish","type":"post","link":"https:\/\/fundaciohospitalariesmartorell.org\/entre-tots\/2026\/04\/la-fundacio-hospitalaries-martorell-gradua-una-nova-promocio-de-residents\/","title":{"rendered":"La Fundaci\u00f3 Hospital\u00e0ries Martorell acomiada una nova promoci\u00f3 de residents"},"content":{"rendered":"\n<h3 class=\"wp-block-heading\"><span style=\"color: var(--theme-palette-color-1, #9f2b68);\" class=\"stk-highlight\">El centre gradua a cinc residents en un acte emotiu i de reconeixements <\/span><\/h3>\n\n\n\n<p><\/p>\n\n\n\n<p>La sala d\u2019actes de la Fundaci\u00f3 Hospital\u00e0ries Martorell ha acollit, aquest dimecres 29 d\u2019abril, l\u2019acte de graduaci\u00f3 de la promoci\u00f3 de residents 2026. La sessi\u00f3 ha estat emotiva i plena de reconeixements, tant per part dels tutors i tutores com dels representants del centre, el cap d\u2019estudis i els companys que continuen la seva formaci\u00f3 a la instituci\u00f3.<\/p>\n\n\n\n<p>L\u2019acte ha servit per graduar i acomiadar els residents <strong>Jaume Clemente Calvo<\/strong> i <strong>Clara Mostalac Guiral<\/strong> (Psiquiatria), <strong>C\u00e8lia Llorens Vidal<\/strong> (Psicologia Cl\u00ednica) i <strong>Carla Ferro Lodos<\/strong> i <strong>Salma L\u00f3pez Ruiz<\/strong> (Infermeria en Salut Mental).<\/p>\n\n\n\n<figure class=\"wp-block-image size-large\"><img loading=\"lazy\" decoding=\"async\" width=\"1024\" height=\"619\" src=\"https:\/\/fundaciohospitalariesmartorell.org\/entre-tots\/wp-content\/uploads\/2026\/04\/image00014-1024x619.jpeg\" alt=\"\" class=\"wp-image-13133\" srcset=\"https:\/\/fundaciohospitalariesmartorell.org\/entre-tots\/wp-content\/uploads\/2026\/04\/image00014-1024x619.jpeg 1024w, https:\/\/fundaciohospitalariesmartorell.org\/entre-tots\/wp-content\/uploads\/2026\/04\/image00014-300x181.jpeg 300w, https:\/\/fundaciohospitalariesmartorell.org\/entre-tots\/wp-content\/uploads\/2026\/04\/image00014-768x464.jpeg 768w, https:\/\/fundaciohospitalariesmartorell.org\/entre-tots\/wp-content\/uploads\/2026\/04\/image00014-1536x928.jpeg 1536w, https:\/\/fundaciohospitalariesmartorell.org\/entre-tots\/wp-content\/uploads\/2026\/04\/image00014-2048x1238.jpeg 2048w, https:\/\/fundaciohospitalariesmartorell.org\/entre-tots\/wp-content\/uploads\/2026\/04\/image00014-1320x798.jpeg 1320w\" sizes=\"auto, (max-width: 1024px) 100vw, 1024px\" \/><\/figure>\n\n\n\n<p>La sessi\u00f3 s\u2019ha iniciat amb la intervenci\u00f3 del gerent, el <strong>Dr. Jes\u00fas Esquerra<\/strong>, qui ha felicitat els residents i els ha agra\u00eft la seva estada al centre, tot deixant-los la porta oberta per tornar-hi en un futur com a professionals. Per la seva banda, el <strong>Dr. Manel S\u00e1nchez<\/strong>, cap de l\u2019\u00c0rea de Gesti\u00f3 del Coneixement, els ha encoratjat a cultivar la curiositat: \u00abMantingueu viva la il\u00b7lusi\u00f3 i no perdeu mai les ganes de formar-vos en aquesta professi\u00f3 \u00fanica i estimulant\u00bb.<\/p>\n\n\n\n<p>El discurs central ha anat a c\u00e0rrec del cap d\u2019estudis, el <strong>Dr. Fernando Boatas<\/strong>, que aquest curs deixa el c\u00e0rrec despr\u00e9s de m\u00e9s de vint anys. El doctor ha reflexionat sobre el cam\u00ed recorregut pels residents i els ha encoratjat davant la nova etapa que inicien:<\/p>\n\n\n\n<p>\u00abAra deixeu de ser residents per ser professionals amb noms i cognoms, amb les inquietuds i preocupacions que aix\u00f2 comporta. Tot i que trobareu rivals, tamb\u00e9 tindreu elements de protecci\u00f3. Feu servir els &#8220;superpoders&#8221; que heu adquirit durant aquests anys de formaci\u00f3 i no deixeu mai de ser curiosos.\u00bb Boatas ha concl\u00f2s afirmant que, tot i que s&#8217;acaba la seva etapa formativa, \u00abel cam\u00ed de la vida professional \u00e9s interminable\u00bb.<\/p>\n\n\n\n<figure class=\"wp-block-image size-large\"><img loading=\"lazy\" decoding=\"async\" width=\"1024\" height=\"768\" src=\"https:\/\/fundaciohospitalariesmartorell.org\/entre-tots\/wp-content\/uploads\/2026\/04\/image00092-1024x768.jpg\" alt=\"\" class=\"wp-image-13134\" srcset=\"https:\/\/fundaciohospitalariesmartorell.org\/entre-tots\/wp-content\/uploads\/2026\/04\/image00092-1024x768.jpg 1024w, https:\/\/fundaciohospitalariesmartorell.org\/entre-tots\/wp-content\/uploads\/2026\/04\/image00092-300x225.jpg 300w, https:\/\/fundaciohospitalariesmartorell.org\/entre-tots\/wp-content\/uploads\/2026\/04\/image00092-768x576.jpg 768w, https:\/\/fundaciohospitalariesmartorell.org\/entre-tots\/wp-content\/uploads\/2026\/04\/image00092-1536x1152.jpg 1536w, https:\/\/fundaciohospitalariesmartorell.org\/entre-tots\/wp-content\/uploads\/2026\/04\/image00092-2048x1536.jpg 2048w, https:\/\/fundaciohospitalariesmartorell.org\/entre-tots\/wp-content\/uploads\/2026\/04\/image00092-1320x990.jpg 1320w\" sizes=\"auto, (max-width: 1024px) 100vw, 1024px\" \/><\/figure>\n\n\n\n<p>A continuaci\u00f3, els tutors <strong>\u00c0gueda Solivellas, Raul Ortega, Francesca Amores i Meritxell Argem\u00ed<\/strong> han lliurat els diplomes i un obsequi als graduats, agraint-los la seva perseveran\u00e7a. Els cinc residents tamb\u00e9 han pres la paraula per recordar el suport rebut per part de tot l&#8217;equip durant el seu proc\u00e9s d&#8217;aprenentatge. Tamb\u00e9 han intervingut els residents que continuen al centre, recordant els moments viscuts amb els seus companys que finalitzen la resid\u00e8ncia.<\/p>\n\n\n\n<p>El tancament de l\u2019acte ha anat a c\u00e0rrec del <strong>Dr. Carles Franquelo<\/strong>, director m\u00e8dic de la Fundaci\u00f3, qui ha reiterat els seus desitjos de sort als nous professionals. Franquelo ha aprofitat per dedicar unes paraules especials al <strong>Dr. Fernando Boatas<\/strong>, agraint-li la seva dedicaci\u00f3 absoluta a la doc\u00e8ncia. Ha recordat, a m\u00e9s, que Boatas t\u00e9 una traject\u00f2ria hist\u00f2rica al centre: va ser el primer resident de l\u2019hospital, posteriorment el primer tutor i, finalment, el primer cap d\u2019estudis.<\/p>\n\n\n\n<p>Com a reconeixement a la seva tasca, el Dr. Boatas ha rebut un obsequi del centre i un emotiu v\u00eddeo on actuals i antics companys li han desitjat sort i li han agra\u00eft el seu mestratge. La jornada ha finalitzat amb una fotografia de grup i un refrigeri amb familiars i professionals.<\/p>\n\n\n\n<div class=\"wp-block-stackable-image stk-block-image stk-block stk-e2fc8e2\" data-block-id=\"e2fc8e2\"><figure><span class=\"stk-img-wrapper stk-image--shape-stretch\"><img loading=\"lazy\" decoding=\"async\" class=\"stk-img wp-image-13135\" src=\"https:\/\/fundaciohospitalariesmartorell.org\/entre-tots\/wp-content\/uploads\/2026\/04\/image00064-scaled-e1777469303820.jpg\" width=\"2560\" height=\"1540\" srcset=\"https:\/\/fundaciohospitalariesmartorell.org\/entre-tots\/wp-content\/uploads\/2026\/04\/image00064-scaled-e1777469303820.jpg 2560w, https:\/\/fundaciohospitalariesmartorell.org\/entre-tots\/wp-content\/uploads\/2026\/04\/image00064-scaled-e1777469303820-300x180.jpg 300w, https:\/\/fundaciohospitalariesmartorell.org\/entre-tots\/wp-content\/uploads\/2026\/04\/image00064-scaled-e1777469303820-1024x616.jpg 1024w, https:\/\/fundaciohospitalariesmartorell.org\/entre-tots\/wp-content\/uploads\/2026\/04\/image00064-scaled-e1777469303820-768x462.jpg 768w, https:\/\/fundaciohospitalariesmartorell.org\/entre-tots\/wp-content\/uploads\/2026\/04\/image00064-scaled-e1777469303820-1536x924.jpg 1536w, https:\/\/fundaciohospitalariesmartorell.org\/entre-tots\/wp-content\/uploads\/2026\/04\/image00064-scaled-e1777469303820-2048x1232.jpg 2048w, https:\/\/fundaciohospitalariesmartorell.org\/entre-tots\/wp-content\/uploads\/2026\/04\/image00064-scaled-e1777469303820-1320x794.jpg 1320w\" sizes=\"auto, (max-width: 2560px) 100vw, 2560px\" \/><\/span><\/figure><\/div>\n\n\n\n<div class=\"wp-block-stackable-image stk-block-image stk-block stk-d931824\" data-block-id=\"d931824\"><figure><span class=\"stk-img-wrapper stk-image--shape-stretch\"><img loading=\"lazy\" decoding=\"async\" class=\"stk-img wp-image-13138\" src=\"https:\/\/fundaciohospitalariesmartorell.org\/entre-tots\/wp-content\/uploads\/2026\/04\/image00005-scaled.jpg\" width=\"2560\" height=\"1920\" srcset=\"https:\/\/fundaciohospitalariesmartorell.org\/entre-tots\/wp-content\/uploads\/2026\/04\/image00005-scaled.jpg 2560w, https:\/\/fundaciohospitalariesmartorell.org\/entre-tots\/wp-content\/uploads\/2026\/04\/image00005-300x225.jpg 300w, https:\/\/fundaciohospitalariesmartorell.org\/entre-tots\/wp-content\/uploads\/2026\/04\/image00005-1024x768.jpg 1024w, https:\/\/fundaciohospitalariesmartorell.org\/entre-tots\/wp-content\/uploads\/2026\/04\/image00005-768x576.jpg 768w, https:\/\/fundaciohospitalariesmartorell.org\/entre-tots\/wp-content\/uploads\/2026\/04\/image00005-1536x1152.jpg 1536w, https:\/\/fundaciohospitalariesmartorell.org\/entre-tots\/wp-content\/uploads\/2026\/04\/image00005-2048x1536.jpg 2048w, https:\/\/fundaciohospitalariesmartorell.org\/entre-tots\/wp-content\/uploads\/2026\/04\/image00005-1320x990.jpg 1320w\" sizes=\"auto, (max-width: 2560px) 100vw, 2560px\" \/><\/span><\/figure><\/div>\n\n\n\n<div class=\"wp-block-stackable-image stk-block-image stk-block stk-ac7489a\" data-block-id=\"ac7489a\"><figure><span class=\"stk-img-wrapper stk-image--shape-stretch\"><img loading=\"lazy\" decoding=\"async\" class=\"stk-img wp-image-13140\" src=\"https:\/\/fundaciohospitalariesmartorell.org\/entre-tots\/wp-content\/uploads\/2026\/04\/image00029-scaled.jpg\" width=\"2560\" height=\"1920\" srcset=\"https:\/\/fundaciohospitalariesmartorell.org\/entre-tots\/wp-content\/uploads\/2026\/04\/image00029-scaled.jpg 2560w, https:\/\/fundaciohospitalariesmartorell.org\/entre-tots\/wp-content\/uploads\/2026\/04\/image00029-300x225.jpg 300w, https:\/\/fundaciohospitalariesmartorell.org\/entre-tots\/wp-content\/uploads\/2026\/04\/image00029-1024x768.jpg 1024w, https:\/\/fundaciohospitalariesmartorell.org\/entre-tots\/wp-content\/uploads\/2026\/04\/image00029-768x576.jpg 768w, https:\/\/fundaciohospitalariesmartorell.org\/entre-tots\/wp-content\/uploads\/2026\/04\/image00029-1536x1152.jpg 1536w, https:\/\/fundaciohospitalariesmartorell.org\/entre-tots\/wp-content\/uploads\/2026\/04\/image00029-2048x1536.jpg 2048w, https:\/\/fundaciohospitalariesmartorell.org\/entre-tots\/wp-content\/uploads\/2026\/04\/image00029-1320x990.jpg 1320w\" sizes=\"auto, (max-width: 2560px) 100vw, 2560px\" \/><\/span><\/figure><\/div>\n","protected":false},"excerpt":{"rendered":"<p>El centre gradua a cinc residents en un acte emotiu i de reconeixements La sala d\u2019actes de la Fundaci\u00f3 Hospital\u00e0ries Martorell ha acollit, aquest dimecres 29 d\u2019abril, l\u2019acte de graduaci\u00f3 de la promoci\u00f3 de residents 2026. La sessi\u00f3 ha estat emotiva i plena de reconeixements, tant per part dels tutors i tutores com dels representants [&hellip;]<\/p>\n","protected":false},"author":6,"featured_media":13133,"comment_status":"closed","ping_status":"closed","sticky":false,"template":"","format":"standard","meta":{"footnotes":""},"categories":[27],"tags":[],"class_list":["post-13132","post","type-post","status-publish","format-standard","has-post-thumbnail","hentry","category-actualitat"],"blocksy_meta":[],"featured_image_urls_v2":{"full":["https:\/\/fundaciohospitalariesmartorell.org\/entre-tots\/wp-content\/uploads\/2026\/04\/image00014-scaled.jpeg",2560,1547,false],"thumbnail":["https:\/\/fundaciohospitalariesmartorell.org\/entre-tots\/wp-content\/uploads\/2026\/04\/image00014-150x150.jpeg",150,150,true],"medium":["https:\/\/fundaciohospitalariesmartorell.org\/entre-tots\/wp-content\/uploads\/2026\/04\/image00014-300x181.jpeg",300,181,true],"medium_large":["https:\/\/fundaciohospitalariesmartorell.org\/entre-tots\/wp-content\/uploads\/2026\/04\/image00014-768x464.jpeg",768,464,true],"large":["https:\/\/fundaciohospitalariesmartorell.org\/entre-tots\/wp-content\/uploads\/2026\/04\/image00014-1024x619.jpeg",1024,619,true],"1536x1536":["https:\/\/fundaciohospitalariesmartorell.org\/entre-tots\/wp-content\/uploads\/2026\/04\/image00014-1536x928.jpeg",1536,928,true],"2048x2048":["https:\/\/fundaciohospitalariesmartorell.org\/entre-tots\/wp-content\/uploads\/2026\/04\/image00014-2048x1238.jpeg",2048,1238,true],"mailpoet_newsletter_max":["https:\/\/fundaciohospitalariesmartorell.org\/entre-tots\/wp-content\/uploads\/2026\/04\/image00014-1320x798.jpeg",1320,798,true]},"post_excerpt_stackable_v2":"<p>El centre gradua a cinc residents en un acte emotiu i de reconeixements La sala d\u2019actes de la Fundaci\u00f3 Hospital\u00e0ries Martorell ha acollit, aquest dimecres 29 d\u2019abril, l\u2019acte de graduaci\u00f3 de la promoci\u00f3 de residents 2026. La sessi\u00f3 ha estat emotiva i plena de reconeixements, tant per part dels tutors i tutores com dels representants del centre, el cap d\u2019estudis i els companys que continuen la seva formaci\u00f3 a la instituci\u00f3. L\u2019acte ha servit per graduar i acomiadar els residents Jaume Clemente Calvo i Clara Mostalac Guiral (Psiquiatria), C\u00e8lia Llorens Vidal (Psicologia Cl\u00ednica) i Carla Ferro Lodos i Salma L\u00f3pez&hellip;<\/p>\n","category_list_v2":"<a href=\"https:\/\/fundaciohospitalariesmartorell.org\/entre-tots\/category\/actualitat\/\" rel=\"category tag\">ACTUALITAT<\/a>","author_info_v2":{"name":"Martorell_comunicacio","url":"https:\/\/fundaciohospitalariesmartorell.org\/entre-tots\/author\/martorell_comunicacio\/"},"comments_num_v2":"0 comments","_links":{"self":[{"href":"https:\/\/fundaciohospitalariesmartorell.org\/entre-tots\/wp-json\/wp\/v2\/posts\/13132","targetHints":{"allow":["GET"]}}],"collection":[{"href":"https:\/\/fundaciohospitalariesmartorell.org\/entre-tots\/wp-json\/wp\/v2\/posts"}],"about":[{"href":"https:\/\/fundaciohospitalariesmartorell.org\/entre-tots\/wp-json\/wp\/v2\/types\/post"}],"author":[{"embeddable":true,"href":"https:\/\/fundaciohospitalariesmartorell.org\/entre-tots\/wp-json\/wp\/v2\/users\/6"}],"replies":[{"embeddable":true,"href":"https:\/\/fundaciohospitalariesmartorell.org\/entre-tots\/wp-json\/wp\/v2\/comments?post=13132"}],"version-history":[{"count":3,"href":"https:\/\/fundaciohospitalariesmartorell.org\/entre-tots\/wp-json\/wp\/v2\/posts\/13132\/revisions"}],"predecessor-version":[{"id":13141,"href":"https:\/\/fundaciohospitalariesmartorell.org\/entre-tots\/wp-json\/wp\/v2\/posts\/13132\/revisions\/13141"}],"wp:featuredmedia":[{"embeddable":true,"href":"https:\/\/fundaciohospitalariesmartorell.org\/entre-tots\/wp-json\/wp\/v2\/media\/13133"}],"wp:attachment":[{"href":"https:\/\/fundaciohospitalariesmartorell.org\/entre-tots\/wp-json\/wp\/v2\/media?parent=13132"}],"wp:term":[{"taxonomy":"category","embeddable":true,"href":"https:\/\/fundaciohospitalariesmartorell.org\/entre-tots\/wp-json\/wp\/v2\/categories?post=13132"},{"taxonomy":"post_tag","embeddable":true,"href":"https:\/\/fundaciohospitalariesmartorell.org\/entre-tots\/wp-json\/wp\/v2\/tags?post=13132"}],"curies":[{"name":"wp","href":"https:\/\/api.w.org\/{rel}","templated":true}]}}