{"id":4001,"date":"2022-06-21T19:34:25","date_gmt":"2022-06-21T17:34:25","guid":{"rendered":"https:\/\/newweb.hospitalsagratcormartorell.org\/entre-tots\/?p=4001"},"modified":"2022-06-22T16:30:58","modified_gmt":"2022-06-22T14:30:58","slug":"arranca-amb-exit-la-primera-activitat-del-projecte-cuidat-x-cuidar","status":"publish","type":"post","link":"https:\/\/fundaciohospitalariesmartorell.org\/entre-tots\/2022\/06\/arranca-amb-exit-la-primera-activitat-del-projecte-cuidat-x-cuidar\/","title":{"rendered":"Arranca amb \u00e8xit la primera activitat del projecte \u2018Cuidat x Cuidar\u2019"},"content":{"rendered":"\n<div class=\"wp-block-getwid-images-stack is-layout-alpha\"><div class=\"wp-block-getwid-images-stack__wrapper\"><div class=\"wp-block-getwid-images-stack__chunk\"><div class=\"wp-block-getwid-images-stack__media-wrapper\"><div class=\"wp-block-getwid-images-stack__media-inner-wrapper\"><img loading=\"lazy\" decoding=\"async\" width=\"2048\" height=\"1536\" class=\"wp-block-getwid-images-stack__media wp-image-4003\" src=\"https:\/\/hospitalsagratcormartorell.org\/entre-tots\/wp-content\/uploads\/2022\/06\/IMG-20220620-WA0024.jpg\" data-id=\"4003\" data-link=\"https:\/\/hospitalsagratcormartorell.org\/entre-tots\/img-20220620-wa0024\/\" srcset=\"https:\/\/fundaciohospitalariesmartorell.org\/entre-tots\/wp-content\/uploads\/2022\/06\/IMG-20220620-WA0024.jpg 2048w, https:\/\/fundaciohospitalariesmartorell.org\/entre-tots\/wp-content\/uploads\/2022\/06\/IMG-20220620-WA0024-300x225.jpg 300w, https:\/\/fundaciohospitalariesmartorell.org\/entre-tots\/wp-content\/uploads\/2022\/06\/IMG-20220620-WA0024-1024x768.jpg 1024w, https:\/\/fundaciohospitalariesmartorell.org\/entre-tots\/wp-content\/uploads\/2022\/06\/IMG-20220620-WA0024-768x576.jpg 768w, https:\/\/fundaciohospitalariesmartorell.org\/entre-tots\/wp-content\/uploads\/2022\/06\/IMG-20220620-WA0024-1536x1152.jpg 1536w, https:\/\/fundaciohospitalariesmartorell.org\/entre-tots\/wp-content\/uploads\/2022\/06\/IMG-20220620-WA0024-1320x990.jpg 1320w\" sizes=\"auto, (max-width: 2048px) 100vw, 2048px\" \/><\/div><\/div><div class=\"wp-block-getwid-images-stack__media-wrapper\"><div class=\"wp-block-getwid-images-stack__media-inner-wrapper\"><img loading=\"lazy\" decoding=\"async\" width=\"470\" height=\"264\" class=\"wp-block-getwid-images-stack__media wp-image-4004\" src=\"https:\/\/hospitalsagratcormartorell.org\/entre-tots\/wp-content\/uploads\/2022\/06\/image001.jpg\" data-id=\"4004\" data-link=\"https:\/\/hospitalsagratcormartorell.org\/entre-tots\/image001\/\" srcset=\"https:\/\/fundaciohospitalariesmartorell.org\/entre-tots\/wp-content\/uploads\/2022\/06\/image001.jpg 470w, https:\/\/fundaciohospitalariesmartorell.org\/entre-tots\/wp-content\/uploads\/2022\/06\/image001-300x169.jpg 300w\" sizes=\"auto, (max-width: 470px) 100vw, 470px\" \/><\/div><\/div><\/div><\/div><\/div>\n\n\n\n<p>La primera activitat del projecte d&#8217;empresa Saludable de l&#8217;Hospital Sagrat Cor &#8216;Cuida&#8217;t x Cuidar&#8217; va ser una sortida de reflexi\u00f3, que va tenir lloc el dissabte 18 de juny a Sant Antoni de Vilamajor. Aquesta activitat es realitza des de fa anys, promoguda pel servei PAER, i enguany s\u2019ha incorporat al programa d\u2019accions del &#8216;Cuida&#8217;t x Cuidar&#8217;.\u00a0<\/p>\n\n\n\n<p>La sortida va servir perqu\u00e8 col\u00b7laboradors i col\u00b7laboradores potenciessin, de la m\u00e0 del germ\u00e0 de Sant Joan de D\u00e9u Eladi Freixa, un espai per donar qualitat a la seva vida personal cuidant la ment i el cos, amb temps de silenci, meditaci\u00f3 i en contacte amb la naturalesa.\u00a0<\/p>\n\n\n\n<div class=\"wp-block-getwid-images-stack is-layout-alpha\"><div class=\"wp-block-getwid-images-stack__wrapper\"><div class=\"wp-block-getwid-images-stack__chunk\"><div class=\"wp-block-getwid-images-stack__media-wrapper\"><div class=\"wp-block-getwid-images-stack__media-inner-wrapper\"><img loading=\"lazy\" decoding=\"async\" width=\"630\" height=\"513\" class=\"wp-block-getwid-images-stack__media wp-image-4002\" src=\"https:\/\/hospitalsagratcormartorell.org\/entre-tots\/wp-content\/uploads\/2022\/06\/20220618-1a-activitat-Cuidat-per-Cuidar.jpg\" data-id=\"4002\" data-link=\"https:\/\/hospitalsagratcormartorell.org\/entre-tots\/20220618-1a-activitat-cuidat-per-cuidar\/\" srcset=\"https:\/\/fundaciohospitalariesmartorell.org\/entre-tots\/wp-content\/uploads\/2022\/06\/20220618-1a-activitat-Cuidat-per-Cuidar.jpg 630w, https:\/\/fundaciohospitalariesmartorell.org\/entre-tots\/wp-content\/uploads\/2022\/06\/20220618-1a-activitat-Cuidat-per-Cuidar-300x244.jpg 300w\" sizes=\"auto, (max-width: 630px) 100vw, 630px\" \/><\/div><\/div><\/div><\/div><\/div>\n\n\n\n<p>Durant l&#8217;activitat es va meditar, va reflexionar i es van dur a terme exercicis de chi kung, entre altres activitats. M\u00aa Jes\u00fas Bascones, treballadora social, valora l&#8217;experi\u00e8ncia com un espai de relaxaci\u00f3 que ens ha servit per viure el moment i el silenci. Per la seva banda, Iv\u00e1n Ya\u00f1ez, infermer, considera l&#8217;activitat una manera de compartir i assegura que repetir\u00e0 quan es realitzin m\u00e9s edicions.\u00a0<\/p>\n\n\n\n<p>El projecte &#8216;Cuida&#8217;t x Cuidar&#8217; neix amb la finalitat de promocionar i afavorir el benestar del personal col\u00b7laborador a partir de treballar integralment 7 dimensions.<\/p>\n","protected":false},"excerpt":{"rendered":"<p>La primera activitat del projecte d&#8217;empresa Saludable de l&#8217;Hospital Sagrat Cor &#8216;Cuida&#8217;t x Cuidar&#8217; va ser una sortida de reflexi\u00f3, que va tenir lloc el dissabte 18 de juny a Sant Antoni de Vilamajor. Aquesta activitat es realitza des de fa anys, promoguda pel servei PAER, i enguany s\u2019ha incorporat al programa d\u2019accions del &#8216;Cuida&#8217;t [&hellip;]<\/p>\n","protected":false},"author":2,"featured_media":4003,"comment_status":"closed","ping_status":"closed","sticky":false,"template":"","format":"standard","meta":{"footnotes":""},"categories":[27],"tags":[],"class_list":["post-4001","post","type-post","status-publish","format-standard","has-post-thumbnail","hentry","category-actualitat"],"blocksy_meta":{"styles_descriptor":{"styles":{"desktop":"","tablet":"","mobile":""},"google_fonts":[],"version":6}},"featured_image_urls_v2":{"full":["https:\/\/fundaciohospitalariesmartorell.org\/entre-tots\/wp-content\/uploads\/2022\/06\/IMG-20220620-WA0024.jpg",2048,1536,false],"thumbnail":["https:\/\/fundaciohospitalariesmartorell.org\/entre-tots\/wp-content\/uploads\/2022\/06\/IMG-20220620-WA0024-150x150.jpg",150,150,true],"medium":["https:\/\/fundaciohospitalariesmartorell.org\/entre-tots\/wp-content\/uploads\/2022\/06\/IMG-20220620-WA0024-300x225.jpg",300,225,true],"medium_large":["https:\/\/fundaciohospitalariesmartorell.org\/entre-tots\/wp-content\/uploads\/2022\/06\/IMG-20220620-WA0024-768x576.jpg",768,576,true],"large":["https:\/\/fundaciohospitalariesmartorell.org\/entre-tots\/wp-content\/uploads\/2022\/06\/IMG-20220620-WA0024-1024x768.jpg",1024,768,true],"1536x1536":["https:\/\/fundaciohospitalariesmartorell.org\/entre-tots\/wp-content\/uploads\/2022\/06\/IMG-20220620-WA0024-1536x1152.jpg",1536,1152,true],"2048x2048":["https:\/\/fundaciohospitalariesmartorell.org\/entre-tots\/wp-content\/uploads\/2022\/06\/IMG-20220620-WA0024.jpg",2048,1536,false],"mailpoet_newsletter_max":["https:\/\/fundaciohospitalariesmartorell.org\/entre-tots\/wp-content\/uploads\/2022\/06\/IMG-20220620-WA0024-1320x990.jpg",1320,990,true]},"post_excerpt_stackable_v2":"<p>La primera activitat del projecte d&#8217;empresa Saludable de l&#8217;Hospital Sagrat Cor &#8216;Cuida&#8217;t x Cuidar&#8217; va ser una sortida de reflexi\u00f3, que va tenir lloc el dissabte 18 de juny a Sant Antoni de Vilamajor. Aquesta activitat es realitza des de fa anys, promoguda pel servei PAER, i enguany s\u2019ha incorporat al programa d\u2019accions del &#8216;Cuida&#8217;t x Cuidar&#8217;.\u00a0 La sortida va servir perqu\u00e8 col\u00b7laboradors i col\u00b7laboradores potenciessin, de la m\u00e0 del germ\u00e0 de Sant Joan de D\u00e9u Eladi Freixa, un espai per donar qualitat a la seva vida personal cuidant la ment i el cos, amb temps de silenci, meditaci\u00f3 i&hellip;<\/p>\n","category_list_v2":"<a href=\"https:\/\/fundaciohospitalariesmartorell.org\/entre-tots\/category\/actualitat\/\" rel=\"category tag\">ACTUALITAT<\/a>","author_info_v2":{"name":"Sagrat Cor","url":"https:\/\/fundaciohospitalariesmartorell.org\/entre-tots\/author\/daniel\/"},"comments_num_v2":"0 comments","_links":{"self":[{"href":"https:\/\/fundaciohospitalariesmartorell.org\/entre-tots\/wp-json\/wp\/v2\/posts\/4001","targetHints":{"allow":["GET"]}}],"collection":[{"href":"https:\/\/fundaciohospitalariesmartorell.org\/entre-tots\/wp-json\/wp\/v2\/posts"}],"about":[{"href":"https:\/\/fundaciohospitalariesmartorell.org\/entre-tots\/wp-json\/wp\/v2\/types\/post"}],"author":[{"embeddable":true,"href":"https:\/\/fundaciohospitalariesmartorell.org\/entre-tots\/wp-json\/wp\/v2\/users\/2"}],"replies":[{"embeddable":true,"href":"https:\/\/fundaciohospitalariesmartorell.org\/entre-tots\/wp-json\/wp\/v2\/comments?post=4001"}],"version-history":[{"count":7,"href":"https:\/\/fundaciohospitalariesmartorell.org\/entre-tots\/wp-json\/wp\/v2\/posts\/4001\/revisions"}],"predecessor-version":[{"id":4041,"href":"https:\/\/fundaciohospitalariesmartorell.org\/entre-tots\/wp-json\/wp\/v2\/posts\/4001\/revisions\/4041"}],"wp:featuredmedia":[{"embeddable":true,"href":"https:\/\/fundaciohospitalariesmartorell.org\/entre-tots\/wp-json\/wp\/v2\/media\/4003"}],"wp:attachment":[{"href":"https:\/\/fundaciohospitalariesmartorell.org\/entre-tots\/wp-json\/wp\/v2\/media?parent=4001"}],"wp:term":[{"taxonomy":"category","embeddable":true,"href":"https:\/\/fundaciohospitalariesmartorell.org\/entre-tots\/wp-json\/wp\/v2\/categories?post=4001"},{"taxonomy":"post_tag","embeddable":true,"href":"https:\/\/fundaciohospitalariesmartorell.org\/entre-tots\/wp-json\/wp\/v2\/tags?post=4001"}],"curies":[{"name":"wp","href":"https:\/\/api.w.org\/{rel}","templated":true}]}}