{"id":4019,"date":"2022-06-02T09:42:00","date_gmt":"2022-06-02T07:42:00","guid":{"rendered":"https:\/\/newweb.hospitalsagratcormartorell.org\/entre-tots\/?p=4019"},"modified":"2022-06-22T09:42:31","modified_gmt":"2022-06-22T07:42:31","slug":"conclou-la-2a-edicio-dels-itineraris-formatiu-per-a-infermeria-en-els-ambits-sociosanitari-i-de-salut-mental-i-per-a-administratiu-va","status":"publish","type":"post","link":"https:\/\/fundaciohospitalariesmartorell.org\/entre-tots\/2022\/06\/conclou-la-2a-edicio-dels-itineraris-formatiu-per-a-infermeria-en-els-ambits-sociosanitari-i-de-salut-mental-i-per-a-administratiu-va\/","title":{"rendered":"Conclou la 2a edici\u00f3 dels itineraris formatiu per a infermeria en els \u00e0mbits sociosanitari i de salut mental, i per a administratiu\/va"},"content":{"rendered":"<figure class=\"wp-block-post-featured-image\"><img loading=\"lazy\" decoding=\"async\" width=\"650\" height=\"488\" src=\"https:\/\/fundaciohospitalariesmartorell.org\/entre-tots\/wp-content\/uploads\/2022\/06\/participants-i-tutors.jpg\" class=\"attachment-post-thumbnail size-post-thumbnail wp-post-image\" alt=\"\" style=\"object-fit:cover;\" srcset=\"https:\/\/fundaciohospitalariesmartorell.org\/entre-tots\/wp-content\/uploads\/2022\/06\/participants-i-tutors.jpg 650w, https:\/\/fundaciohospitalariesmartorell.org\/entre-tots\/wp-content\/uploads\/2022\/06\/participants-i-tutors-300x225.jpg 300w\" sizes=\"auto, (max-width: 650px) 100vw, 650px\" \/><\/figure>\n\n\n<p>Conclou la 2a edici\u00f3 dels itineraris formatius per a infermeria en els \u00e0mbits sociosanitari i de salut mental, i per a administratiu\/va<\/p>\n\n\n\n<p>L&#8217;Hospital Sagrat Cor va celebrar, el 2 de juny, l&#8217;acte de cloenda de la 2a edici\u00f3 dels itineraris formatius per a infermeria en els \u00e0mbits sociosanitari i de salut mental, i per a administratiu\/va.<\/p>\n\n\n\n<p>En el marc de l&#8217;acte, les persones participants van exposar i defensar els seus projectes finals davant d&#8217;un comit\u00e8 avaluador format per assessors\/es d&#8217;UCF i m\u00e0nagers i directius\/ves de l&#8217;Hospital Sagrat Cor que van participar activament en el projecte. Els treballs presentats es poden emmarcar en tres \u00e0mbits: noves propostes de cartera de serveis, millora de processos d&#8217;atenci\u00f3 a l&#8217;usuari i millora de processos d&#8217;infermeria.<\/p>\n\n\n\n<p>El comit\u00e8 avaluador per a administratiu\/va estava composat per Xavier Riba, responsable de formaci\u00f3 cont\u00ednua en l&#8217;\u00e0mbit Salut a la Fundaci\u00f3 Universit\u00e0ria del Bages; Gloria Serrano, responsable de projectes d\u2018UCF, i Imma Dom\u00ednguez, formadora de l&#8217;ICS. Per part de l&#8217;Hospital Sagrat Cor hi havia la Rosa Almi\u00f1ana, coordinadora de l&#8217;\u00c0rea Infantojuvenil; el Josep M\u00aa Salvador, director Economicofinancer, i l&#8217;Hortensia P\u00e9rez, directora de l&#8217;\u00c0rea de Persones. En el cas de l&#8217;itinerari per a infermeria en els \u00e0mbits sociosanitari i de salut mental, el personal de l&#8217;Hospital que hi va participar va ser la Pilar Herrero, directora d&#8217;Infermeria; el Juan Manuel P\u00e9rez, coordinador d\u00b4Infermeria; el Carlos M\u00e1rquez, coordinador d&#8217;Infermeria, i l&#8217;Hortensia P\u00e9rez.<\/p>\n\n\n\n<figure class=\"wp-block-gallery has-nested-images columns-default is-cropped wp-block-gallery-1 is-layout-flex wp-block-gallery-is-layout-flex\">\n<figure class=\"wp-block-image size-full\"><img loading=\"lazy\" decoding=\"async\" width=\"650\" height=\"488\" data-id=\"4020\" src=\"https:\/\/hospitalsagratcormartorell.org\/entre-tots\/wp-content\/uploads\/2022\/06\/img-20220602-wa0029.jpg\" alt=\"\" class=\"wp-image-4020\" srcset=\"https:\/\/fundaciohospitalariesmartorell.org\/entre-tots\/wp-content\/uploads\/2022\/06\/img-20220602-wa0029.jpg 650w, https:\/\/fundaciohospitalariesmartorell.org\/entre-tots\/wp-content\/uploads\/2022\/06\/img-20220602-wa0029-300x225.jpg 300w\" sizes=\"auto, (max-width: 650px) 100vw, 650px\" \/><\/figure>\n<\/figure>\n\n\n\n<p>\u201cEls projectes que es van presentar durant l&#8217;acte estaven totalment alineats amb diferents l\u00ednies estrat\u00e8giques de la Instituci\u00f3, per la qual cosa tenen grans possibilitats de ser implementats\u201d, explica Hortensia P\u00e9rez. \u201cTamb\u00e9 cal posar en valor l&#8217;acompanyament de l&#8217;alumnat que han fet els tutors i tutores, i la implicaci\u00f3 dels i les professionals, malgrat les complicacions que va comportar la pand\u00e8mia a la continu\u00eftat de la formaci\u00f3\u201d, destaca.<\/p>\n\n\n\n<p>Aquests itineraris han estat molt ben valorats per l&#8217;alumnat, amb una puntuaci\u00f3 mitjana d&#8217;un 9,2 sobre 10. Aquestes s\u00f3n algunes de les frases amb les quals els i les participants resumeixen el seu pas per l&#8217;itinerari:<\/p>\n\n\n\n<figure class=\"wp-block-gallery has-nested-images columns-default is-cropped wp-block-gallery-2 is-layout-flex wp-block-gallery-is-layout-flex\">\n<figure class=\"wp-block-image size-full\"><img loading=\"lazy\" decoding=\"async\" width=\"650\" height=\"502\" data-id=\"4022\" src=\"https:\/\/hospitalsagratcormartorell.org\/entre-tots\/wp-content\/uploads\/2022\/06\/valoracions-itineraris.jpg\" alt=\"\" class=\"wp-image-4022\" srcset=\"https:\/\/fundaciohospitalariesmartorell.org\/entre-tots\/wp-content\/uploads\/2022\/06\/valoracions-itineraris.jpg 650w, https:\/\/fundaciohospitalariesmartorell.org\/entre-tots\/wp-content\/uploads\/2022\/06\/valoracions-itineraris-300x232.jpg 300w\" sizes=\"auto, (max-width: 650px) 100vw, 650px\" \/><\/figure>\n<\/figure>\n","protected":false},"excerpt":{"rendered":"<p>Conclou la 2a edici\u00f3 dels itineraris formatius per a infermeria en els \u00e0mbits sociosanitari i de salut mental, i per a administratiu\/va L&#8217;Hospital Sagrat Cor va celebrar, el 2 de juny, l&#8217;acte de cloenda de la 2a edici\u00f3 dels itineraris formatius per a infermeria en els \u00e0mbits sociosanitari i de salut mental, i per a [&hellip;]<\/p>\n","protected":false},"author":2,"featured_media":4021,"comment_status":"closed","ping_status":"closed","sticky":false,"template":"","format":"standard","meta":{"footnotes":""},"categories":[27],"tags":[],"class_list":["post-4019","post","type-post","status-publish","format-standard","has-post-thumbnail","hentry","category-actualitat"],"blocksy_meta":{"styles_descriptor":{"styles":{"desktop":"","tablet":"","mobile":""},"google_fonts":[],"version":6}},"featured_image_urls_v2":{"full":["https:\/\/fundaciohospitalariesmartorell.org\/entre-tots\/wp-content\/uploads\/2022\/06\/participants-i-tutors.jpg",650,488,false],"thumbnail":["https:\/\/fundaciohospitalariesmartorell.org\/entre-tots\/wp-content\/uploads\/2022\/06\/participants-i-tutors-150x150.jpg",150,150,true],"medium":["https:\/\/fundaciohospitalariesmartorell.org\/entre-tots\/wp-content\/uploads\/2022\/06\/participants-i-tutors-300x225.jpg",300,225,true],"medium_large":["https:\/\/fundaciohospitalariesmartorell.org\/entre-tots\/wp-content\/uploads\/2022\/06\/participants-i-tutors.jpg",650,488,false],"large":["https:\/\/fundaciohospitalariesmartorell.org\/entre-tots\/wp-content\/uploads\/2022\/06\/participants-i-tutors.jpg",650,488,false],"1536x1536":["https:\/\/fundaciohospitalariesmartorell.org\/entre-tots\/wp-content\/uploads\/2022\/06\/participants-i-tutors.jpg",650,488,false],"2048x2048":["https:\/\/fundaciohospitalariesmartorell.org\/entre-tots\/wp-content\/uploads\/2022\/06\/participants-i-tutors.jpg",650,488,false],"mailpoet_newsletter_max":["https:\/\/fundaciohospitalariesmartorell.org\/entre-tots\/wp-content\/uploads\/2022\/06\/participants-i-tutors.jpg",650,488,false]},"post_excerpt_stackable_v2":"<p>Conclou la 2a edici\u00f3 dels itineraris formatius per a infermeria en els \u00e0mbits sociosanitari i de salut mental, i per a administratiu\/va L&#8217;Hospital Sagrat Cor va celebrar, el 2 de juny, l&#8217;acte de cloenda de la 2a edici\u00f3 dels itineraris formatius per a infermeria en els \u00e0mbits sociosanitari i de salut mental, i per a administratiu\/va. En el marc de l&#8217;acte, les persones participants van exposar i defensar els seus projectes finals davant d&#8217;un comit\u00e8 avaluador format per assessors\/es d&#8217;UCF i m\u00e0nagers i directius\/ves de l&#8217;Hospital Sagrat Cor que van participar activament en el projecte. Els treballs presentats es poden&hellip;<\/p>\n","category_list_v2":"<a href=\"https:\/\/fundaciohospitalariesmartorell.org\/entre-tots\/category\/actualitat\/\" rel=\"category tag\">ACTUALITAT<\/a>","author_info_v2":{"name":"Sagrat Cor","url":"https:\/\/fundaciohospitalariesmartorell.org\/entre-tots\/author\/daniel\/"},"comments_num_v2":"0 comments","_links":{"self":[{"href":"https:\/\/fundaciohospitalariesmartorell.org\/entre-tots\/wp-json\/wp\/v2\/posts\/4019","targetHints":{"allow":["GET"]}}],"collection":[{"href":"https:\/\/fundaciohospitalariesmartorell.org\/entre-tots\/wp-json\/wp\/v2\/posts"}],"about":[{"href":"https:\/\/fundaciohospitalariesmartorell.org\/entre-tots\/wp-json\/wp\/v2\/types\/post"}],"author":[{"embeddable":true,"href":"https:\/\/fundaciohospitalariesmartorell.org\/entre-tots\/wp-json\/wp\/v2\/users\/2"}],"replies":[{"embeddable":true,"href":"https:\/\/fundaciohospitalariesmartorell.org\/entre-tots\/wp-json\/wp\/v2\/comments?post=4019"}],"version-history":[{"count":1,"href":"https:\/\/fundaciohospitalariesmartorell.org\/entre-tots\/wp-json\/wp\/v2\/posts\/4019\/revisions"}],"predecessor-version":[{"id":4023,"href":"https:\/\/fundaciohospitalariesmartorell.org\/entre-tots\/wp-json\/wp\/v2\/posts\/4019\/revisions\/4023"}],"wp:featuredmedia":[{"embeddable":true,"href":"https:\/\/fundaciohospitalariesmartorell.org\/entre-tots\/wp-json\/wp\/v2\/media\/4021"}],"wp:attachment":[{"href":"https:\/\/fundaciohospitalariesmartorell.org\/entre-tots\/wp-json\/wp\/v2\/media?parent=4019"}],"wp:term":[{"taxonomy":"category","embeddable":true,"href":"https:\/\/fundaciohospitalariesmartorell.org\/entre-tots\/wp-json\/wp\/v2\/categories?post=4019"},{"taxonomy":"post_tag","embeddable":true,"href":"https:\/\/fundaciohospitalariesmartorell.org\/entre-tots\/wp-json\/wp\/v2\/tags?post=4019"}],"curies":[{"name":"wp","href":"https:\/\/api.w.org\/{rel}","templated":true}]}}