{"id":4024,"date":"2022-06-10T09:47:00","date_gmt":"2022-06-10T07:47:00","guid":{"rendered":"https:\/\/newweb.hospitalsagratcormartorell.org\/entre-tots\/?p=4024"},"modified":"2022-06-22T10:16:15","modified_gmt":"2022-06-22T08:16:15","slug":"mes-de-200-assistents-a-les-xvi-jornades-datencio-espiritual-i-religiosa","status":"publish","type":"post","link":"https:\/\/fundaciohospitalariesmartorell.org\/entre-tots\/2022\/06\/mes-de-200-assistents-a-les-xvi-jornades-datencio-espiritual-i-religiosa\/","title":{"rendered":"M\u00e9s de 200 assistents, a les XVI Jornades d&#8217;Atenci\u00f3 Espiritual i Religiosa"},"content":{"rendered":"<figure class=\"wp-block-post-featured-image\"><img loading=\"lazy\" decoding=\"async\" width=\"450\" height=\"338\" src=\"https:\/\/fundaciohospitalariesmartorell.org\/entre-tots\/wp-content\/uploads\/2022\/06\/inauguracin_copy1.jpg\" class=\"attachment-post-thumbnail size-post-thumbnail wp-post-image\" alt=\"\" style=\"object-fit:cover;\" srcset=\"https:\/\/fundaciohospitalariesmartorell.org\/entre-tots\/wp-content\/uploads\/2022\/06\/inauguracin_copy1.jpg 450w, https:\/\/fundaciohospitalariesmartorell.org\/entre-tots\/wp-content\/uploads\/2022\/06\/inauguracin_copy1-300x225.jpg 300w\" sizes=\"auto, (max-width: 450px) 100vw, 450px\" \/><\/figure>\n\n\n<p>Les XVI Jornades d&#8217;Atenci\u00f3 Espiritual i Religiosa de Germanes Hospital\u00e0ries es van celebrar, el 10 de juny, en un format h\u00edbrid, per la qual cosa els\/les assistents van poder acudir de manera presencial, a la sala d&#8217;actes de l&#8217;Hospital Sant Rafael, o es van connectar de manera telem\u00e0tica. En total, unes 200 persones van seguir les jornades, les quals es van convertir en un espai de trobada i reflexi\u00f3 al voltant de l&#8217;espiritualitat en l&#8217;\u00e0mbit assistencial des del context social i sanitari que vivim; posant en valor la resili\u00e8ncia, l&#8217;espiritualitat i les cures com a recursos a desplegar en la gesti\u00f3 i abordatge de la nostra atenci\u00f3.<\/p>\n\n\n\n<p>L&#8217;obertura de la XVI edici\u00f3 de les Jornades d&#8217;Atenci\u00f3 Espiritual i Religiosa va anar de la m\u00e0 de Sor Matilde Porras, Superiora Provincial Germanes Hospital\u00e0ries Prov\u00edncia d&#8217;Espanya, i del doctor Jes\u00fas Ezquerra, Director Gerent de l&#8217;Hospital Sant Rafael i de l&#8217;Hospital Sagrat Cor de Germanes Hospital\u00e0ries.<\/p>\n\n\n\n<div class=\"wp-block-stackable-video-popup stk-block-video-popup stk-block stk-eadb7d8\" data-video=\"https:\/\/www.youtube.com\/watch?v=xAqniconRIc\" data-block-id=\"eadb7d8\"><button class=\"stk-block-video-popup__overlay stk-row stk-inner-blocks stk-block-content stk-hover-parent\" aria-label=\"Play Video\">\n<div class=\"wp-block-stackable-icon stk-block-icon has-text-align-center stk-block stk-92e0340\" data-block-id=\"92e0340\"><span class=\"stk--svg-wrapper\"><div class=\"stk--inner-svg\"><svg style=\"height:0;width:0\"><defs><linearGradient id=\"linear-gradient-92e0340\" x1=\"0\" x2=\"100%\" y1=\"0\" y2=\"0\"><stop offset=\"0%\" style=\"stop-opacity:1;stop-color:var(--linear-gradient-92-e-0340-color-1)\"><\/stop><stop offset=\"100%\" style=\"stop-opacity:1;stop-color:var(--linear-gradient-92-e-0340-color-2)\"><\/stop><\/linearGradient><\/defs><\/svg><svg data-prefix=\"fas\" data-icon=\"play\" class=\"svg-inline--fa fa-play fa-w-14\" xmlns=\"http:\/\/www.w3.org\/2000\/svg\" viewBox=\"0 0 448 512\" aria-hidden=\"true\" width=\"32\" height=\"32\"><path fill=\"currentColor\" d=\"M424.4 214.7L72.4 6.6C43.8-10.3 0 6.1 0 47.9V464c0 37.5 40.7 60.1 72.4 41.3l352-208c31.4-18.5 31.5-64.1 0-82.6z\"><\/path><\/svg><\/div><\/span><\/div>\n\n\n\n<div class=\"wp-block-stackable-image stk-block-image stk-block stk-c8651c8\" data-block-id=\"c8651c8\"><figure class=\"stk-img-wrapper stk-image--shape-stretch\"><img loading=\"lazy\" decoding=\"async\" class=\"stk-img wp-image-4030\" src=\"https:\/\/hospitalsagratcormartorell.org\/entre-tots\/wp-content\/uploads\/2022\/06\/Captura-de-pantalla-2022-06-22-a-les-9.53.26-scaled.jpg\" width=\"2560\" height=\"1314\" srcset=\"https:\/\/fundaciohospitalariesmartorell.org\/entre-tots\/wp-content\/uploads\/2022\/06\/Captura-de-pantalla-2022-06-22-a-les-9.53.26-scaled.jpg 2560w, https:\/\/fundaciohospitalariesmartorell.org\/entre-tots\/wp-content\/uploads\/2022\/06\/Captura-de-pantalla-2022-06-22-a-les-9.53.26-300x154.jpg 300w, https:\/\/fundaciohospitalariesmartorell.org\/entre-tots\/wp-content\/uploads\/2022\/06\/Captura-de-pantalla-2022-06-22-a-les-9.53.26-1024x526.jpg 1024w, https:\/\/fundaciohospitalariesmartorell.org\/entre-tots\/wp-content\/uploads\/2022\/06\/Captura-de-pantalla-2022-06-22-a-les-9.53.26-768x394.jpg 768w, https:\/\/fundaciohospitalariesmartorell.org\/entre-tots\/wp-content\/uploads\/2022\/06\/Captura-de-pantalla-2022-06-22-a-les-9.53.26-1536x789.jpg 1536w, https:\/\/fundaciohospitalariesmartorell.org\/entre-tots\/wp-content\/uploads\/2022\/06\/Captura-de-pantalla-2022-06-22-a-les-9.53.26-2048x1052.jpg 2048w, https:\/\/fundaciohospitalariesmartorell.org\/entre-tots\/wp-content\/uploads\/2022\/06\/Captura-de-pantalla-2022-06-22-a-les-9.53.26-1320x678.jpg 1320w\" sizes=\"auto, (max-width: 2560px) 100vw, 2560px\" \/><\/figure><\/div>\n<\/button><\/div>\n\n\n\n<p>Despr\u00e9s de la inauguraci\u00f3, Iv\u00e1n P\u00e9rez, coordinador de Pastoral-AER Benito Menni CASM, de Sant Boi de Llobregat, va realitzar una reflexi\u00f3 inicial a trav\u00e9s d&#8217;un impactant audiovisual. A continuaci\u00f3, la doctora Bego\u00f1a Rom\u00e1n, doctora en Filosofia i presidenta del Comit\u00e8 d&#8217;\u00c8tica de Serveis Socials de Catalunya, va dictar la pon\u00e8ncia &#8220;Repensar la resili\u00e8ncia des de l&#8217;\u00e8tica en les cures i l&#8217;est\u00e8tica&#8221;. Fent clic a la imatge podeu veure un v\u00eddeo-resum de la primera part de les jornades.<\/p>\n\n\n\n<p>La pausa-caf\u00e8 es va dur a terme als jardins de l&#8217;Hospital Sant Rafael i, a continuaci\u00f3, la doctora Montse Esquerda, M\u00e8dica psiquiatra Infantil Directora General de l&#8217;Institut Borja de Bio\u00e8tica-Universitat Ram\u00f3n Llull, va realitzar la pon\u00e8ncia &#8220;Curar i cuidar, cuidar i curar&#8221;.<\/p>\n\n\n\n<p>A la darrera part de les jornades, abans de la cloenda, es va celebrar una taula rodona, amb el t\u00edtol de &#8216;Resili\u00e8ncia, Espiritualitat i Cures&#8217;, moderada per Roberto Narv\u00e1iz, Coordinador Pastoral-AER de l&#8217;Hospital Sagrat Cor. En aquesta taula van intervenir la doctora Eglee Castillo, Metgessa Responsable d&#8217;Unitats de Llarga Estada de l&#8217;Hospital Aita Menni, amb la pon\u00e8ncia &#8220;Del curar al cuidar&#8221;; Balma Soraya Hern\u00e1ndez, Treballadora Social Sanit\u00e0ria del Servei d&#8217;Atenci\u00f3 Pal\u00b7liativa i pacient cr\u00f2nic complex de l&#8217;Hospital Sant Joan de D\u00e9u Barcelona, amb la pon\u00e8ncia &#8220;Cures i espiritualitat en l&#8217;acompanyament&#8221;, i Nuria Bonet, Cofundadora i Musicoterapeuta de l&#8217;Associaci\u00f3 Ress\u00f2 de Musicoter\u00e0pia, amb la pon\u00e8ncia &#8220;La m\u00fasica com a suport emocional i espiritual al final de vida&#8221;.<\/p>\n\n\n\n<figure class=\"wp-block-gallery has-nested-images columns-default is-cropped wp-block-gallery-1 is-layout-flex wp-block-gallery-is-layout-flex\">\n<figure class=\"wp-block-image size-large\"><img loading=\"lazy\" decoding=\"async\" width=\"450\" height=\"395\" data-id=\"4026\" src=\"https:\/\/hospitalsagratcormartorell.org\/entre-tots\/wp-content\/uploads\/2022\/06\/img-20220610-wa0040.jpg\" alt=\"\" class=\"wp-image-4026\" srcset=\"https:\/\/fundaciohospitalariesmartorell.org\/entre-tots\/wp-content\/uploads\/2022\/06\/img-20220610-wa0040.jpg 450w, https:\/\/fundaciohospitalariesmartorell.org\/entre-tots\/wp-content\/uploads\/2022\/06\/img-20220610-wa0040-300x263.jpg 300w\" sizes=\"auto, (max-width: 450px) 100vw, 450px\" \/><figcaption>Comit\u00e8 organitzador de les XVI Jornades d&#8217;Atenci\u00f3 Espiritual i Religiosa<\/figcaption><\/figure>\n<\/figure>\n","protected":false},"excerpt":{"rendered":"<p>Les XVI Jornades d&#8217;Atenci\u00f3 Espiritual i Religiosa de Germanes Hospital\u00e0ries es van celebrar, el 10 de juny, en un format h\u00edbrid, per la qual cosa els\/les assistents van poder acudir de manera presencial, a la sala d&#8217;actes de l&#8217;Hospital Sant Rafael, o es van connectar de manera telem\u00e0tica. En total, unes 200 persones van seguir [&hellip;]<\/p>\n","protected":false},"author":2,"featured_media":4025,"comment_status":"closed","ping_status":"closed","sticky":false,"template":"","format":"standard","meta":{"footnotes":""},"categories":[27],"tags":[],"class_list":["post-4024","post","type-post","status-publish","format-standard","has-post-thumbnail","hentry","category-actualitat"],"blocksy_meta":{"styles_descriptor":{"styles":{"desktop":"","tablet":"","mobile":""},"google_fonts":[],"version":6}},"featured_image_urls_v2":{"full":["https:\/\/fundaciohospitalariesmartorell.org\/entre-tots\/wp-content\/uploads\/2022\/06\/inauguracin_copy1.jpg",450,338,false],"thumbnail":["https:\/\/fundaciohospitalariesmartorell.org\/entre-tots\/wp-content\/uploads\/2022\/06\/inauguracin_copy1-150x150.jpg",150,150,true],"medium":["https:\/\/fundaciohospitalariesmartorell.org\/entre-tots\/wp-content\/uploads\/2022\/06\/inauguracin_copy1-300x225.jpg",300,225,true],"medium_large":["https:\/\/fundaciohospitalariesmartorell.org\/entre-tots\/wp-content\/uploads\/2022\/06\/inauguracin_copy1.jpg",450,338,false],"large":["https:\/\/fundaciohospitalariesmartorell.org\/entre-tots\/wp-content\/uploads\/2022\/06\/inauguracin_copy1.jpg",450,338,false],"1536x1536":["https:\/\/fundaciohospitalariesmartorell.org\/entre-tots\/wp-content\/uploads\/2022\/06\/inauguracin_copy1.jpg",450,338,false],"2048x2048":["https:\/\/fundaciohospitalariesmartorell.org\/entre-tots\/wp-content\/uploads\/2022\/06\/inauguracin_copy1.jpg",450,338,false],"mailpoet_newsletter_max":["https:\/\/fundaciohospitalariesmartorell.org\/entre-tots\/wp-content\/uploads\/2022\/06\/inauguracin_copy1.jpg",450,338,false]},"post_excerpt_stackable_v2":"<p>Les XVI Jornades d&#8217;Atenci\u00f3 Espiritual i Religiosa de Germanes Hospital\u00e0ries es van celebrar, el 10 de juny, en un format h\u00edbrid, per la qual cosa els\/les assistents van poder acudir de manera presencial, a la sala d&#8217;actes de l&#8217;Hospital Sant Rafael, o es van connectar de manera telem\u00e0tica. En total, unes 200 persones van seguir les jornades, les quals es van convertir en un espai de trobada i reflexi\u00f3 al voltant de l&#8217;espiritualitat en l&#8217;\u00e0mbit assistencial des del context social i sanitari que vivim; posant en valor la resili\u00e8ncia, l&#8217;espiritualitat i les cures com a recursos a desplegar en la&hellip;<\/p>\n","category_list_v2":"<a href=\"https:\/\/fundaciohospitalariesmartorell.org\/entre-tots\/category\/actualitat\/\" rel=\"category tag\">ACTUALITAT<\/a>","author_info_v2":{"name":"Sagrat Cor","url":"https:\/\/fundaciohospitalariesmartorell.org\/entre-tots\/author\/daniel\/"},"comments_num_v2":"0 comments","_links":{"self":[{"href":"https:\/\/fundaciohospitalariesmartorell.org\/entre-tots\/wp-json\/wp\/v2\/posts\/4024","targetHints":{"allow":["GET"]}}],"collection":[{"href":"https:\/\/fundaciohospitalariesmartorell.org\/entre-tots\/wp-json\/wp\/v2\/posts"}],"about":[{"href":"https:\/\/fundaciohospitalariesmartorell.org\/entre-tots\/wp-json\/wp\/v2\/types\/post"}],"author":[{"embeddable":true,"href":"https:\/\/fundaciohospitalariesmartorell.org\/entre-tots\/wp-json\/wp\/v2\/users\/2"}],"replies":[{"embeddable":true,"href":"https:\/\/fundaciohospitalariesmartorell.org\/entre-tots\/wp-json\/wp\/v2\/comments?post=4024"}],"version-history":[{"count":4,"href":"https:\/\/fundaciohospitalariesmartorell.org\/entre-tots\/wp-json\/wp\/v2\/posts\/4024\/revisions"}],"predecessor-version":[{"id":4032,"href":"https:\/\/fundaciohospitalariesmartorell.org\/entre-tots\/wp-json\/wp\/v2\/posts\/4024\/revisions\/4032"}],"wp:featuredmedia":[{"embeddable":true,"href":"https:\/\/fundaciohospitalariesmartorell.org\/entre-tots\/wp-json\/wp\/v2\/media\/4025"}],"wp:attachment":[{"href":"https:\/\/fundaciohospitalariesmartorell.org\/entre-tots\/wp-json\/wp\/v2\/media?parent=4024"}],"wp:term":[{"taxonomy":"category","embeddable":true,"href":"https:\/\/fundaciohospitalariesmartorell.org\/entre-tots\/wp-json\/wp\/v2\/categories?post=4024"},{"taxonomy":"post_tag","embeddable":true,"href":"https:\/\/fundaciohospitalariesmartorell.org\/entre-tots\/wp-json\/wp\/v2\/tags?post=4024"}],"curies":[{"name":"wp","href":"https:\/\/api.w.org\/{rel}","templated":true}]}}