{"id":4033,"date":"2022-06-15T09:58:00","date_gmt":"2022-06-15T07:58:00","guid":{"rendered":"https:\/\/newweb.hospitalsagratcormartorell.org\/entre-tots\/?p=4033"},"modified":"2022-06-29T12:36:26","modified_gmt":"2022-06-29T10:36:26","slug":"jornada-dacollida-de-nous-professionals-202","status":"publish","type":"post","link":"https:\/\/fundaciohospitalariesmartorell.org\/entre-tots\/2022\/06\/jornada-dacollida-de-nous-professionals-202\/","title":{"rendered":"Jornada d&#8217;Acollida de nous professionals 2022"},"content":{"rendered":"<figure class=\"wp-block-post-featured-image\"><img loading=\"lazy\" decoding=\"async\" width=\"650\" height=\"451\" src=\"https:\/\/fundaciohospitalariesmartorell.org\/entre-tots\/wp-content\/uploads\/2022\/06\/20220615-i-jornada-acollida-2022.jpg\" class=\"attachment-post-thumbnail size-post-thumbnail wp-post-image\" alt=\"\" style=\"object-fit:cover;\" srcset=\"https:\/\/fundaciohospitalariesmartorell.org\/entre-tots\/wp-content\/uploads\/2022\/06\/20220615-i-jornada-acollida-2022.jpg 650w, https:\/\/fundaciohospitalariesmartorell.org\/entre-tots\/wp-content\/uploads\/2022\/06\/20220615-i-jornada-acollida-2022-300x208.jpg 300w\" sizes=\"auto, (max-width: 650px) 100vw, 650px\" \/><\/figure>\n\n\n<p>La&nbsp;primera Jornada d&#8217;Acollida del 2022 de l&#8217;Hospital&nbsp;Sagrat&nbsp;Cor va tenir lloc el 15 de juny i va&nbsp;congregar una trentena de professionals, tant persones que s&#8217;han incorporat durant el primer semestre de l&#8217;any, com el nou personal resident d&#8217;infermeria, psicologia i medicina, aix\u00ed com persones que han entrat a treballar al Centre per&nbsp;fer supl\u00e8ncies del per\u00edode estival. L&#8217;objectiu d&#8217;aquesta jornada \u00e9s donar la benvinguda a tot el personal que s&#8217;incorpora, presentar-los la Instituci\u00f3 i proporcionar-los la informaci\u00f3 necess\u00e0ria per a una r\u00e0pida adaptaci\u00f3 al lloc de treball.<\/p>\n\n\n\n<p>Despr\u00e9s de l&#8217;entrega de documentaci\u00f3 i uniformitat a les noves incorporacions, es va realitzar l&#8217;acte d&#8217;acollida, el qual va estar introdu\u00eft per la directora de l&#8217;\u00c0rea de Persones, Hortensia P\u00e9rez, i es va dividir en diversos m\u00f2duls. El primer, que va anar de la m\u00e0 del responsable de PAER, Roberto Narvaiz, es va centrar en una presentaci\u00f3 institucional i una aproximaci\u00f3 al marc d&#8217;identitat de la Congregaci\u00f3 de&nbsp;Germanes Hospital\u00e0ries (missi\u00f3, visi\u00f3 i valors). Tot seguit, Beatriz Matoses, de l&#8217;\u00c0rea de Persones, va explicar els diferents procediments i normatives d&#8217;aplicaci\u00f3 al personal col\u00b7laborador, aix\u00ed com el codi de conducta de la Instituci\u00f3. Tamb\u00e9 es van especificar q\u00fcestions pr\u00e0ctiques de funcionament necess\u00e0ries per una \u00f2ptima integraci\u00f3 del\/la professional al Centre. El tercer m\u00f2dul, condu\u00eft per la coordinadora del Servei de Bugaderia, Queralt Cistere, es va basar en el proc\u00e9s de recollida\/devoluci\u00f3 de la uniformitat. El darrer m\u00f2dul, centrat en l&#8217;organitzaci\u00f3 assistencial (\u00e0rees assistencials, unitats d&#8217;hospitalitzaci\u00f3, serveis centrals, etc.), va anar de la m\u00e0 de la coordinadora d&#8217;Infermeria Meritxell Argem\u00ed.<\/p>\n\n\n\n<p>A continuaci\u00f3 es va realitzar una visita i presentaci\u00f3 de l&#8217;\u00e0rea\/unitat de treball per part dels\/les coordinadors\/es d&#8217;infermeria i responsables de diferents serveis.<\/p>\n","protected":false},"excerpt":{"rendered":"<p>La&nbsp;primera Jornada d&#8217;Acollida del 2022 de l&#8217;Hospital&nbsp;Sagrat&nbsp;Cor va tenir lloc el 15 de juny i va&nbsp;congregar una trentena de professionals, tant persones que s&#8217;han incorporat durant el primer semestre de l&#8217;any, com el nou personal resident d&#8217;infermeria, psicologia i medicina, aix\u00ed com persones que han entrat a treballar al Centre per&nbsp;fer supl\u00e8ncies del per\u00edode estival. [&hellip;]<\/p>\n","protected":false},"author":2,"featured_media":4034,"comment_status":"closed","ping_status":"closed","sticky":false,"template":"","format":"standard","meta":{"footnotes":""},"categories":[27],"tags":[],"class_list":["post-4033","post","type-post","status-publish","format-standard","has-post-thumbnail","hentry","category-actualitat"],"blocksy_meta":{"styles_descriptor":{"styles":{"desktop":"","tablet":"","mobile":""},"google_fonts":[],"version":6}},"featured_image_urls_v2":{"full":["https:\/\/fundaciohospitalariesmartorell.org\/entre-tots\/wp-content\/uploads\/2022\/06\/20220615-i-jornada-acollida-2022.jpg",650,451,false],"thumbnail":["https:\/\/fundaciohospitalariesmartorell.org\/entre-tots\/wp-content\/uploads\/2022\/06\/20220615-i-jornada-acollida-2022-150x150.jpg",150,150,true],"medium":["https:\/\/fundaciohospitalariesmartorell.org\/entre-tots\/wp-content\/uploads\/2022\/06\/20220615-i-jornada-acollida-2022-300x208.jpg",300,208,true],"medium_large":["https:\/\/fundaciohospitalariesmartorell.org\/entre-tots\/wp-content\/uploads\/2022\/06\/20220615-i-jornada-acollida-2022.jpg",650,451,false],"large":["https:\/\/fundaciohospitalariesmartorell.org\/entre-tots\/wp-content\/uploads\/2022\/06\/20220615-i-jornada-acollida-2022.jpg",650,451,false],"1536x1536":["https:\/\/fundaciohospitalariesmartorell.org\/entre-tots\/wp-content\/uploads\/2022\/06\/20220615-i-jornada-acollida-2022.jpg",650,451,false],"2048x2048":["https:\/\/fundaciohospitalariesmartorell.org\/entre-tots\/wp-content\/uploads\/2022\/06\/20220615-i-jornada-acollida-2022.jpg",650,451,false],"mailpoet_newsletter_max":["https:\/\/fundaciohospitalariesmartorell.org\/entre-tots\/wp-content\/uploads\/2022\/06\/20220615-i-jornada-acollida-2022.jpg",650,451,false]},"post_excerpt_stackable_v2":"<p>La&nbsp;primera Jornada d&#8217;Acollida del 2022 de l&#8217;Hospital&nbsp;Sagrat&nbsp;Cor va tenir lloc el 15 de juny i va&nbsp;congregar una trentena de professionals, tant persones que s&#8217;han incorporat durant el primer semestre de l&#8217;any, com el nou personal resident d&#8217;infermeria, psicologia i medicina, aix\u00ed com persones que han entrat a treballar al Centre per&nbsp;fer supl\u00e8ncies del per\u00edode estival. L&#8217;objectiu d&#8217;aquesta jornada \u00e9s donar la benvinguda a tot el personal que s&#8217;incorpora, presentar-los la Instituci\u00f3 i proporcionar-los la informaci\u00f3 necess\u00e0ria per a una r\u00e0pida adaptaci\u00f3 al lloc de treball. Despr\u00e9s de l&#8217;entrega de documentaci\u00f3 i uniformitat a les noves incorporacions, es va realitzar l&#8217;acte&hellip;<\/p>\n","category_list_v2":"<a href=\"https:\/\/fundaciohospitalariesmartorell.org\/entre-tots\/category\/actualitat\/\" rel=\"category tag\">ACTUALITAT<\/a>","author_info_v2":{"name":"Sagrat Cor","url":"https:\/\/fundaciohospitalariesmartorell.org\/entre-tots\/author\/daniel\/"},"comments_num_v2":"0 comments","_links":{"self":[{"href":"https:\/\/fundaciohospitalariesmartorell.org\/entre-tots\/wp-json\/wp\/v2\/posts\/4033","targetHints":{"allow":["GET"]}}],"collection":[{"href":"https:\/\/fundaciohospitalariesmartorell.org\/entre-tots\/wp-json\/wp\/v2\/posts"}],"about":[{"href":"https:\/\/fundaciohospitalariesmartorell.org\/entre-tots\/wp-json\/wp\/v2\/types\/post"}],"author":[{"embeddable":true,"href":"https:\/\/fundaciohospitalariesmartorell.org\/entre-tots\/wp-json\/wp\/v2\/users\/2"}],"replies":[{"embeddable":true,"href":"https:\/\/fundaciohospitalariesmartorell.org\/entre-tots\/wp-json\/wp\/v2\/comments?post=4033"}],"version-history":[{"count":2,"href":"https:\/\/fundaciohospitalariesmartorell.org\/entre-tots\/wp-json\/wp\/v2\/posts\/4033\/revisions"}],"predecessor-version":[{"id":4240,"href":"https:\/\/fundaciohospitalariesmartorell.org\/entre-tots\/wp-json\/wp\/v2\/posts\/4033\/revisions\/4240"}],"wp:featuredmedia":[{"embeddable":true,"href":"https:\/\/fundaciohospitalariesmartorell.org\/entre-tots\/wp-json\/wp\/v2\/media\/4034"}],"wp:attachment":[{"href":"https:\/\/fundaciohospitalariesmartorell.org\/entre-tots\/wp-json\/wp\/v2\/media?parent=4033"}],"wp:term":[{"taxonomy":"category","embeddable":true,"href":"https:\/\/fundaciohospitalariesmartorell.org\/entre-tots\/wp-json\/wp\/v2\/categories?post=4033"},{"taxonomy":"post_tag","embeddable":true,"href":"https:\/\/fundaciohospitalariesmartorell.org\/entre-tots\/wp-json\/wp\/v2\/tags?post=4033"}],"curies":[{"name":"wp","href":"https:\/\/api.w.org\/{rel}","templated":true}]}}