{"id":4042,"date":"2022-06-28T13:38:03","date_gmt":"2022-06-28T11:38:03","guid":{"rendered":"https:\/\/newweb.hospitalsagratcormartorell.org\/entre-tots\/?p=4042"},"modified":"2022-07-08T10:16:29","modified_gmt":"2022-07-08T08:16:29","slug":"festivitat-del-sagrat-cor-de-jesus","status":"publish","type":"post","link":"https:\/\/fundaciohospitalariesmartorell.org\/entre-tots\/2022\/06\/festivitat-del-sagrat-cor-de-jesus\/","title":{"rendered":"Recuperem la festa del Sagrat Cor de Jes\u00fas"},"content":{"rendered":"<figure class=\"wp-block-post-featured-image\"><img loading=\"lazy\" decoding=\"async\" width=\"650\" height=\"465\" src=\"https:\/\/fundaciohospitalariesmartorell.org\/entre-tots\/wp-content\/uploads\/2022\/06\/eucaristia.jpg\" class=\"attachment-post-thumbnail size-post-thumbnail wp-post-image\" alt=\"\" style=\"object-fit:cover;\" srcset=\"https:\/\/fundaciohospitalariesmartorell.org\/entre-tots\/wp-content\/uploads\/2022\/06\/eucaristia.jpg 650w, https:\/\/fundaciohospitalariesmartorell.org\/entre-tots\/wp-content\/uploads\/2022\/06\/eucaristia-300x215.jpg 300w\" sizes=\"auto, (max-width: 650px) 100vw, 650px\" \/><\/figure>\n\n\n<p>La Festa del Sagrat Cor de Jes\u00fas, el 23 de juny, es va poder tornar a celebrar, despr\u00e9s de dos anys de pand\u00e8mia, amb la pres\u00e8ncia de personal col\u00b7laborador de tots els dispositius assistencials de l&#8217;Hospital Sagrat Cor.<\/p>\n\n\n\n<p>L&#8217;acte es va iniciar amb una eucaristia a la sala d&#8217;actes, presidida per Mns. Joan-Enric Vives, arquebisbe d&#8217;Urgell i copr\u00edncep d&#8217;Andorra, acompanyat de Mn. Esteve, Mn. Tirado i Mn. Josep Maria Henr\u00edquez. La Coral de Masquefa va ser l&#8217;encarregada d&#8217;ambientar la missa.<\/p>\n\n\n\n<figure class=\"wp-block-gallery alignwide has-nested-images columns-default is-cropped wp-block-gallery-1 is-layout-flex wp-block-gallery-is-layout-flex\">\n<figure class=\"wp-block-image size-full\"><img loading=\"lazy\" decoding=\"async\" width=\"650\" height=\"440\" data-id=\"4162\" src=\"https:\/\/hospitalsagratcormartorell.org\/entre-tots\/wp-content\/uploads\/2022\/06\/catifes-ofrena.jpg\" alt=\"\" class=\"wp-image-4162\" srcset=\"https:\/\/fundaciohospitalariesmartorell.org\/entre-tots\/wp-content\/uploads\/2022\/06\/catifes-ofrena.jpg 650w, https:\/\/fundaciohospitalariesmartorell.org\/entre-tots\/wp-content\/uploads\/2022\/06\/catifes-ofrena-300x203.jpg 300w\" sizes=\"auto, (max-width: 650px) 100vw, 650px\" \/><\/figure>\n\n\n\n<figure class=\"wp-block-image size-full\"><img loading=\"lazy\" decoding=\"async\" width=\"650\" height=\"561\" data-id=\"4168\" src=\"https:\/\/hospitalsagratcormartorell.org\/entre-tots\/wp-content\/uploads\/2022\/06\/ofrena.jpg\" alt=\"\" class=\"wp-image-4168\" srcset=\"https:\/\/fundaciohospitalariesmartorell.org\/entre-tots\/wp-content\/uploads\/2022\/06\/ofrena.jpg 650w, https:\/\/fundaciohospitalariesmartorell.org\/entre-tots\/wp-content\/uploads\/2022\/06\/ofrena-300x259.jpg 300w\" sizes=\"auto, (max-width: 650px) 100vw, 650px\" \/><\/figure>\n<\/figure>\n\n\n\n<p>Com a ofrena es van presentar catifes elaborades amb flors i llavors, entre altres materials, per les persones usu\u00e0ries de diverses unitats i serveis de l&#8217;Hospital Sagrat Cor. &#8220;Vam demanar-los que representessin el cor des de la creativitat de cadasc\u00fa, tant pel que fa a la imatge com a la utilitzaci\u00f3 dels materials&#8221;, va explicar Roberto Narvaiz, coordinador PAER del Centre. Un dels usuaris que va participar en la confecci\u00f3 de la catifa m\u00e9s gran va traslladar a les persones assistents que l&#8217;objectiu de la seva creaci\u00f3 va ser &#8220;representar, a partir d&#8217;un trencaclosques, totes aquelles coses que ens agraden, conformant un cor que ens condueixi a una r\u00e0pida recuperaci\u00f3&#8221;.<\/p>\n\n\n\n<div class=\"wp-block-getwid-images-stack is-layout-alpha\"><div class=\"wp-block-getwid-images-stack__wrapper\"><div class=\"wp-block-getwid-images-stack__chunk\"><div class=\"wp-block-getwid-images-stack__media-wrapper\"><div class=\"wp-block-getwid-images-stack__media-inner-wrapper\"><img loading=\"lazy\" decoding=\"async\" width=\"650\" height=\"563\" class=\"wp-block-getwid-images-stack__media wp-image-4170\" src=\"https:\/\/hospitalsagratcormartorell.org\/entre-tots\/wp-content\/uploads\/2022\/06\/rosa-gutirrez-copia.jpg\" data-id=\"4170\" data-link=\"https:\/\/hospitalsagratcormartorell.org\/entre-tots\/2022\/06\/festivitat-del-sagrat-cor-de-jesus\/rosa-gutirrez-copia\/\" srcset=\"https:\/\/fundaciohospitalariesmartorell.org\/entre-tots\/wp-content\/uploads\/2022\/06\/rosa-gutirrez-copia.jpg 650w, https:\/\/fundaciohospitalariesmartorell.org\/entre-tots\/wp-content\/uploads\/2022\/06\/rosa-gutirrez-copia-300x260.jpg 300w\" sizes=\"auto, (max-width: 650px) 100vw, 650px\" \/><\/div><\/div><div class=\"wp-block-getwid-images-stack__media-wrapper\"><div class=\"wp-block-getwid-images-stack__media-inner-wrapper\"><img loading=\"lazy\" decoding=\"async\" width=\"650\" height=\"526\" class=\"wp-block-getwid-images-stack__media wp-image-4171\" src=\"https:\/\/hospitalsagratcormartorell.org\/entre-tots\/wp-content\/uploads\/2022\/06\/rosa-prez.jpg\" data-id=\"4171\" data-link=\"https:\/\/hospitalsagratcormartorell.org\/entre-tots\/2022\/06\/festivitat-del-sagrat-cor-de-jesus\/rosa-prez\/\" srcset=\"https:\/\/fundaciohospitalariesmartorell.org\/entre-tots\/wp-content\/uploads\/2022\/06\/rosa-prez.jpg 650w, https:\/\/fundaciohospitalariesmartorell.org\/entre-tots\/wp-content\/uploads\/2022\/06\/rosa-prez-300x243.jpg 300w\" sizes=\"auto, (max-width: 650px) 100vw, 650px\" \/><\/div><\/div><\/div><\/div><\/div>\n\n\n\n<p>A continuaci\u00f3, el director gerent de l&#8217;Hospital, el doctor Jes\u00fas Ezquerra, va introduir l&#8217;acte d&#8217;homenatge a les persones jubilades durant el 2021, destacant l&#8217;alegria de poder tornar a recuperar la festivitat i aquesta activitat emblem\u00e0tica, despr\u00e9s de l&#8217;aturada que va suposar la crisi sanit\u00e0ria. De les onze persones jubilades en aquest per\u00edode de temps, tres van poder estar presents a l&#8217;acte: Rosa Guti\u00e9rrez, monitora ocupacional de l&#8217;Hospital de dia de Martorell; Rosa P\u00e9rez, psiquiatra de l&#8217;\u00c0rea de rehabilitaci\u00f3 hospital\u00e0ria, i Jos\u00e9 Mar\u00eda Pe\u00f1a, exdirector gerent de l&#8217;Hospital Sagrat Cor, als quals se&#8217;ls va fer entrega d&#8217;un obsequi i un reconeixement elaborat expressament per a l&#8217;ocasi\u00f3.<\/p>\n\n\n\n<figure class=\"wp-block-gallery alignwide has-nested-images columns-default is-cropped wp-block-gallery-2 is-layout-flex wp-block-gallery-is-layout-flex\">\n<figure class=\"wp-block-image size-full\"><img loading=\"lazy\" decoding=\"async\" width=\"641\" height=\"600\" data-id=\"4167\" src=\"https:\/\/hospitalsagratcormartorell.org\/entre-tots\/wp-content\/uploads\/2022\/06\/obsequi-jubilats.jpg\" alt=\"\" class=\"wp-image-4167\" srcset=\"https:\/\/fundaciohospitalariesmartorell.org\/entre-tots\/wp-content\/uploads\/2022\/06\/obsequi-jubilats.jpg 641w, https:\/\/fundaciohospitalariesmartorell.org\/entre-tots\/wp-content\/uploads\/2022\/06\/obsequi-jubilats-300x281.jpg 300w\" sizes=\"auto, (max-width: 641px) 100vw, 641px\" \/><\/figure>\n\n\n\n<figure class=\"wp-block-image size-full\"><img loading=\"lazy\" decoding=\"async\" width=\"650\" height=\"488\" data-id=\"4169\" src=\"https:\/\/hospitalsagratcormartorell.org\/entre-tots\/wp-content\/uploads\/2022\/06\/pea.jpg\" alt=\"\" class=\"wp-image-4169\" srcset=\"https:\/\/fundaciohospitalariesmartorell.org\/entre-tots\/wp-content\/uploads\/2022\/06\/pea.jpg 650w, https:\/\/fundaciohospitalariesmartorell.org\/entre-tots\/wp-content\/uploads\/2022\/06\/pea-300x225.jpg 300w\" sizes=\"auto, (max-width: 650px) 100vw, 650px\" \/><\/figure>\n<\/figure>\n\n\n\n<p>Tot seguit, la directora de l&#8217;\u00c0rea de Persones, Hortensia P\u00e9rez, va explicar el projecte d&#8217;empresa saludable &#8216;Cuida&#8217;t x Cuidar&#8217;, la finalitat del qual \u00e9s promocionar i afavorir el benestar del personal col\u00b7laborador a partir de treballar integralment 7 dimensions i 5 eixos. Aix\u00ed mateix, va agrair la participaci\u00f3 de treballadores i treballadors i les seves fam\u00edlies en el concurs per trobar un logotip per al projecte i responent el q\u00fcestionari elaborat a fi de poder confeccionar un programa que s&#8217;ajusti el m\u00e9s possible a les necessitats de tots ells i elles.<\/p>\n\n\n\n<figure class=\"wp-block-gallery alignwide has-nested-images columns-default is-cropped wp-block-gallery-3 is-layout-flex wp-block-gallery-is-layout-flex\">\n<figure class=\"wp-block-image size-full\"><img loading=\"lazy\" decoding=\"async\" width=\"650\" height=\"488\" data-id=\"4164\" src=\"https:\/\/hospitalsagratcormartorell.org\/entre-tots\/wp-content\/uploads\/2022\/06\/img-20220623-wa0074.jpg\" alt=\"\" class=\"wp-image-4164\" srcset=\"https:\/\/fundaciohospitalariesmartorell.org\/entre-tots\/wp-content\/uploads\/2022\/06\/img-20220623-wa0074.jpg 650w, https:\/\/fundaciohospitalariesmartorell.org\/entre-tots\/wp-content\/uploads\/2022\/06\/img-20220623-wa0074-300x225.jpg 300w\" sizes=\"auto, (max-width: 650px) 100vw, 650px\" \/><\/figure>\n\n\n\n<figure class=\"wp-block-image size-full\"><img loading=\"lazy\" decoding=\"async\" width=\"591\" height=\"600\" data-id=\"4165\" src=\"https:\/\/hospitalsagratcormartorell.org\/entre-tots\/wp-content\/uploads\/2022\/06\/logo-guanyador_copy1.jpg\" alt=\"\" class=\"wp-image-4165\" srcset=\"https:\/\/fundaciohospitalariesmartorell.org\/entre-tots\/wp-content\/uploads\/2022\/06\/logo-guanyador_copy1.jpg 591w, https:\/\/fundaciohospitalariesmartorell.org\/entre-tots\/wp-content\/uploads\/2022\/06\/logo-guanyador_copy1-296x300.jpg 296w\" sizes=\"auto, (max-width: 591px) 100vw, 591px\" \/><\/figure>\n<\/figure>\n\n\n\n<p>El logotip guanyador va ser el que va dibuixar Eric Rosendo, de 7 anys, al qual se li va fer entrega d&#8217;un rellotge d&#8217;activitat, d&#8217;una caixa de llapis de colors i d&#8217;un diploma. Es va informar que la resta de participants tamb\u00e9 rebran un diploma d&#8217;agra\u00efment.<\/p>\n\n\n\n<p>Enguany, la Festa del Sagrat Cor de Jes\u00fas va incloure una visita guiada a les instal\u00b7lacions del nou edifici assistencial, per part de Pedro Alonso, cap de Serveis Generals, i de l&#8217;arquitecte Albert Vitaller.<\/p>\n\n\n\n<div class=\"wp-block-getwid-images-stack is-layout-alpha\"><div class=\"wp-block-getwid-images-stack__wrapper\"><div class=\"wp-block-getwid-images-stack__chunk\"><div class=\"wp-block-getwid-images-stack__media-wrapper\"><div class=\"wp-block-getwid-images-stack__media-inner-wrapper\"><img loading=\"lazy\" decoding=\"async\" width=\"650\" height=\"495\" class=\"wp-block-getwid-images-stack__media wp-image-4172\" src=\"https:\/\/hospitalsagratcormartorell.org\/entre-tots\/wp-content\/uploads\/2022\/06\/vitaller_copy1.jpg\" data-id=\"4172\" data-link=\"https:\/\/hospitalsagratcormartorell.org\/entre-tots\/2022\/06\/festivitat-del-sagrat-cor-de-jesus\/vitaller_copy1\/\" srcset=\"https:\/\/fundaciohospitalariesmartorell.org\/entre-tots\/wp-content\/uploads\/2022\/06\/vitaller_copy1.jpg 650w, https:\/\/fundaciohospitalariesmartorell.org\/entre-tots\/wp-content\/uploads\/2022\/06\/vitaller_copy1-300x228.jpg 300w\" sizes=\"auto, (max-width: 650px) 100vw, 650px\" \/><\/div><\/div><div class=\"wp-block-getwid-images-stack__media-wrapper\"><div class=\"wp-block-getwid-images-stack__media-inner-wrapper\"><img loading=\"lazy\" decoding=\"async\" width=\"650\" height=\"422\" class=\"wp-block-getwid-images-stack__media wp-image-4166\" src=\"https:\/\/hospitalsagratcormartorell.org\/entre-tots\/wp-content\/uploads\/2022\/06\/nou-edifici.jpg\" data-id=\"4166\" data-link=\"https:\/\/hospitalsagratcormartorell.org\/entre-tots\/2022\/06\/festivitat-del-sagrat-cor-de-jesus\/nou-edifici\/\" srcset=\"https:\/\/fundaciohospitalariesmartorell.org\/entre-tots\/wp-content\/uploads\/2022\/06\/nou-edifici.jpg 650w, https:\/\/fundaciohospitalariesmartorell.org\/entre-tots\/wp-content\/uploads\/2022\/06\/nou-edifici-300x195.jpg 300w\" sizes=\"auto, (max-width: 650px) 100vw, 650px\" \/><\/div><\/div><\/div><\/div><\/div>\n\n\n\n<p>Alonso va fer un recorregut per les diferents plantes explicant a qu\u00e8 correspondr\u00e0 cada espai i, per la seva banda, Vitaller es va centrar en el pla director d&#8217;obres.<\/p>\n\n\n\n<p>Aix\u00ed, l&#8217;arquitecte va destacar&nbsp;l&#8217;objectiu de potenciar el car\u00e0cter de Martorell, \u00e9s a dir, aconseguir un entorn amable, dom\u00e8stic, reformant el recinte a trav\u00e9s de pavellons comunicats. Un altre dels punts clau als quals es va referir va ser l&#8217;organitzaci\u00f3 de la vegetaci\u00f3 a partir de jardins terap\u00e8utics, a fi de fomentar la recuperaci\u00f3 de les persones usu\u00e0ries i que tingui un impacte positiu sobre el personal col\u00b7laborador.<\/p>\n\n\n\n<p>Com a cloenda de la Festa del Sagrat Cor es va servir un aperitiu a la cafeteria de l&#8217;Hospital, moment durant el qual les persones assistents van poder saludar i xerrar de manera distesa amb tots els i les professionals que van participar de la jornada.<\/p>\n\n\n\n<figure class=\"wp-block-image size-full\"><img loading=\"lazy\" decoding=\"async\" width=\"650\" height=\"488\" src=\"https:\/\/hospitalsagratcormartorell.org\/entre-tots\/wp-content\/uploads\/2022\/06\/aperitiu.jpg\" alt=\"\" class=\"wp-image-4161\" srcset=\"https:\/\/fundaciohospitalariesmartorell.org\/entre-tots\/wp-content\/uploads\/2022\/06\/aperitiu.jpg 650w, https:\/\/fundaciohospitalariesmartorell.org\/entre-tots\/wp-content\/uploads\/2022\/06\/aperitiu-300x225.jpg 300w\" sizes=\"auto, (max-width: 650px) 100vw, 650px\" \/><\/figure>\n","protected":false},"excerpt":{"rendered":"<p>La Festa del Sagrat Cor de Jes\u00fas, el 23 de juny, es va poder tornar a celebrar, despr\u00e9s de dos anys de pand\u00e8mia, amb la pres\u00e8ncia de personal col\u00b7laborador de tots els dispositius assistencials de l&#8217;Hospital Sagrat Cor. L&#8217;acte es va iniciar amb una eucaristia a la sala d&#8217;actes, presidida per Mns. Joan-Enric Vives, arquebisbe [&hellip;]<\/p>\n","protected":false},"author":2,"featured_media":4163,"comment_status":"closed","ping_status":"closed","sticky":false,"template":"","format":"standard","meta":{"footnotes":""},"categories":[27],"tags":[],"class_list":["post-4042","post","type-post","status-publish","format-standard","has-post-thumbnail","hentry","category-actualitat"],"blocksy_meta":{"styles_descriptor":{"styles":{"desktop":"","tablet":"","mobile":""},"google_fonts":[],"version":6}},"featured_image_urls_v2":{"full":["https:\/\/fundaciohospitalariesmartorell.org\/entre-tots\/wp-content\/uploads\/2022\/06\/eucaristia.jpg",650,465,false],"thumbnail":["https:\/\/fundaciohospitalariesmartorell.org\/entre-tots\/wp-content\/uploads\/2022\/06\/eucaristia-150x150.jpg",150,150,true],"medium":["https:\/\/fundaciohospitalariesmartorell.org\/entre-tots\/wp-content\/uploads\/2022\/06\/eucaristia-300x215.jpg",300,215,true],"medium_large":["https:\/\/fundaciohospitalariesmartorell.org\/entre-tots\/wp-content\/uploads\/2022\/06\/eucaristia.jpg",650,465,false],"large":["https:\/\/fundaciohospitalariesmartorell.org\/entre-tots\/wp-content\/uploads\/2022\/06\/eucaristia.jpg",650,465,false],"1536x1536":["https:\/\/fundaciohospitalariesmartorell.org\/entre-tots\/wp-content\/uploads\/2022\/06\/eucaristia.jpg",650,465,false],"2048x2048":["https:\/\/fundaciohospitalariesmartorell.org\/entre-tots\/wp-content\/uploads\/2022\/06\/eucaristia.jpg",650,465,false],"mailpoet_newsletter_max":["https:\/\/fundaciohospitalariesmartorell.org\/entre-tots\/wp-content\/uploads\/2022\/06\/eucaristia.jpg",650,465,false]},"post_excerpt_stackable_v2":"<p>La Festa del Sagrat Cor de Jes\u00fas, el 23 de juny, es va poder tornar a celebrar, despr\u00e9s de dos anys de pand\u00e8mia, amb la pres\u00e8ncia de personal col\u00b7laborador de tots els dispositius assistencials de l&#8217;Hospital Sagrat Cor. L&#8217;acte es va iniciar amb una eucaristia a la sala d&#8217;actes, presidida per Mns. Joan-Enric Vives, arquebisbe d&#8217;Urgell i copr\u00edncep d&#8217;Andorra, acompanyat de Mn. Esteve, Mn. Tirado i Mn. Josep Maria Henr\u00edquez. La Coral de Masquefa va ser l&#8217;encarregada d&#8217;ambientar la missa. Com a ofrena es van presentar catifes elaborades amb flors i llavors, entre altres materials, per les persones usu\u00e0ries de&hellip;<\/p>\n","category_list_v2":"<a href=\"https:\/\/fundaciohospitalariesmartorell.org\/entre-tots\/category\/actualitat\/\" rel=\"category tag\">ACTUALITAT<\/a>","author_info_v2":{"name":"Sagrat Cor","url":"https:\/\/fundaciohospitalariesmartorell.org\/entre-tots\/author\/daniel\/"},"comments_num_v2":"0 comments","_links":{"self":[{"href":"https:\/\/fundaciohospitalariesmartorell.org\/entre-tots\/wp-json\/wp\/v2\/posts\/4042","targetHints":{"allow":["GET"]}}],"collection":[{"href":"https:\/\/fundaciohospitalariesmartorell.org\/entre-tots\/wp-json\/wp\/v2\/posts"}],"about":[{"href":"https:\/\/fundaciohospitalariesmartorell.org\/entre-tots\/wp-json\/wp\/v2\/types\/post"}],"author":[{"embeddable":true,"href":"https:\/\/fundaciohospitalariesmartorell.org\/entre-tots\/wp-json\/wp\/v2\/users\/2"}],"replies":[{"embeddable":true,"href":"https:\/\/fundaciohospitalariesmartorell.org\/entre-tots\/wp-json\/wp\/v2\/comments?post=4042"}],"version-history":[{"count":11,"href":"https:\/\/fundaciohospitalariesmartorell.org\/entre-tots\/wp-json\/wp\/v2\/posts\/4042\/revisions"}],"predecessor-version":[{"id":4667,"href":"https:\/\/fundaciohospitalariesmartorell.org\/entre-tots\/wp-json\/wp\/v2\/posts\/4042\/revisions\/4667"}],"wp:featuredmedia":[{"embeddable":true,"href":"https:\/\/fundaciohospitalariesmartorell.org\/entre-tots\/wp-json\/wp\/v2\/media\/4163"}],"wp:attachment":[{"href":"https:\/\/fundaciohospitalariesmartorell.org\/entre-tots\/wp-json\/wp\/v2\/media?parent=4042"}],"wp:term":[{"taxonomy":"category","embeddable":true,"href":"https:\/\/fundaciohospitalariesmartorell.org\/entre-tots\/wp-json\/wp\/v2\/categories?post=4042"},{"taxonomy":"post_tag","embeddable":true,"href":"https:\/\/fundaciohospitalariesmartorell.org\/entre-tots\/wp-json\/wp\/v2\/tags?post=4042"}],"curies":[{"name":"wp","href":"https:\/\/api.w.org\/{rel}","templated":true}]}}