{"id":4299,"date":"2022-06-17T11:04:45","date_gmt":"2022-06-17T09:04:45","guid":{"rendered":"https:\/\/newweb.hospitalsagratcormartorell.org\/entre-tots\/?p=4299"},"modified":"2022-07-01T11:28:15","modified_gmt":"2022-07-01T09:28:15","slug":"taula-rodona-lestigma-dels-adolescents-amb-problemes-de-salut-mental-experiencies-i-necessitats","status":"publish","type":"post","link":"https:\/\/fundaciohospitalariesmartorell.org\/entre-tots\/2022\/06\/taula-rodona-lestigma-dels-adolescents-amb-problemes-de-salut-mental-experiencies-i-necessitats\/","title":{"rendered":"Taula rodona &#8216;L&#8217;estigma dels adolescents amb problemes de salut mental. Experi\u00e8ncies i necessitats&#8217;."},"content":{"rendered":"<figure class=\"wp-block-post-featured-image\"><img loading=\"lazy\" decoding=\"async\" width=\"650\" height=\"502\" src=\"https:\/\/fundaciohospitalariesmartorell.org\/entre-tots\/wp-content\/uploads\/2022\/07\/mesa-redonda-2.jpg\" class=\"attachment-post-thumbnail size-post-thumbnail wp-post-image\" alt=\"\" style=\"object-fit:cover;\" srcset=\"https:\/\/fundaciohospitalariesmartorell.org\/entre-tots\/wp-content\/uploads\/2022\/07\/mesa-redonda-2.jpg 650w, https:\/\/fundaciohospitalariesmartorell.org\/entre-tots\/wp-content\/uploads\/2022\/07\/mesa-redonda-2-300x232.jpg 300w\" sizes=\"auto, (max-width: 650px) 100vw, 650px\" \/><\/figure>\n\n\n<p>La taula rodona\u00a0&#8216;L&#8217;estigma dels adolescents amb problemes de salut mental. Experi\u00e8ncies i necessitats&#8217;, organitzada per Germanes Hospital\u00e0ries en el marc de\u00a0la campanya de sensibilitzaci\u00f3 antiestigma &#8216;Vive y Convive&#8217;, es va celebrar el 17 de juny a l&#8217;Hospital Sant Rafael.<\/p>\n\n\n\n<p>Durant l&#8217;acte es va abordar l&#8217;estigma en tots els seus vessants: social, personal i professional. L&#8217;estigma social \u00e9s el que es produeix quan ens comportem d&#8217;una manera diferent amb una persona que sabem o creiem que t\u00e9 un trastorn mental. L&#8217;estigma personal que \u00e9s el que porta a una persona que sap o pensa que t\u00e9 un trastorn mental a comportar-se d&#8217;una manera diferent perqu\u00e8 sent vergonya, culpa o indefensi\u00f3. Tamb\u00e9 existeix l&#8217;estigma institucional del qual no estan exempts ni tan sols els professionals.<\/p>\n\n\n\n<p>A la taula rodona, que va estar moderada per Pedro Ramos, psic\u00f2leg cl\u00ednic del CSMIJ de Molins de Rei de l&#8217;Hospital Sagrat Cor, van participar tres dones valentes les quals van explicar el seu testimoni en primera persona i van parlar obertament de com han viscut aquests tres estigmes com a joves i com a fam\u00edlia.<\/p>\n\n\n\n<figure class=\"wp-block-image size-full\"><img loading=\"lazy\" decoding=\"async\" width=\"650\" height=\"329\" src=\"https:\/\/hospitalsagratcormartorell.org\/entre-tots\/wp-content\/uploads\/2022\/07\/mesa-redonda-conclusiones.jpg\" alt=\"\" class=\"wp-image-4301\" srcset=\"https:\/\/fundaciohospitalariesmartorell.org\/entre-tots\/wp-content\/uploads\/2022\/07\/mesa-redonda-conclusiones.jpg 650w, https:\/\/fundaciohospitalariesmartorell.org\/entre-tots\/wp-content\/uploads\/2022\/07\/mesa-redonda-conclusiones-300x152.jpg 300w\" sizes=\"auto, (max-width: 650px) 100vw, 650px\" \/><\/figure>\n\n\n\n<p>Com a professional present a la taula rodona estava Roger Ballesc\u00e0, psic\u00f2leg cl\u00ednic del CSMIJ de Martorell, qui, a m\u00e9s d&#8217;introduir les diferents definicions de l&#8217;estigma mencionades anteriorment, va assenyalar que, moltes vegades, pesa m\u00e9s l&#8217;estigma que el trastorn mental. Una afirmaci\u00f3 que va corroborar la mare d&#8217;una afectada per un trastorn mental quan va dir que l&#8217;estigma ha causat el 60 % dels problemes de la malaltia de la seva filla. Tamb\u00e9 va explicar que l&#8217;estigma afecta especialment l&#8217;adolesc\u00e8ncia, ja que \u00e9s quan la nostra identitat est\u00e0 en construcci\u00f3.<\/p>\n\n\n\n<p>Les conclusions de la taula van anar de la m\u00e0 del doctor Josep Salavert, coordinador del CSMIJ de l&#8217;Hospital Sant Rafael.<\/p>\n","protected":false},"excerpt":{"rendered":"<p>La taula rodona\u00a0&#8216;L&#8217;estigma dels adolescents amb problemes de salut mental. Experi\u00e8ncies i necessitats&#8217;, organitzada per Germanes Hospital\u00e0ries en el marc de\u00a0la campanya de sensibilitzaci\u00f3 antiestigma &#8216;Vive y Convive&#8217;, es va celebrar el 17 de juny a l&#8217;Hospital Sant Rafael. Durant l&#8217;acte es va abordar l&#8217;estigma en tots els seus vessants: social, personal i professional. L&#8217;estigma [&hellip;]<\/p>\n","protected":false},"author":2,"featured_media":4300,"comment_status":"closed","ping_status":"closed","sticky":false,"template":"","format":"standard","meta":{"footnotes":""},"categories":[27],"tags":[],"class_list":["post-4299","post","type-post","status-publish","format-standard","has-post-thumbnail","hentry","category-actualitat"],"blocksy_meta":{"styles_descriptor":{"styles":{"desktop":"","tablet":"","mobile":""},"google_fonts":[],"version":6}},"featured_image_urls_v2":{"full":["https:\/\/fundaciohospitalariesmartorell.org\/entre-tots\/wp-content\/uploads\/2022\/07\/mesa-redonda-2.jpg",650,502,false],"thumbnail":["https:\/\/fundaciohospitalariesmartorell.org\/entre-tots\/wp-content\/uploads\/2022\/07\/mesa-redonda-2-150x150.jpg",150,150,true],"medium":["https:\/\/fundaciohospitalariesmartorell.org\/entre-tots\/wp-content\/uploads\/2022\/07\/mesa-redonda-2-300x232.jpg",300,232,true],"medium_large":["https:\/\/fundaciohospitalariesmartorell.org\/entre-tots\/wp-content\/uploads\/2022\/07\/mesa-redonda-2.jpg",650,502,false],"large":["https:\/\/fundaciohospitalariesmartorell.org\/entre-tots\/wp-content\/uploads\/2022\/07\/mesa-redonda-2.jpg",650,502,false],"1536x1536":["https:\/\/fundaciohospitalariesmartorell.org\/entre-tots\/wp-content\/uploads\/2022\/07\/mesa-redonda-2.jpg",650,502,false],"2048x2048":["https:\/\/fundaciohospitalariesmartorell.org\/entre-tots\/wp-content\/uploads\/2022\/07\/mesa-redonda-2.jpg",650,502,false],"mailpoet_newsletter_max":["https:\/\/fundaciohospitalariesmartorell.org\/entre-tots\/wp-content\/uploads\/2022\/07\/mesa-redonda-2.jpg",650,502,false]},"post_excerpt_stackable_v2":"<p>La taula rodona\u00a0&#8216;L&#8217;estigma dels adolescents amb problemes de salut mental. Experi\u00e8ncies i necessitats&#8217;, organitzada per Germanes Hospital\u00e0ries en el marc de\u00a0la campanya de sensibilitzaci\u00f3 antiestigma &#8216;Vive y Convive&#8217;, es va celebrar el 17 de juny a l&#8217;Hospital Sant Rafael. Durant l&#8217;acte es va abordar l&#8217;estigma en tots els seus vessants: social, personal i professional. L&#8217;estigma social \u00e9s el que es produeix quan ens comportem d&#8217;una manera diferent amb una persona que sabem o creiem que t\u00e9 un trastorn mental. L&#8217;estigma personal que \u00e9s el que porta a una persona que sap o pensa que t\u00e9 un trastorn mental a comportar-se&hellip;<\/p>\n","category_list_v2":"<a href=\"https:\/\/fundaciohospitalariesmartorell.org\/entre-tots\/category\/actualitat\/\" rel=\"category tag\">ACTUALITAT<\/a>","author_info_v2":{"name":"Sagrat Cor","url":"https:\/\/fundaciohospitalariesmartorell.org\/entre-tots\/author\/daniel\/"},"comments_num_v2":"0 comments","_links":{"self":[{"href":"https:\/\/fundaciohospitalariesmartorell.org\/entre-tots\/wp-json\/wp\/v2\/posts\/4299","targetHints":{"allow":["GET"]}}],"collection":[{"href":"https:\/\/fundaciohospitalariesmartorell.org\/entre-tots\/wp-json\/wp\/v2\/posts"}],"about":[{"href":"https:\/\/fundaciohospitalariesmartorell.org\/entre-tots\/wp-json\/wp\/v2\/types\/post"}],"author":[{"embeddable":true,"href":"https:\/\/fundaciohospitalariesmartorell.org\/entre-tots\/wp-json\/wp\/v2\/users\/2"}],"replies":[{"embeddable":true,"href":"https:\/\/fundaciohospitalariesmartorell.org\/entre-tots\/wp-json\/wp\/v2\/comments?post=4299"}],"version-history":[{"count":1,"href":"https:\/\/fundaciohospitalariesmartorell.org\/entre-tots\/wp-json\/wp\/v2\/posts\/4299\/revisions"}],"predecessor-version":[{"id":4302,"href":"https:\/\/fundaciohospitalariesmartorell.org\/entre-tots\/wp-json\/wp\/v2\/posts\/4299\/revisions\/4302"}],"wp:featuredmedia":[{"embeddable":true,"href":"https:\/\/fundaciohospitalariesmartorell.org\/entre-tots\/wp-json\/wp\/v2\/media\/4300"}],"wp:attachment":[{"href":"https:\/\/fundaciohospitalariesmartorell.org\/entre-tots\/wp-json\/wp\/v2\/media?parent=4299"}],"wp:term":[{"taxonomy":"category","embeddable":true,"href":"https:\/\/fundaciohospitalariesmartorell.org\/entre-tots\/wp-json\/wp\/v2\/categories?post=4299"},{"taxonomy":"post_tag","embeddable":true,"href":"https:\/\/fundaciohospitalariesmartorell.org\/entre-tots\/wp-json\/wp\/v2\/tags?post=4299"}],"curies":[{"name":"wp","href":"https:\/\/api.w.org\/{rel}","templated":true}]}}