{"id":4343,"date":"2022-07-26T11:10:51","date_gmt":"2022-07-26T09:10:51","guid":{"rendered":"https:\/\/newweb.hospitalsagratcormartorell.org\/entre-tots\/?p=4343"},"modified":"2022-07-26T15:47:00","modified_gmt":"2022-07-26T13:47:00","slug":"nou-circuit-de-peticions-a-paer","status":"publish","type":"post","link":"https:\/\/fundaciohospitalariesmartorell.org\/entre-tots\/2022\/07\/nou-circuit-de-peticions-a-paer\/","title":{"rendered":"Nou circuit de peticions a PAER"},"content":{"rendered":"<figure class=\"wp-block-post-featured-image\"><img loading=\"lazy\" decoding=\"async\" width=\"831\" height=\"471\" src=\"https:\/\/fundaciohospitalariesmartorell.org\/entre-tots\/wp-content\/uploads\/2022\/07\/Captura-de-pantalla-2022-07-23-a-las-23.09.44.png\" class=\"attachment-post-thumbnail size-post-thumbnail wp-post-image\" alt=\"\" style=\"object-fit:cover;\" srcset=\"https:\/\/fundaciohospitalariesmartorell.org\/entre-tots\/wp-content\/uploads\/2022\/07\/Captura-de-pantalla-2022-07-23-a-las-23.09.44.png 831w, https:\/\/fundaciohospitalariesmartorell.org\/entre-tots\/wp-content\/uploads\/2022\/07\/Captura-de-pantalla-2022-07-23-a-las-23.09.44-300x170.png 300w, https:\/\/fundaciohospitalariesmartorell.org\/entre-tots\/wp-content\/uploads\/2022\/07\/Captura-de-pantalla-2022-07-23-a-las-23.09.44-768x435.png 768w\" sizes=\"auto, (max-width: 831px) 100vw, 831px\" \/><\/figure>\n\n\n<p>Des del servei PAER es va elaborar i difondre a tot el personal col\u00b7laborador el nou circuit per canalitzar les demandes d\u2019atenci\u00f3 espiritual i religiosa que puguin sorgir a les unitats (hospitalitzaci\u00f3 i centres externs).<\/p>\n\n\n\n<p>Podeu accedir-hi <a rel=\"noreferrer noopener\" href=\"http:\/\/www.hospitalsagratcormartorell.org\/documents\/circuito-peticion-paer.pdf\" target=\"_blank\">aqu\u00ed<\/a>, aix\u00ed com veure el v\u00eddeo explicatiu sobre el circuit al seg\u00fcent enlla\u00e7: <a href=\"https:\/\/youtu.be\/6owJzOpNYXM\" target=\"_blank\" rel=\"noreferrer noopener\">https:\/\/youtu.be\/6owJzOpNYXM<\/a><\/p>\n","protected":false},"excerpt":{"rendered":"<p>Des del servei PAER es va elaborar i difondre a tot el personal col\u00b7laborador el nou circuit per canalitzar les demandes d\u2019atenci\u00f3 espiritual i religiosa que puguin sorgir a les unitats (hospitalitzaci\u00f3 i centres externs). Podeu accedir-hi aqu\u00ed, aix\u00ed com veure el v\u00eddeo explicatiu sobre el circuit al seg\u00fcent enlla\u00e7: https:\/\/youtu.be\/6owJzOpNYXM<\/p>\n","protected":false},"author":2,"featured_media":4344,"comment_status":"closed","ping_status":"closed","sticky":false,"template":"","format":"standard","meta":{"footnotes":""},"categories":[27],"tags":[],"class_list":["post-4343","post","type-post","status-publish","format-standard","has-post-thumbnail","hentry","category-actualitat"],"blocksy_meta":{"styles_descriptor":{"styles":{"desktop":"","tablet":"","mobile":""},"google_fonts":[],"version":6}},"featured_image_urls_v2":{"full":["https:\/\/fundaciohospitalariesmartorell.org\/entre-tots\/wp-content\/uploads\/2022\/07\/Captura-de-pantalla-2022-07-23-a-las-23.09.44.png",831,471,false],"thumbnail":["https:\/\/fundaciohospitalariesmartorell.org\/entre-tots\/wp-content\/uploads\/2022\/07\/Captura-de-pantalla-2022-07-23-a-las-23.09.44-150x150.png",150,150,true],"medium":["https:\/\/fundaciohospitalariesmartorell.org\/entre-tots\/wp-content\/uploads\/2022\/07\/Captura-de-pantalla-2022-07-23-a-las-23.09.44-300x170.png",300,170,true],"medium_large":["https:\/\/fundaciohospitalariesmartorell.org\/entre-tots\/wp-content\/uploads\/2022\/07\/Captura-de-pantalla-2022-07-23-a-las-23.09.44-768x435.png",768,435,true],"large":["https:\/\/fundaciohospitalariesmartorell.org\/entre-tots\/wp-content\/uploads\/2022\/07\/Captura-de-pantalla-2022-07-23-a-las-23.09.44.png",831,471,false],"1536x1536":["https:\/\/fundaciohospitalariesmartorell.org\/entre-tots\/wp-content\/uploads\/2022\/07\/Captura-de-pantalla-2022-07-23-a-las-23.09.44.png",831,471,false],"2048x2048":["https:\/\/fundaciohospitalariesmartorell.org\/entre-tots\/wp-content\/uploads\/2022\/07\/Captura-de-pantalla-2022-07-23-a-las-23.09.44.png",831,471,false],"mailpoet_newsletter_max":["https:\/\/fundaciohospitalariesmartorell.org\/entre-tots\/wp-content\/uploads\/2022\/07\/Captura-de-pantalla-2022-07-23-a-las-23.09.44.png",831,471,false]},"post_excerpt_stackable_v2":"<p>Des del servei PAER es va elaborar i difondre a tot el personal col\u00b7laborador el nou circuit per canalitzar les demandes d\u2019atenci\u00f3 espiritual i religiosa que puguin sorgir a les unitats (hospitalitzaci\u00f3 i centres externs). Podeu accedir-hi aqu\u00ed, aix\u00ed com veure el v\u00eddeo explicatiu sobre el circuit al seg\u00fcent enlla\u00e7: https:\/\/youtu.be\/6owJzOpNYXM<\/p>\n","category_list_v2":"<a href=\"https:\/\/fundaciohospitalariesmartorell.org\/entre-tots\/category\/actualitat\/\" rel=\"category tag\">ACTUALITAT<\/a>","author_info_v2":{"name":"Sagrat Cor","url":"https:\/\/fundaciohospitalariesmartorell.org\/entre-tots\/author\/daniel\/"},"comments_num_v2":"0 comments","_links":{"self":[{"href":"https:\/\/fundaciohospitalariesmartorell.org\/entre-tots\/wp-json\/wp\/v2\/posts\/4343","targetHints":{"allow":["GET"]}}],"collection":[{"href":"https:\/\/fundaciohospitalariesmartorell.org\/entre-tots\/wp-json\/wp\/v2\/posts"}],"about":[{"href":"https:\/\/fundaciohospitalariesmartorell.org\/entre-tots\/wp-json\/wp\/v2\/types\/post"}],"author":[{"embeddable":true,"href":"https:\/\/fundaciohospitalariesmartorell.org\/entre-tots\/wp-json\/wp\/v2\/users\/2"}],"replies":[{"embeddable":true,"href":"https:\/\/fundaciohospitalariesmartorell.org\/entre-tots\/wp-json\/wp\/v2\/comments?post=4343"}],"version-history":[{"count":1,"href":"https:\/\/fundaciohospitalariesmartorell.org\/entre-tots\/wp-json\/wp\/v2\/posts\/4343\/revisions"}],"predecessor-version":[{"id":4345,"href":"https:\/\/fundaciohospitalariesmartorell.org\/entre-tots\/wp-json\/wp\/v2\/posts\/4343\/revisions\/4345"}],"wp:featuredmedia":[{"embeddable":true,"href":"https:\/\/fundaciohospitalariesmartorell.org\/entre-tots\/wp-json\/wp\/v2\/media\/4344"}],"wp:attachment":[{"href":"https:\/\/fundaciohospitalariesmartorell.org\/entre-tots\/wp-json\/wp\/v2\/media?parent=4343"}],"wp:term":[{"taxonomy":"category","embeddable":true,"href":"https:\/\/fundaciohospitalariesmartorell.org\/entre-tots\/wp-json\/wp\/v2\/categories?post=4343"},{"taxonomy":"post_tag","embeddable":true,"href":"https:\/\/fundaciohospitalariesmartorell.org\/entre-tots\/wp-json\/wp\/v2\/tags?post=4343"}],"curies":[{"name":"wp","href":"https:\/\/api.w.org\/{rel}","templated":true}]}}