{"id":4346,"date":"2022-07-26T09:15:41","date_gmt":"2022-07-26T07:15:41","guid":{"rendered":"https:\/\/newweb.hospitalsagratcormartorell.org\/entre-tots\/?p=4346"},"modified":"2022-07-27T09:56:30","modified_gmt":"2022-07-27T07:56:30","slug":"dia-internacional-tcai","status":"publish","type":"post","link":"https:\/\/fundaciohospitalariesmartorell.org\/entre-tots\/2022\/07\/dia-internacional-tcai\/","title":{"rendered":"Dia internacional TCAI"},"content":{"rendered":"<figure class=\"wp-block-post-featured-image\"><img loading=\"lazy\" decoding=\"async\" width=\"2350\" height=\"1626\" src=\"https:\/\/fundaciohospitalariesmartorell.org\/entre-tots\/wp-content\/uploads\/2022\/07\/Captura-de-pantalla-2022-07-27-a-les-9.44.00.jpg\" class=\"attachment-post-thumbnail size-post-thumbnail wp-post-image\" alt=\"\" style=\"object-fit:cover;\" srcset=\"https:\/\/fundaciohospitalariesmartorell.org\/entre-tots\/wp-content\/uploads\/2022\/07\/Captura-de-pantalla-2022-07-27-a-les-9.44.00.jpg 2350w, https:\/\/fundaciohospitalariesmartorell.org\/entre-tots\/wp-content\/uploads\/2022\/07\/Captura-de-pantalla-2022-07-27-a-les-9.44.00-300x208.jpg 300w, https:\/\/fundaciohospitalariesmartorell.org\/entre-tots\/wp-content\/uploads\/2022\/07\/Captura-de-pantalla-2022-07-27-a-les-9.44.00-1024x709.jpg 1024w, https:\/\/fundaciohospitalariesmartorell.org\/entre-tots\/wp-content\/uploads\/2022\/07\/Captura-de-pantalla-2022-07-27-a-les-9.44.00-768x531.jpg 768w, https:\/\/fundaciohospitalariesmartorell.org\/entre-tots\/wp-content\/uploads\/2022\/07\/Captura-de-pantalla-2022-07-27-a-les-9.44.00-1536x1063.jpg 1536w, https:\/\/fundaciohospitalariesmartorell.org\/entre-tots\/wp-content\/uploads\/2022\/07\/Captura-de-pantalla-2022-07-27-a-les-9.44.00-2048x1417.jpg 2048w, https:\/\/fundaciohospitalariesmartorell.org\/entre-tots\/wp-content\/uploads\/2022\/07\/Captura-de-pantalla-2022-07-27-a-les-9.44.00-1320x913.jpg 1320w\" sizes=\"auto, (max-width: 2350px) 100vw, 2350px\" \/><\/figure>\n\n\n<p>El 14 de juliol es va commemorar el Dia Internacional TCAI. Des d&#8217;aqu\u00ed volem reiterar el nostre agra\u00efment per la feina que desevolupen, sempre al costat dels i de les pacients, la qual&nbsp;\u00e9s imprescindible per oferir una atenci\u00f3 de la m\u00e0xima qualitat.<\/p>\n\n\n\n<p>Podeu accedir al p\u00f2ster&nbsp;<a href=\"https:\/\/hospitalsagratcormartorell.org\/entre-tots\/wp-content\/uploads\/2022\/07\/dia-internacional-tcai-2.pdf\" target=\"_blank\" rel=\"noreferrer noopener\">aqu\u00ed<\/a>.<\/p>\n","protected":false},"excerpt":{"rendered":"<p>El 14 de juliol es va commemorar el Dia Internacional TCAI. Des d&#8217;aqu\u00ed volem reiterar el nostre agra\u00efment per la feina que desevolupen, sempre al costat dels i de les pacients, la qual&nbsp;\u00e9s imprescindible per oferir una atenci\u00f3 de la m\u00e0xima qualitat. Podeu accedir al p\u00f2ster&nbsp;aqu\u00ed.<\/p>\n","protected":false},"author":2,"featured_media":4451,"comment_status":"closed","ping_status":"closed","sticky":false,"template":"","format":"standard","meta":{"footnotes":""},"categories":[27],"tags":[],"class_list":["post-4346","post","type-post","status-publish","format-standard","has-post-thumbnail","hentry","category-actualitat"],"blocksy_meta":{"styles_descriptor":{"styles":{"desktop":"","tablet":"","mobile":""},"google_fonts":[],"version":6}},"featured_image_urls_v2":{"full":["https:\/\/fundaciohospitalariesmartorell.org\/entre-tots\/wp-content\/uploads\/2022\/07\/Captura-de-pantalla-2022-07-27-a-les-9.44.00.jpg",2350,1626,false],"thumbnail":["https:\/\/fundaciohospitalariesmartorell.org\/entre-tots\/wp-content\/uploads\/2022\/07\/Captura-de-pantalla-2022-07-27-a-les-9.44.00-150x150.jpg",150,150,true],"medium":["https:\/\/fundaciohospitalariesmartorell.org\/entre-tots\/wp-content\/uploads\/2022\/07\/Captura-de-pantalla-2022-07-27-a-les-9.44.00-300x208.jpg",300,208,true],"medium_large":["https:\/\/fundaciohospitalariesmartorell.org\/entre-tots\/wp-content\/uploads\/2022\/07\/Captura-de-pantalla-2022-07-27-a-les-9.44.00-768x531.jpg",768,531,true],"large":["https:\/\/fundaciohospitalariesmartorell.org\/entre-tots\/wp-content\/uploads\/2022\/07\/Captura-de-pantalla-2022-07-27-a-les-9.44.00-1024x709.jpg",1024,709,true],"1536x1536":["https:\/\/fundaciohospitalariesmartorell.org\/entre-tots\/wp-content\/uploads\/2022\/07\/Captura-de-pantalla-2022-07-27-a-les-9.44.00-1536x1063.jpg",1536,1063,true],"2048x2048":["https:\/\/fundaciohospitalariesmartorell.org\/entre-tots\/wp-content\/uploads\/2022\/07\/Captura-de-pantalla-2022-07-27-a-les-9.44.00-2048x1417.jpg",2048,1417,true],"mailpoet_newsletter_max":["https:\/\/fundaciohospitalariesmartorell.org\/entre-tots\/wp-content\/uploads\/2022\/07\/Captura-de-pantalla-2022-07-27-a-les-9.44.00-1320x913.jpg",1320,913,true]},"post_excerpt_stackable_v2":"<p>El 14 de juliol es va commemorar el Dia Internacional TCAI. Des d&#8217;aqu\u00ed volem reiterar el nostre agra\u00efment per la feina que desevolupen, sempre al costat dels i de les pacients, la qual&nbsp;\u00e9s imprescindible per oferir una atenci\u00f3 de la m\u00e0xima qualitat. Podeu accedir al p\u00f2ster&nbsp;aqu\u00ed.<\/p>\n","category_list_v2":"<a href=\"https:\/\/fundaciohospitalariesmartorell.org\/entre-tots\/category\/actualitat\/\" rel=\"category tag\">ACTUALITAT<\/a>","author_info_v2":{"name":"Sagrat Cor","url":"https:\/\/fundaciohospitalariesmartorell.org\/entre-tots\/author\/daniel\/"},"comments_num_v2":"0 comments","_links":{"self":[{"href":"https:\/\/fundaciohospitalariesmartorell.org\/entre-tots\/wp-json\/wp\/v2\/posts\/4346","targetHints":{"allow":["GET"]}}],"collection":[{"href":"https:\/\/fundaciohospitalariesmartorell.org\/entre-tots\/wp-json\/wp\/v2\/posts"}],"about":[{"href":"https:\/\/fundaciohospitalariesmartorell.org\/entre-tots\/wp-json\/wp\/v2\/types\/post"}],"author":[{"embeddable":true,"href":"https:\/\/fundaciohospitalariesmartorell.org\/entre-tots\/wp-json\/wp\/v2\/users\/2"}],"replies":[{"embeddable":true,"href":"https:\/\/fundaciohospitalariesmartorell.org\/entre-tots\/wp-json\/wp\/v2\/comments?post=4346"}],"version-history":[{"count":2,"href":"https:\/\/fundaciohospitalariesmartorell.org\/entre-tots\/wp-json\/wp\/v2\/posts\/4346\/revisions"}],"predecessor-version":[{"id":4452,"href":"https:\/\/fundaciohospitalariesmartorell.org\/entre-tots\/wp-json\/wp\/v2\/posts\/4346\/revisions\/4452"}],"wp:featuredmedia":[{"embeddable":true,"href":"https:\/\/fundaciohospitalariesmartorell.org\/entre-tots\/wp-json\/wp\/v2\/media\/4451"}],"wp:attachment":[{"href":"https:\/\/fundaciohospitalariesmartorell.org\/entre-tots\/wp-json\/wp\/v2\/media?parent=4346"}],"wp:term":[{"taxonomy":"category","embeddable":true,"href":"https:\/\/fundaciohospitalariesmartorell.org\/entre-tots\/wp-json\/wp\/v2\/categories?post=4346"},{"taxonomy":"post_tag","embeddable":true,"href":"https:\/\/fundaciohospitalariesmartorell.org\/entre-tots\/wp-json\/wp\/v2\/tags?post=4346"}],"curies":[{"name":"wp","href":"https:\/\/api.w.org\/{rel}","templated":true}]}}