{"id":4350,"date":"2022-07-26T11:27:27","date_gmt":"2022-07-26T09:27:27","guid":{"rendered":"https:\/\/newweb.hospitalsagratcormartorell.org\/entre-tots\/?p=4350"},"modified":"2022-07-26T15:46:49","modified_gmt":"2022-07-26T13:46:49","slug":"els-mitjans-recullen-la-participacio-de-lhospital-sagrat-cor-a-un-estudi-de-fidmag","status":"publish","type":"post","link":"https:\/\/fundaciohospitalariesmartorell.org\/entre-tots\/2022\/07\/els-mitjans-recullen-la-participacio-de-lhospital-sagrat-cor-a-un-estudi-de-fidmag\/","title":{"rendered":"Els mitjans recullen la participaci\u00f3 de l\u2019Hospital Sagrat Cor a un estudi de FIDMAG"},"content":{"rendered":"<figure class=\"wp-block-post-featured-image\"><img loading=\"lazy\" decoding=\"async\" width=\"2762\" height=\"1970\" src=\"https:\/\/fundaciohospitalariesmartorell.org\/entre-tots\/wp-content\/uploads\/2022\/07\/area_diferencias.png\" class=\"attachment-post-thumbnail size-post-thumbnail wp-post-image\" alt=\"\" style=\"object-fit:cover;\" srcset=\"https:\/\/fundaciohospitalariesmartorell.org\/entre-tots\/wp-content\/uploads\/2022\/07\/area_diferencias.png 2762w, https:\/\/fundaciohospitalariesmartorell.org\/entre-tots\/wp-content\/uploads\/2022\/07\/area_diferencias-300x214.png 300w, https:\/\/fundaciohospitalariesmartorell.org\/entre-tots\/wp-content\/uploads\/2022\/07\/area_diferencias-1024x730.png 1024w, https:\/\/fundaciohospitalariesmartorell.org\/entre-tots\/wp-content\/uploads\/2022\/07\/area_diferencias-768x548.png 768w, https:\/\/fundaciohospitalariesmartorell.org\/entre-tots\/wp-content\/uploads\/2022\/07\/area_diferencias-1536x1096.png 1536w, https:\/\/fundaciohospitalariesmartorell.org\/entre-tots\/wp-content\/uploads\/2022\/07\/area_diferencias-2048x1461.png 2048w, https:\/\/fundaciohospitalariesmartorell.org\/entre-tots\/wp-content\/uploads\/2022\/07\/area_diferencias-1320x941.png 1320w\" sizes=\"auto, (max-width: 2762px) 100vw, 2762px\" \/><\/figure>\n\n\n<p>Diversos mitjans de comunicaci\u00f3 recullen la participaci\u00f3 de professionals i pacients del nostre Hospital en un estudi de FIDMAG sobre deliris de persecuci\u00f3 de pacients amb esquizofr\u00e8nia, el qual es va donar a con\u00e8ixer a principis de juliol. Podeu consultar algunes de les not\u00edcies publicades als&nbsp;seg\u00fcents enlla\u00e7os:<\/p>\n\n\n\n<ul class=\"wp-block-list\"><li><a href=\"https:\/\/www.ccma.cat\/324\/troben-una-explicacio-als-deliris-de-persecucio-de-persones-amb-esquizofrenia\/noticia\/3173937\/\" target=\"_blank\" rel=\"noreferrer noopener\">3\/24<\/a><\/li><li><a href=\"https:\/\/www.cope.es\/actualidad\/sociedad\/noticias\/identifican-una-region-cerebral-implicada-los-delirios-persecucion-20220706_2182392\" target=\"_blank\" rel=\"noreferrer noopener\">Cadena Cope<\/a><\/li><li><a href=\"https:\/\/www.regio7.cat\/salut\/2022\/07\/06\/identifiquen-regio-cervell-implicada-els-68037896.html\" target=\"_blank\" rel=\"noreferrer noopener\">Regi\u00f37<\/a><\/li><li><a href=\"https:\/\/www.immedicohospitalario.es\/noticia\/32861\/senalan-una-region-cerebral-implicada-en-los-delirios-de-persecucio.html\" target=\"_blank\" rel=\"noreferrer noopener\">IM M\u00e9dico Hospitalario<\/a><\/li><li><a href=\"https:\/\/monplaneta.cat\/medicina\/relacionen-regio-cerebral-deliris-persecutoris-esquizofrenia-52150\/\" target=\"_blank\" rel=\"noreferrer noopener\">M\u00f3n Planeta<\/a><\/li><li><a href=\"https:\/\/www.larepublica.cat\/minut-a-minut\/identifiquen-una-regio-del-cervell-implicada-en-els-deliris-de-persecucio-en-pacients-amb-esquizofrenia\/\" target=\"_blank\" rel=\"noreferrer noopener\">La Rep\u00fablica<\/a><\/li><\/ul>\n\n\n\n<figure class=\"wp-block-image\"><img loading=\"lazy\" decoding=\"async\" width=\"2020\" height=\"1127\" src=\"https:\/\/hospitalsagratcormartorell.org\/entre-tots\/wp-content\/uploads\/2022\/07\/esquizofre\u0300nia.jpg\" alt=\"\" class=\"wp-image-4353\" srcset=\"https:\/\/fundaciohospitalariesmartorell.org\/entre-tots\/wp-content\/uploads\/2022\/07\/esquizofre\u0300nia.jpg 2020w, https:\/\/fundaciohospitalariesmartorell.org\/entre-tots\/wp-content\/uploads\/2022\/07\/esquizofre\u0300nia-300x167.jpg 300w, https:\/\/fundaciohospitalariesmartorell.org\/entre-tots\/wp-content\/uploads\/2022\/07\/esquizofre\u0300nia-1024x571.jpg 1024w, https:\/\/fundaciohospitalariesmartorell.org\/entre-tots\/wp-content\/uploads\/2022\/07\/esquizofre\u0300nia-768x428.jpg 768w, https:\/\/fundaciohospitalariesmartorell.org\/entre-tots\/wp-content\/uploads\/2022\/07\/esquizofre\u0300nia-1536x857.jpg 1536w, https:\/\/fundaciohospitalariesmartorell.org\/entre-tots\/wp-content\/uploads\/2022\/07\/esquizofre\u0300nia-1320x736.jpg 1320w\" sizes=\"auto, (max-width: 2020px) 100vw, 2020px\" \/><\/figure>\n\n\n\n<figure class=\"wp-block-image\"><img loading=\"lazy\" decoding=\"async\" width=\"685\" height=\"684\" src=\"https:\/\/hospitalsagratcormartorell.org\/entre-tots\/wp-content\/uploads\/2022\/07\/Captura-de-pantalla-2022-07-23-a-las-22.57.11.png\" alt=\"\" class=\"wp-image-4352\" srcset=\"https:\/\/fundaciohospitalariesmartorell.org\/entre-tots\/wp-content\/uploads\/2022\/07\/Captura-de-pantalla-2022-07-23-a-las-22.57.11.png 685w, https:\/\/fundaciohospitalariesmartorell.org\/entre-tots\/wp-content\/uploads\/2022\/07\/Captura-de-pantalla-2022-07-23-a-las-22.57.11-300x300.png 300w, https:\/\/fundaciohospitalariesmartorell.org\/entre-tots\/wp-content\/uploads\/2022\/07\/Captura-de-pantalla-2022-07-23-a-las-22.57.11-150x150.png 150w\" sizes=\"auto, (max-width: 685px) 100vw, 685px\" \/><\/figure>\n","protected":false},"excerpt":{"rendered":"<p>Diversos mitjans de comunicaci\u00f3 recullen la participaci\u00f3 de professionals i pacients del nostre Hospital en un estudi de FIDMAG sobre deliris de persecuci\u00f3 de pacients amb esquizofr\u00e8nia, el qual es va donar a con\u00e8ixer a principis de juliol. Podeu consultar algunes de les not\u00edcies publicades als&nbsp;seg\u00fcents enlla\u00e7os: 3\/24 Cadena Cope Regi\u00f37 IM M\u00e9dico Hospitalario M\u00f3n [&hellip;]<\/p>\n","protected":false},"author":2,"featured_media":4351,"comment_status":"closed","ping_status":"closed","sticky":false,"template":"","format":"standard","meta":{"footnotes":""},"categories":[27],"tags":[],"class_list":["post-4350","post","type-post","status-publish","format-standard","has-post-thumbnail","hentry","category-actualitat"],"blocksy_meta":{"styles_descriptor":{"styles":{"desktop":"","tablet":"","mobile":""},"google_fonts":[],"version":6}},"featured_image_urls_v2":{"full":["https:\/\/fundaciohospitalariesmartorell.org\/entre-tots\/wp-content\/uploads\/2022\/07\/area_diferencias.png",2762,1970,false],"thumbnail":["https:\/\/fundaciohospitalariesmartorell.org\/entre-tots\/wp-content\/uploads\/2022\/07\/area_diferencias-150x150.png",150,150,true],"medium":["https:\/\/fundaciohospitalariesmartorell.org\/entre-tots\/wp-content\/uploads\/2022\/07\/area_diferencias-300x214.png",300,214,true],"medium_large":["https:\/\/fundaciohospitalariesmartorell.org\/entre-tots\/wp-content\/uploads\/2022\/07\/area_diferencias-768x548.png",768,548,true],"large":["https:\/\/fundaciohospitalariesmartorell.org\/entre-tots\/wp-content\/uploads\/2022\/07\/area_diferencias-1024x730.png",1024,730,true],"1536x1536":["https:\/\/fundaciohospitalariesmartorell.org\/entre-tots\/wp-content\/uploads\/2022\/07\/area_diferencias-1536x1096.png",1536,1096,true],"2048x2048":["https:\/\/fundaciohospitalariesmartorell.org\/entre-tots\/wp-content\/uploads\/2022\/07\/area_diferencias-2048x1461.png",2048,1461,true],"mailpoet_newsletter_max":["https:\/\/fundaciohospitalariesmartorell.org\/entre-tots\/wp-content\/uploads\/2022\/07\/area_diferencias-1320x941.png",1320,941,true]},"post_excerpt_stackable_v2":"<p>Diversos mitjans de comunicaci\u00f3 recullen la participaci\u00f3 de professionals i pacients del nostre Hospital en un estudi de FIDMAG sobre deliris de persecuci\u00f3 de pacients amb esquizofr\u00e8nia, el qual es va donar a con\u00e8ixer a principis de juliol. Podeu consultar algunes de les not\u00edcies publicades als&nbsp;seg\u00fcents enlla\u00e7os: 3\/24Cadena CopeRegi\u00f37IM M\u00e9dico HospitalarioM\u00f3n PlanetaLa Rep\u00fablica<\/p>\n","category_list_v2":"<a href=\"https:\/\/fundaciohospitalariesmartorell.org\/entre-tots\/category\/actualitat\/\" rel=\"category tag\">ACTUALITAT<\/a>","author_info_v2":{"name":"Sagrat Cor","url":"https:\/\/fundaciohospitalariesmartorell.org\/entre-tots\/author\/daniel\/"},"comments_num_v2":"0 comments","_links":{"self":[{"href":"https:\/\/fundaciohospitalariesmartorell.org\/entre-tots\/wp-json\/wp\/v2\/posts\/4350","targetHints":{"allow":["GET"]}}],"collection":[{"href":"https:\/\/fundaciohospitalariesmartorell.org\/entre-tots\/wp-json\/wp\/v2\/posts"}],"about":[{"href":"https:\/\/fundaciohospitalariesmartorell.org\/entre-tots\/wp-json\/wp\/v2\/types\/post"}],"author":[{"embeddable":true,"href":"https:\/\/fundaciohospitalariesmartorell.org\/entre-tots\/wp-json\/wp\/v2\/users\/2"}],"replies":[{"embeddable":true,"href":"https:\/\/fundaciohospitalariesmartorell.org\/entre-tots\/wp-json\/wp\/v2\/comments?post=4350"}],"version-history":[{"count":2,"href":"https:\/\/fundaciohospitalariesmartorell.org\/entre-tots\/wp-json\/wp\/v2\/posts\/4350\/revisions"}],"predecessor-version":[{"id":4355,"href":"https:\/\/fundaciohospitalariesmartorell.org\/entre-tots\/wp-json\/wp\/v2\/posts\/4350\/revisions\/4355"}],"wp:featuredmedia":[{"embeddable":true,"href":"https:\/\/fundaciohospitalariesmartorell.org\/entre-tots\/wp-json\/wp\/v2\/media\/4351"}],"wp:attachment":[{"href":"https:\/\/fundaciohospitalariesmartorell.org\/entre-tots\/wp-json\/wp\/v2\/media?parent=4350"}],"wp:term":[{"taxonomy":"category","embeddable":true,"href":"https:\/\/fundaciohospitalariesmartorell.org\/entre-tots\/wp-json\/wp\/v2\/categories?post=4350"},{"taxonomy":"post_tag","embeddable":true,"href":"https:\/\/fundaciohospitalariesmartorell.org\/entre-tots\/wp-json\/wp\/v2\/tags?post=4350"}],"curies":[{"name":"wp","href":"https:\/\/api.w.org\/{rel}","templated":true}]}}