{"id":4356,"date":"2022-07-26T11:46:53","date_gmt":"2022-07-26T09:46:53","guid":{"rendered":"https:\/\/newweb.hospitalsagratcormartorell.org\/entre-tots\/?p=4356"},"modified":"2022-07-26T15:46:44","modified_gmt":"2022-07-26T13:46:44","slug":"polseres-solidaries-amb-el-camerun","status":"publish","type":"post","link":"https:\/\/fundaciohospitalariesmartorell.org\/entre-tots\/2022\/07\/polseres-solidaries-amb-el-camerun\/","title":{"rendered":"Polseres solid\u00e0ries amb el Camerun"},"content":{"rendered":"<figure class=\"wp-block-post-featured-image\"><img loading=\"lazy\" decoding=\"async\" width=\"1911\" height=\"2560\" src=\"https:\/\/fundaciohospitalariesmartorell.org\/entre-tots\/wp-content\/uploads\/2022\/07\/Captura-de-pantalla-2022-07-26-a-les-11.39.56-scaled.jpg\" class=\"attachment-post-thumbnail size-post-thumbnail wp-post-image\" alt=\"\" style=\"object-fit:cover;\" srcset=\"https:\/\/fundaciohospitalariesmartorell.org\/entre-tots\/wp-content\/uploads\/2022\/07\/Captura-de-pantalla-2022-07-26-a-les-11.39.56-scaled.jpg 1911w, https:\/\/fundaciohospitalariesmartorell.org\/entre-tots\/wp-content\/uploads\/2022\/07\/Captura-de-pantalla-2022-07-26-a-les-11.39.56-224x300.jpg 224w, https:\/\/fundaciohospitalariesmartorell.org\/entre-tots\/wp-content\/uploads\/2022\/07\/Captura-de-pantalla-2022-07-26-a-les-11.39.56-764x1024.jpg 764w, https:\/\/fundaciohospitalariesmartorell.org\/entre-tots\/wp-content\/uploads\/2022\/07\/Captura-de-pantalla-2022-07-26-a-les-11.39.56-768x1029.jpg 768w, https:\/\/fundaciohospitalariesmartorell.org\/entre-tots\/wp-content\/uploads\/2022\/07\/Captura-de-pantalla-2022-07-26-a-les-11.39.56-1146x1536.jpg 1146w, https:\/\/fundaciohospitalariesmartorell.org\/entre-tots\/wp-content\/uploads\/2022\/07\/Captura-de-pantalla-2022-07-26-a-les-11.39.56-1528x2048.jpg 1528w, https:\/\/fundaciohospitalariesmartorell.org\/entre-tots\/wp-content\/uploads\/2022\/07\/Captura-de-pantalla-2022-07-26-a-les-11.39.56-1320x1769.jpg 1320w\" sizes=\"auto, (max-width: 1911px) 100vw, 1911px\" \/><\/figure>\n\n\n<p>A principis de juliol vam posar a la venda polseres a fi de recaptar fons per al projecte solidari d\u2019aquest 2022, una iniciativa de la Fundaci\u00f3 Benito Menni adre\u00e7ada a ajudar persones amb malaltia mental sense sostre a Yaound\u00e9&nbsp;(Camerun).<\/p>\n\n\n\n<p>Amb el nom de &#8220;Integraci\u00f3 sociofamiliar i rehabilitaci\u00f3 de persones amb malaltia mental sense sostre a Yaound\u00e9, Camerun&#8221;, el projecte t\u00e9 l&#8217;objectiu de reintegrar en el seu ambient familiar i comunitari les persones amb malaltia mental sense llar, sobretot dones i joves.<\/p>\n\n\n\n<p>Aquestes polseres, elaborades per persones usu\u00e0ries del Complejo Asistencial de M\u00e1laga de Germanes Hospital\u00e0ries, es poden comprar a la centraleta de l\u2019Hospital per nom\u00e9s 6 euros. Adquireix-la i llueix la teva solidaritat!<\/p>\n\n\n\n<figure class=\"wp-block-image size-full\"><img loading=\"lazy\" decoding=\"async\" width=\"650\" height=\"515\" src=\"https:\/\/hospitalsagratcormartorell.org\/entre-tots\/wp-content\/uploads\/2022\/07\/696_cat_ESCALA_650_515.jpeg\" alt=\"\" class=\"wp-image-4357\" srcset=\"https:\/\/fundaciohospitalariesmartorell.org\/entre-tots\/wp-content\/uploads\/2022\/07\/696_cat_ESCALA_650_515.jpeg 650w, https:\/\/fundaciohospitalariesmartorell.org\/entre-tots\/wp-content\/uploads\/2022\/07\/696_cat_ESCALA_650_515-300x238.jpeg 300w\" sizes=\"auto, (max-width: 650px) 100vw, 650px\" \/><\/figure>\n\n\n\n<p><\/p>\n","protected":false},"excerpt":{"rendered":"<p>A principis de juliol vam posar a la venda polseres a fi de recaptar fons per al projecte solidari d\u2019aquest 2022, una iniciativa de la Fundaci\u00f3 Benito Menni adre\u00e7ada a ajudar persones amb malaltia mental sense sostre a Yaound\u00e9&nbsp;(Camerun). Amb el nom de &#8220;Integraci\u00f3 sociofamiliar i rehabilitaci\u00f3 de persones amb malaltia mental sense sostre a [&hellip;]<\/p>\n","protected":false},"author":2,"featured_media":4359,"comment_status":"closed","ping_status":"closed","sticky":false,"template":"","format":"standard","meta":{"footnotes":""},"categories":[27],"tags":[],"class_list":["post-4356","post","type-post","status-publish","format-standard","has-post-thumbnail","hentry","category-actualitat"],"blocksy_meta":{"styles_descriptor":{"styles":{"desktop":"","tablet":"","mobile":""},"google_fonts":[],"version":6}},"featured_image_urls_v2":{"full":["https:\/\/fundaciohospitalariesmartorell.org\/entre-tots\/wp-content\/uploads\/2022\/07\/Captura-de-pantalla-2022-07-26-a-les-11.39.56-scaled.jpg",1911,2560,false],"thumbnail":["https:\/\/fundaciohospitalariesmartorell.org\/entre-tots\/wp-content\/uploads\/2022\/07\/Captura-de-pantalla-2022-07-26-a-les-11.39.56-150x150.jpg",150,150,true],"medium":["https:\/\/fundaciohospitalariesmartorell.org\/entre-tots\/wp-content\/uploads\/2022\/07\/Captura-de-pantalla-2022-07-26-a-les-11.39.56-224x300.jpg",224,300,true],"medium_large":["https:\/\/fundaciohospitalariesmartorell.org\/entre-tots\/wp-content\/uploads\/2022\/07\/Captura-de-pantalla-2022-07-26-a-les-11.39.56-768x1029.jpg",768,1029,true],"large":["https:\/\/fundaciohospitalariesmartorell.org\/entre-tots\/wp-content\/uploads\/2022\/07\/Captura-de-pantalla-2022-07-26-a-les-11.39.56-764x1024.jpg",764,1024,true],"1536x1536":["https:\/\/fundaciohospitalariesmartorell.org\/entre-tots\/wp-content\/uploads\/2022\/07\/Captura-de-pantalla-2022-07-26-a-les-11.39.56-1146x1536.jpg",1146,1536,true],"2048x2048":["https:\/\/fundaciohospitalariesmartorell.org\/entre-tots\/wp-content\/uploads\/2022\/07\/Captura-de-pantalla-2022-07-26-a-les-11.39.56-1528x2048.jpg",1528,2048,true],"mailpoet_newsletter_max":["https:\/\/fundaciohospitalariesmartorell.org\/entre-tots\/wp-content\/uploads\/2022\/07\/Captura-de-pantalla-2022-07-26-a-les-11.39.56-1320x1769.jpg",1320,1769,true]},"post_excerpt_stackable_v2":"<p>A principis de juliol vam posar a la venda polseres a fi de recaptar fons per al projecte solidari d\u2019aquest 2022, una iniciativa de la Fundaci\u00f3 Benito Menni adre\u00e7ada a ajudar persones amb malaltia mental sense sostre a Yaound\u00e9&nbsp;(Camerun). Amb el nom de &#8220;Integraci\u00f3 sociofamiliar i rehabilitaci\u00f3 de persones amb malaltia mental sense sostre a Yaound\u00e9, Camerun&#8221;, el projecte t\u00e9 l&#8217;objectiu de reintegrar en el seu ambient familiar i comunitari les persones amb malaltia mental sense llar, sobretot dones i joves. Aquestes polseres, elaborades per persones usu\u00e0ries del Complejo Asistencial de M\u00e1laga de Germanes Hospital\u00e0ries, es poden comprar a la&hellip;<\/p>\n","category_list_v2":"<a href=\"https:\/\/fundaciohospitalariesmartorell.org\/entre-tots\/category\/actualitat\/\" rel=\"category tag\">ACTUALITAT<\/a>","author_info_v2":{"name":"Sagrat Cor","url":"https:\/\/fundaciohospitalariesmartorell.org\/entre-tots\/author\/daniel\/"},"comments_num_v2":"0 comments","_links":{"self":[{"href":"https:\/\/fundaciohospitalariesmartorell.org\/entre-tots\/wp-json\/wp\/v2\/posts\/4356","targetHints":{"allow":["GET"]}}],"collection":[{"href":"https:\/\/fundaciohospitalariesmartorell.org\/entre-tots\/wp-json\/wp\/v2\/posts"}],"about":[{"href":"https:\/\/fundaciohospitalariesmartorell.org\/entre-tots\/wp-json\/wp\/v2\/types\/post"}],"author":[{"embeddable":true,"href":"https:\/\/fundaciohospitalariesmartorell.org\/entre-tots\/wp-json\/wp\/v2\/users\/2"}],"replies":[{"embeddable":true,"href":"https:\/\/fundaciohospitalariesmartorell.org\/entre-tots\/wp-json\/wp\/v2\/comments?post=4356"}],"version-history":[{"count":1,"href":"https:\/\/fundaciohospitalariesmartorell.org\/entre-tots\/wp-json\/wp\/v2\/posts\/4356\/revisions"}],"predecessor-version":[{"id":4360,"href":"https:\/\/fundaciohospitalariesmartorell.org\/entre-tots\/wp-json\/wp\/v2\/posts\/4356\/revisions\/4360"}],"wp:featuredmedia":[{"embeddable":true,"href":"https:\/\/fundaciohospitalariesmartorell.org\/entre-tots\/wp-json\/wp\/v2\/media\/4359"}],"wp:attachment":[{"href":"https:\/\/fundaciohospitalariesmartorell.org\/entre-tots\/wp-json\/wp\/v2\/media?parent=4356"}],"wp:term":[{"taxonomy":"category","embeddable":true,"href":"https:\/\/fundaciohospitalariesmartorell.org\/entre-tots\/wp-json\/wp\/v2\/categories?post=4356"},{"taxonomy":"post_tag","embeddable":true,"href":"https:\/\/fundaciohospitalariesmartorell.org\/entre-tots\/wp-json\/wp\/v2\/tags?post=4356"}],"curies":[{"name":"wp","href":"https:\/\/api.w.org\/{rel}","templated":true}]}}