{"id":4361,"date":"2022-07-26T11:49:57","date_gmt":"2022-07-26T09:49:57","guid":{"rendered":"https:\/\/newweb.hospitalsagratcormartorell.org\/entre-tots\/?p=4361"},"modified":"2022-07-27T09:54:58","modified_gmt":"2022-07-27T07:54:58","slug":"resultats-del-questionari-per-al-disseny-dactivitats-del-cuidat-x-cuidar","status":"publish","type":"post","link":"https:\/\/fundaciohospitalariesmartorell.org\/entre-tots\/2022\/07\/resultats-del-questionari-per-al-disseny-dactivitats-del-cuidat-x-cuidar\/","title":{"rendered":"Resultats del q\u00fcestionari per al disseny d\u2019activitats del \u2018Cuida\u2019t x Cuidar\u2019"},"content":{"rendered":"<figure class=\"wp-block-post-featured-image\"><img loading=\"lazy\" decoding=\"async\" width=\"895\" height=\"802\" src=\"https:\/\/fundaciohospitalariesmartorell.org\/entre-tots\/wp-content\/uploads\/2022\/07\/cuidat-x-cuidar.png\" class=\"attachment-post-thumbnail size-post-thumbnail wp-post-image\" alt=\"\" style=\"object-fit:cover;\" srcset=\"https:\/\/fundaciohospitalariesmartorell.org\/entre-tots\/wp-content\/uploads\/2022\/07\/cuidat-x-cuidar.png 895w, https:\/\/fundaciohospitalariesmartorell.org\/entre-tots\/wp-content\/uploads\/2022\/07\/cuidat-x-cuidar-300x269.png 300w, https:\/\/fundaciohospitalariesmartorell.org\/entre-tots\/wp-content\/uploads\/2022\/07\/cuidat-x-cuidar-768x688.png 768w\" sizes=\"auto, (max-width: 895px) 100vw, 895px\" \/><\/figure>\n\n\n<p>En el marc del projecte d\u2019empresa Saludable de l\u2019Hospital Sagrat Cor \u2018Cuida\u2019t x Cuidar\u2019, a finals de maig es va enviar al personal col\u00b7laborador un q\u00fcestionari amb relaci\u00f3 a les diferents dimensions del programa, a fi de preparar la programaci\u00f3 d\u2019activitats d\u2019acord amb les necessitats i motivacions de les persones que treballen al Centre.<\/p>\n\n\n\n<p>El 21 de juliol va tenir lloc una reuni\u00f3 de la comissi\u00f3 encarregada d\u2019aquest projecte durant la qual es van presentar els resultats del q\u00fcestionari i es van detectar necessitats en funci\u00f3 dels 5 eixos del programa: Espai BENestar, ACTIVA\u2019T, TU SUMES, FES SALUT i SOM EL QUE MENGEM.<\/p>\n\n\n\n<figure class=\"wp-block-image size-full\"><img loading=\"lazy\" decoding=\"async\" width=\"677\" height=\"620\" src=\"https:\/\/hospitalsagratcormartorell.org\/entre-tots\/wp-content\/uploads\/2022\/07\/eixos-cuidat-x-cuidar.png\" alt=\"\" class=\"wp-image-4363\" srcset=\"https:\/\/fundaciohospitalariesmartorell.org\/entre-tots\/wp-content\/uploads\/2022\/07\/eixos-cuidat-x-cuidar.png 677w, https:\/\/fundaciohospitalariesmartorell.org\/entre-tots\/wp-content\/uploads\/2022\/07\/eixos-cuidat-x-cuidar-300x275.png 300w\" sizes=\"auto, (max-width: 677px) 100vw, 677px\" \/><\/figure>\n\n\n\n<p>Aix\u00ed, per exemple, pel que fa a FES&nbsp;SALUT, un 17,1 % de les persones enquestades t\u00e9 sempre o sovint dificultats per a dormir i un 35,4 % dorm menys de 5 o 6 hores. Tamb\u00e9 es va extreure que el 25,6 % fuma. Per tant, es detecten necessitats en higiene del somni i tabaquisme. En l\u2019Espai BENestar es van veure necessitats en pauses actives i t\u00e8cniques de relaxaci\u00f3, i de gesti\u00f3 de l&#8217;estr\u00e8s, de l&#8217;ansietat i de les emocions. Pel que fa a l\u2019ACTIVA\u2019T van sorgir necessitats d&#8217;activitat f\u00edsica di\u00e0ria (ex.: passes), de potenciaci\u00f3 de l&#8217;esport. Sobre l\u2019eix SOM EL QUE MENGEM es van detectar necessitats de consci\u00e8ncia sobre la import\u00e0ncia de la hidrataci\u00f3, de potenciar el consum de fruita o verdura, reducci\u00f3 del consum de carn, a m\u00e9s de la reducci\u00f3 de dol\u00e7os i pastissos.<\/p>\n\n\n\n<p>Tamb\u00e9 es van presentar les propostes d\u2019activitats de les persones enquestades i a partir d\u2019aquelles m\u00e9s demandades es va fer una planificaci\u00f3 d\u2019accions saludables que donin resposta a les necessitats detectades. Per exemple, una de les activitats m\u00e9s demandades de la dimensi\u00f3 TU SUMES va ser l\u2019apoderament de les dones\/igualtat de g\u00e8nere, per la qual cosa es va proposar realitzar una formaci\u00f3 en mat\u00e8ria d\u2019igualtat.<\/p>\n","protected":false},"excerpt":{"rendered":"<p>En el marc del projecte d\u2019empresa Saludable de l\u2019Hospital Sagrat Cor \u2018Cuida\u2019t x Cuidar\u2019, a finals de maig es va enviar al personal col\u00b7laborador un q\u00fcestionari amb relaci\u00f3 a les diferents dimensions del programa, a fi de preparar la programaci\u00f3 d\u2019activitats d\u2019acord amb les necessitats i motivacions de les persones que treballen al Centre. El [&hellip;]<\/p>\n","protected":false},"author":2,"featured_media":4362,"comment_status":"closed","ping_status":"closed","sticky":false,"template":"","format":"standard","meta":{"footnotes":""},"categories":[27],"tags":[],"class_list":["post-4361","post","type-post","status-publish","format-standard","has-post-thumbnail","hentry","category-actualitat"],"blocksy_meta":{"styles_descriptor":{"styles":{"desktop":"","tablet":"","mobile":""},"google_fonts":[],"version":6}},"featured_image_urls_v2":{"full":["https:\/\/fundaciohospitalariesmartorell.org\/entre-tots\/wp-content\/uploads\/2022\/07\/cuidat-x-cuidar.png",895,802,false],"thumbnail":["https:\/\/fundaciohospitalariesmartorell.org\/entre-tots\/wp-content\/uploads\/2022\/07\/cuidat-x-cuidar-150x150.png",150,150,true],"medium":["https:\/\/fundaciohospitalariesmartorell.org\/entre-tots\/wp-content\/uploads\/2022\/07\/cuidat-x-cuidar-300x269.png",300,269,true],"medium_large":["https:\/\/fundaciohospitalariesmartorell.org\/entre-tots\/wp-content\/uploads\/2022\/07\/cuidat-x-cuidar-768x688.png",768,688,true],"large":["https:\/\/fundaciohospitalariesmartorell.org\/entre-tots\/wp-content\/uploads\/2022\/07\/cuidat-x-cuidar.png",895,802,false],"1536x1536":["https:\/\/fundaciohospitalariesmartorell.org\/entre-tots\/wp-content\/uploads\/2022\/07\/cuidat-x-cuidar.png",895,802,false],"2048x2048":["https:\/\/fundaciohospitalariesmartorell.org\/entre-tots\/wp-content\/uploads\/2022\/07\/cuidat-x-cuidar.png",895,802,false],"mailpoet_newsletter_max":["https:\/\/fundaciohospitalariesmartorell.org\/entre-tots\/wp-content\/uploads\/2022\/07\/cuidat-x-cuidar.png",895,802,false]},"post_excerpt_stackable_v2":"<p>En el marc del projecte d\u2019empresa Saludable de l\u2019Hospital Sagrat Cor \u2018Cuida\u2019t x Cuidar\u2019, a finals de maig es va enviar al personal col\u00b7laborador un q\u00fcestionari amb relaci\u00f3 a les diferents dimensions del programa, a fi de preparar la programaci\u00f3 d\u2019activitats d\u2019acord amb les necessitats i motivacions de les persones que treballen al Centre. El 21 de juliol va tenir lloc una reuni\u00f3 de la comissi\u00f3 encarregada d\u2019aquest projecte durant la qual es van presentar els resultats del q\u00fcestionari i es van detectar necessitats en funci\u00f3 dels 5 eixos del programa: Espai BENestar, ACTIVA\u2019T, TU SUMES, FES SALUT i SOM&hellip;<\/p>\n","category_list_v2":"<a href=\"https:\/\/fundaciohospitalariesmartorell.org\/entre-tots\/category\/actualitat\/\" rel=\"category tag\">ACTUALITAT<\/a>","author_info_v2":{"name":"Sagrat Cor","url":"https:\/\/fundaciohospitalariesmartorell.org\/entre-tots\/author\/daniel\/"},"comments_num_v2":"0 comments","_links":{"self":[{"href":"https:\/\/fundaciohospitalariesmartorell.org\/entre-tots\/wp-json\/wp\/v2\/posts\/4361","targetHints":{"allow":["GET"]}}],"collection":[{"href":"https:\/\/fundaciohospitalariesmartorell.org\/entre-tots\/wp-json\/wp\/v2\/posts"}],"about":[{"href":"https:\/\/fundaciohospitalariesmartorell.org\/entre-tots\/wp-json\/wp\/v2\/types\/post"}],"author":[{"embeddable":true,"href":"https:\/\/fundaciohospitalariesmartorell.org\/entre-tots\/wp-json\/wp\/v2\/users\/2"}],"replies":[{"embeddable":true,"href":"https:\/\/fundaciohospitalariesmartorell.org\/entre-tots\/wp-json\/wp\/v2\/comments?post=4361"}],"version-history":[{"count":3,"href":"https:\/\/fundaciohospitalariesmartorell.org\/entre-tots\/wp-json\/wp\/v2\/posts\/4361\/revisions"}],"predecessor-version":[{"id":4459,"href":"https:\/\/fundaciohospitalariesmartorell.org\/entre-tots\/wp-json\/wp\/v2\/posts\/4361\/revisions\/4459"}],"wp:featuredmedia":[{"embeddable":true,"href":"https:\/\/fundaciohospitalariesmartorell.org\/entre-tots\/wp-json\/wp\/v2\/media\/4362"}],"wp:attachment":[{"href":"https:\/\/fundaciohospitalariesmartorell.org\/entre-tots\/wp-json\/wp\/v2\/media?parent=4361"}],"wp:term":[{"taxonomy":"category","embeddable":true,"href":"https:\/\/fundaciohospitalariesmartorell.org\/entre-tots\/wp-json\/wp\/v2\/categories?post=4361"},{"taxonomy":"post_tag","embeddable":true,"href":"https:\/\/fundaciohospitalariesmartorell.org\/entre-tots\/wp-json\/wp\/v2\/tags?post=4361"}],"curies":[{"name":"wp","href":"https:\/\/api.w.org\/{rel}","templated":true}]}}