{"id":4365,"date":"2022-07-26T11:52:39","date_gmt":"2022-07-26T09:52:39","guid":{"rendered":"https:\/\/newweb.hospitalsagratcormartorell.org\/entre-tots\/?p=4365"},"modified":"2022-07-27T09:52:45","modified_gmt":"2022-07-27T07:52:45","slug":"lhospital-sagrat-cor-participa-al-programa-datencio-telefonica-del-pla-de-prevencio-al-suicidi","status":"publish","type":"post","link":"https:\/\/fundaciohospitalariesmartorell.org\/entre-tots\/2022\/07\/lhospital-sagrat-cor-participa-al-programa-datencio-telefonica-del-pla-de-prevencio-al-suicidi\/","title":{"rendered":"L\u2019Hospital Sagrat Cor participa al Programa d&#8217;atenci\u00f3 telef\u00f2nica del pla de prevenci\u00f3 al Su\u00efcidi\u00a0"},"content":{"rendered":"<figure class=\"wp-block-post-featured-image\"><img loading=\"lazy\" decoding=\"async\" width=\"595\" height=\"841\" src=\"https:\/\/fundaciohospitalariesmartorell.org\/entre-tots\/wp-content\/uploads\/2022\/07\/Pla-de-prevencio-del-suicidi-de-Catalunya-2021-2025.jpg\" class=\"attachment-post-thumbnail size-post-thumbnail wp-post-image\" alt=\"\" style=\"object-fit:cover;\" srcset=\"https:\/\/fundaciohospitalariesmartorell.org\/entre-tots\/wp-content\/uploads\/2022\/07\/Pla-de-prevencio-del-suicidi-de-Catalunya-2021-2025.jpg 595w, https:\/\/fundaciohospitalariesmartorell.org\/entre-tots\/wp-content\/uploads\/2022\/07\/Pla-de-prevencio-del-suicidi-de-Catalunya-2021-2025-212x300.jpg 212w\" sizes=\"auto, (max-width: 595px) 100vw, 595px\" \/><\/figure>\n\n\n<p>CARLES FRANQUELO. L\u2019Hospital Sagrat Cor participa al Programa d\u2019atenci\u00f3 telef\u00f2nica del pla de prevenci\u00f3 al Su\u00efcidi 061\/Salut Respon, el qual s\u2019emmarca dins del Pla de prevenci\u00f3 de la conducta su\u00efcida a Catalunya (PLAPRESC 2021-2025). En concret, \u00e9s una de les entitats que ofereix la cobertura psiqui\u00e0trica d\u2019aquest servei.<\/p>\n\n\n\n<p>El programa d\u2019atenci\u00f3 telef\u00f2nica, que es va iniciar el 20 de juny, t\u00e9 com a objectius la detecci\u00f3 preco\u00e7 del risc su\u00efcidi, la prevenci\u00f3 universal i la prevenci\u00f3 selectiva de risc de conductes su\u00efcides, mitjan\u00e7ant la central de coordinaci\u00f3 del 061\/Salut Respon. Aix\u00ed mateix, el programa realitza les actuacions establertes als protocols d\u2019actuaci\u00f3 del CRS (codi risc de su\u00efcidi). D\u2019aquesta manera, s\u00b4ha constitu\u00eft la taula de Salut Mental del 061\/Salut Respon, integrada per professionals de psicologia, infermeria i psiquiatria. La taula de salut mental ofereix atenci\u00f3 telef\u00f2nica 7 x 24 x 365. El personal d\u2019infermeria i el de psicologia \u00e9s facilitat pel SEM, mentre que els\/les psiquiatres que formen part de la taula i realitzen aquesta atenci\u00f3 telef\u00f2nica continuada s\u00f3n aportats per diferents entitats del SISCAT, entre les quals el nostre Hospital.<\/p>\n","protected":false},"excerpt":{"rendered":"<p>CARLES FRANQUELO. L\u2019Hospital Sagrat Cor participa al Programa d\u2019atenci\u00f3 telef\u00f2nica del pla de prevenci\u00f3 al Su\u00efcidi 061\/Salut Respon, el qual s\u2019emmarca dins del Pla de prevenci\u00f3 de la conducta su\u00efcida a Catalunya (PLAPRESC 2021-2025). En concret, \u00e9s una de les entitats que ofereix la cobertura psiqui\u00e0trica d\u2019aquest servei. El programa d\u2019atenci\u00f3 telef\u00f2nica, que es va [&hellip;]<\/p>\n","protected":false},"author":2,"featured_media":4366,"comment_status":"closed","ping_status":"closed","sticky":false,"template":"","format":"standard","meta":{"footnotes":""},"categories":[27],"tags":[],"class_list":["post-4365","post","type-post","status-publish","format-standard","has-post-thumbnail","hentry","category-actualitat"],"blocksy_meta":{"styles_descriptor":{"styles":{"desktop":"","tablet":"","mobile":""},"google_fonts":[],"version":6}},"featured_image_urls_v2":{"full":["https:\/\/fundaciohospitalariesmartorell.org\/entre-tots\/wp-content\/uploads\/2022\/07\/Pla-de-prevencio-del-suicidi-de-Catalunya-2021-2025.jpg",595,841,false],"thumbnail":["https:\/\/fundaciohospitalariesmartorell.org\/entre-tots\/wp-content\/uploads\/2022\/07\/Pla-de-prevencio-del-suicidi-de-Catalunya-2021-2025-150x150.jpg",150,150,true],"medium":["https:\/\/fundaciohospitalariesmartorell.org\/entre-tots\/wp-content\/uploads\/2022\/07\/Pla-de-prevencio-del-suicidi-de-Catalunya-2021-2025-212x300.jpg",212,300,true],"medium_large":["https:\/\/fundaciohospitalariesmartorell.org\/entre-tots\/wp-content\/uploads\/2022\/07\/Pla-de-prevencio-del-suicidi-de-Catalunya-2021-2025.jpg",595,841,false],"large":["https:\/\/fundaciohospitalariesmartorell.org\/entre-tots\/wp-content\/uploads\/2022\/07\/Pla-de-prevencio-del-suicidi-de-Catalunya-2021-2025.jpg",595,841,false],"1536x1536":["https:\/\/fundaciohospitalariesmartorell.org\/entre-tots\/wp-content\/uploads\/2022\/07\/Pla-de-prevencio-del-suicidi-de-Catalunya-2021-2025.jpg",595,841,false],"2048x2048":["https:\/\/fundaciohospitalariesmartorell.org\/entre-tots\/wp-content\/uploads\/2022\/07\/Pla-de-prevencio-del-suicidi-de-Catalunya-2021-2025.jpg",595,841,false],"mailpoet_newsletter_max":["https:\/\/fundaciohospitalariesmartorell.org\/entre-tots\/wp-content\/uploads\/2022\/07\/Pla-de-prevencio-del-suicidi-de-Catalunya-2021-2025.jpg",595,841,false]},"post_excerpt_stackable_v2":"<p>CARLES FRANQUELO. L\u2019Hospital Sagrat Cor participa al Programa d\u2019atenci\u00f3 telef\u00f2nica del pla de prevenci\u00f3 al Su\u00efcidi 061\/Salut Respon, el qual s\u2019emmarca dins del Pla de prevenci\u00f3 de la conducta su\u00efcida a Catalunya (PLAPRESC 2021-2025). En concret, \u00e9s una de les entitats que ofereix la cobertura psiqui\u00e0trica d\u2019aquest servei. El programa d\u2019atenci\u00f3 telef\u00f2nica, que es va iniciar el 20 de juny, t\u00e9 com a objectius la detecci\u00f3 preco\u00e7 del risc su\u00efcidi, la prevenci\u00f3 universal i la prevenci\u00f3 selectiva de risc de conductes su\u00efcides, mitjan\u00e7ant la central de coordinaci\u00f3 del 061\/Salut Respon. Aix\u00ed mateix, el programa realitza les actuacions establertes als protocols&hellip;<\/p>\n","category_list_v2":"<a href=\"https:\/\/fundaciohospitalariesmartorell.org\/entre-tots\/category\/actualitat\/\" rel=\"category tag\">ACTUALITAT<\/a>","author_info_v2":{"name":"Sagrat Cor","url":"https:\/\/fundaciohospitalariesmartorell.org\/entre-tots\/author\/daniel\/"},"comments_num_v2":"0 comments","_links":{"self":[{"href":"https:\/\/fundaciohospitalariesmartorell.org\/entre-tots\/wp-json\/wp\/v2\/posts\/4365","targetHints":{"allow":["GET"]}}],"collection":[{"href":"https:\/\/fundaciohospitalariesmartorell.org\/entre-tots\/wp-json\/wp\/v2\/posts"}],"about":[{"href":"https:\/\/fundaciohospitalariesmartorell.org\/entre-tots\/wp-json\/wp\/v2\/types\/post"}],"author":[{"embeddable":true,"href":"https:\/\/fundaciohospitalariesmartorell.org\/entre-tots\/wp-json\/wp\/v2\/users\/2"}],"replies":[{"embeddable":true,"href":"https:\/\/fundaciohospitalariesmartorell.org\/entre-tots\/wp-json\/wp\/v2\/comments?post=4365"}],"version-history":[{"count":2,"href":"https:\/\/fundaciohospitalariesmartorell.org\/entre-tots\/wp-json\/wp\/v2\/posts\/4365\/revisions"}],"predecessor-version":[{"id":4458,"href":"https:\/\/fundaciohospitalariesmartorell.org\/entre-tots\/wp-json\/wp\/v2\/posts\/4365\/revisions\/4458"}],"wp:featuredmedia":[{"embeddable":true,"href":"https:\/\/fundaciohospitalariesmartorell.org\/entre-tots\/wp-json\/wp\/v2\/media\/4366"}],"wp:attachment":[{"href":"https:\/\/fundaciohospitalariesmartorell.org\/entre-tots\/wp-json\/wp\/v2\/media?parent=4365"}],"wp:term":[{"taxonomy":"category","embeddable":true,"href":"https:\/\/fundaciohospitalariesmartorell.org\/entre-tots\/wp-json\/wp\/v2\/categories?post=4365"},{"taxonomy":"post_tag","embeddable":true,"href":"https:\/\/fundaciohospitalariesmartorell.org\/entre-tots\/wp-json\/wp\/v2\/tags?post=4365"}],"curies":[{"name":"wp","href":"https:\/\/api.w.org\/{rel}","templated":true}]}}