{"id":4368,"date":"2022-07-26T12:00:50","date_gmt":"2022-07-26T10:00:50","guid":{"rendered":"https:\/\/newweb.hospitalsagratcormartorell.org\/entre-tots\/?p=4368"},"modified":"2022-07-27T09:51:27","modified_gmt":"2022-07-27T07:51:27","slug":"participem-en-reunions-sobre-el-proces-reconversio-de-llarga-estada-psiquiatrica-a-catalunya","status":"publish","type":"post","link":"https:\/\/fundaciohospitalariesmartorell.org\/entre-tots\/2022\/07\/participem-en-reunions-sobre-el-proces-reconversio-de-llarga-estada-psiquiatrica-a-catalunya\/","title":{"rendered":"Participem en reunions sobre el proc\u00e9s de reconversi\u00f3 de llarga estada psiqui\u00e0trica a Catalunya"},"content":{"rendered":"<figure class=\"wp-block-post-featured-image\"><img loading=\"lazy\" decoding=\"async\" width=\"856\" height=\"555\" src=\"https:\/\/fundaciohospitalariesmartorell.org\/entre-tots\/wp-content\/uploads\/2022\/07\/IMG-20220722-WA0017.jpg\" class=\"attachment-post-thumbnail size-post-thumbnail wp-post-image\" alt=\"\" style=\"object-fit:cover;\" srcset=\"https:\/\/fundaciohospitalariesmartorell.org\/entre-tots\/wp-content\/uploads\/2022\/07\/IMG-20220722-WA0017.jpg 856w, https:\/\/fundaciohospitalariesmartorell.org\/entre-tots\/wp-content\/uploads\/2022\/07\/IMG-20220722-WA0017-300x195.jpg 300w, https:\/\/fundaciohospitalariesmartorell.org\/entre-tots\/wp-content\/uploads\/2022\/07\/IMG-20220722-WA0017-768x498.jpg 768w\" sizes=\"auto, (max-width: 856px) 100vw, 856px\" \/><\/figure>\n\n\n<p>Josep Tristany, coordinador \u00c0rea de Rehabilitaci\u00f3 en salut mental de l\u2019Hospital Sagrat Cor, designat fa un any com a expert encarregat de la l\u00ednia estrat\u00e8gica de reconversi\u00f3 de llarga estada psiqui\u00e0trica a Catalunya, en el marc del Pla director de salut mental i addiccions&nbsp;(PDSMiA) del Departament de Salut, va participar aquest mes de juliol en diverses reunions de treball relacionades amb aquest projecte estrat\u00e8gic.<\/p>\n\n\n\n<p>Aix\u00ed, el 15 de juliol va tenir lloc una reuni\u00f3 telem\u00e0tica amb les direccions assistencials de tots els prove\u00efdors d\u2019atenci\u00f3 a la salut mental que tenen concertats llits de llarga estada, i, el 19, una trobada amb les direccions assistencials de les cinc institucions que disposen de m\u00e9s places de llarga estada a Catalunya -entre els quals el nostre Hospital-. Va ser una primera reuni\u00f3 per comen\u00e7ar a definir les accions que s\u2019estan proposant per a la reconversi\u00f3 d\u2019aquestes unitats. La propera trobada ser\u00e0 el 20 de setembre i els assistents es van empla\u00e7ar que, durant el mes d\u2019octubre, cada instituci\u00f3 hagi elaborat un esborrany sobre el seu itinerari o full de ruta per dur a terme aquest proc\u00e9s de reconversi\u00f3.<\/p>\n\n\n\n<figure class=\"wp-block-image size-full\"><img loading=\"lazy\" decoding=\"async\" width=\"893\" height=\"609\" src=\"https:\/\/hospitalsagratcormartorell.org\/entre-tots\/wp-content\/uploads\/2022\/07\/IMG-20220722-WA0014.jpg\" alt=\"\" class=\"wp-image-4369\" srcset=\"https:\/\/fundaciohospitalariesmartorell.org\/entre-tots\/wp-content\/uploads\/2022\/07\/IMG-20220722-WA0014.jpg 893w, https:\/\/fundaciohospitalariesmartorell.org\/entre-tots\/wp-content\/uploads\/2022\/07\/IMG-20220722-WA0014-300x205.jpg 300w, https:\/\/fundaciohospitalariesmartorell.org\/entre-tots\/wp-content\/uploads\/2022\/07\/IMG-20220722-WA0014-768x524.jpg 768w\" sizes=\"auto, (max-width: 893px) 100vw, 893px\" \/><\/figure>\n\n\n\n<p>El 22 de juliol, Josep Tristany va estar present a la roda de premsa que es va realitzar al CCCB en la qual el conseller de Salut, Josep Maria Argimon, va explicar la proposta de reconversi\u00f3 i transformaci\u00f3 de la llarga estada de salut mental. Aquest projecte es basa en tres punts principals: el refor\u00e7 dels dispositius comunitaris per aconseguir assolir zero ingressos a les unitats hospital\u00e0ries de llarga estada psiqui\u00e0trica, la transformaci\u00f3 de les unitats actuals en Unitats de Rehabilitaci\u00f3 Hospital\u00e0ria Intensiva (URHI) i un proc\u00e9s de transici\u00f3 a la comunitat de les persones ingressades en unitats de llarga estada. El fi \u00faltim d\u2019aquest projecte \u00e9s que la persona amb condici\u00f3 de complexitat en salut mental pugui viure i ser tractada a la comunitat, amb plena autonomia.<\/p>\n","protected":false},"excerpt":{"rendered":"<p>Josep Tristany, coordinador \u00c0rea de Rehabilitaci\u00f3 en salut mental de l\u2019Hospital Sagrat Cor, designat fa un any com a expert encarregat de la l\u00ednia estrat\u00e8gica de reconversi\u00f3 de llarga estada psiqui\u00e0trica a Catalunya, en el marc del Pla director de salut mental i addiccions&nbsp;(PDSMiA) del Departament de Salut, va participar aquest mes de juliol en [&hellip;]<\/p>\n","protected":false},"author":2,"featured_media":4370,"comment_status":"closed","ping_status":"closed","sticky":false,"template":"","format":"standard","meta":{"footnotes":""},"categories":[27],"tags":[],"class_list":["post-4368","post","type-post","status-publish","format-standard","has-post-thumbnail","hentry","category-actualitat"],"blocksy_meta":{"styles_descriptor":{"styles":{"desktop":"","tablet":"","mobile":""},"google_fonts":[],"version":6}},"featured_image_urls_v2":{"full":["https:\/\/fundaciohospitalariesmartorell.org\/entre-tots\/wp-content\/uploads\/2022\/07\/IMG-20220722-WA0017.jpg",856,555,false],"thumbnail":["https:\/\/fundaciohospitalariesmartorell.org\/entre-tots\/wp-content\/uploads\/2022\/07\/IMG-20220722-WA0017-150x150.jpg",150,150,true],"medium":["https:\/\/fundaciohospitalariesmartorell.org\/entre-tots\/wp-content\/uploads\/2022\/07\/IMG-20220722-WA0017-300x195.jpg",300,195,true],"medium_large":["https:\/\/fundaciohospitalariesmartorell.org\/entre-tots\/wp-content\/uploads\/2022\/07\/IMG-20220722-WA0017-768x498.jpg",768,498,true],"large":["https:\/\/fundaciohospitalariesmartorell.org\/entre-tots\/wp-content\/uploads\/2022\/07\/IMG-20220722-WA0017.jpg",856,555,false],"1536x1536":["https:\/\/fundaciohospitalariesmartorell.org\/entre-tots\/wp-content\/uploads\/2022\/07\/IMG-20220722-WA0017.jpg",856,555,false],"2048x2048":["https:\/\/fundaciohospitalariesmartorell.org\/entre-tots\/wp-content\/uploads\/2022\/07\/IMG-20220722-WA0017.jpg",856,555,false],"mailpoet_newsletter_max":["https:\/\/fundaciohospitalariesmartorell.org\/entre-tots\/wp-content\/uploads\/2022\/07\/IMG-20220722-WA0017.jpg",856,555,false]},"post_excerpt_stackable_v2":"<p>Josep Tristany, coordinador \u00c0rea de Rehabilitaci\u00f3 en salut mental de l\u2019Hospital Sagrat Cor, designat fa un any com a expert encarregat de la l\u00ednia estrat\u00e8gica de reconversi\u00f3 de llarga estada psiqui\u00e0trica a Catalunya, en el marc del Pla director de salut mental i addiccions&nbsp;(PDSMiA) del Departament de Salut, va participar aquest mes de juliol en diverses reunions de treball relacionades amb aquest projecte estrat\u00e8gic. Aix\u00ed, el 15 de juliol va tenir lloc una reuni\u00f3 telem\u00e0tica amb les direccions assistencials de tots els prove\u00efdors d\u2019atenci\u00f3 a la salut mental que tenen concertats llits de llarga estada, i, el 19, una trobada&hellip;<\/p>\n","category_list_v2":"<a href=\"https:\/\/fundaciohospitalariesmartorell.org\/entre-tots\/category\/actualitat\/\" rel=\"category tag\">ACTUALITAT<\/a>","author_info_v2":{"name":"Sagrat Cor","url":"https:\/\/fundaciohospitalariesmartorell.org\/entre-tots\/author\/daniel\/"},"comments_num_v2":"0 comments","_links":{"self":[{"href":"https:\/\/fundaciohospitalariesmartorell.org\/entre-tots\/wp-json\/wp\/v2\/posts\/4368","targetHints":{"allow":["GET"]}}],"collection":[{"href":"https:\/\/fundaciohospitalariesmartorell.org\/entre-tots\/wp-json\/wp\/v2\/posts"}],"about":[{"href":"https:\/\/fundaciohospitalariesmartorell.org\/entre-tots\/wp-json\/wp\/v2\/types\/post"}],"author":[{"embeddable":true,"href":"https:\/\/fundaciohospitalariesmartorell.org\/entre-tots\/wp-json\/wp\/v2\/users\/2"}],"replies":[{"embeddable":true,"href":"https:\/\/fundaciohospitalariesmartorell.org\/entre-tots\/wp-json\/wp\/v2\/comments?post=4368"}],"version-history":[{"count":2,"href":"https:\/\/fundaciohospitalariesmartorell.org\/entre-tots\/wp-json\/wp\/v2\/posts\/4368\/revisions"}],"predecessor-version":[{"id":4457,"href":"https:\/\/fundaciohospitalariesmartorell.org\/entre-tots\/wp-json\/wp\/v2\/posts\/4368\/revisions\/4457"}],"wp:featuredmedia":[{"embeddable":true,"href":"https:\/\/fundaciohospitalariesmartorell.org\/entre-tots\/wp-json\/wp\/v2\/media\/4370"}],"wp:attachment":[{"href":"https:\/\/fundaciohospitalariesmartorell.org\/entre-tots\/wp-json\/wp\/v2\/media?parent=4368"}],"wp:term":[{"taxonomy":"category","embeddable":true,"href":"https:\/\/fundaciohospitalariesmartorell.org\/entre-tots\/wp-json\/wp\/v2\/categories?post=4368"},{"taxonomy":"post_tag","embeddable":true,"href":"https:\/\/fundaciohospitalariesmartorell.org\/entre-tots\/wp-json\/wp\/v2\/tags?post=4368"}],"curies":[{"name":"wp","href":"https:\/\/api.w.org\/{rel}","templated":true}]}}