{"id":4373,"date":"2022-07-26T12:14:13","date_gmt":"2022-07-26T10:14:13","guid":{"rendered":"https:\/\/newweb.hospitalsagratcormartorell.org\/entre-tots\/?p=4373"},"modified":"2022-07-27T14:45:49","modified_gmt":"2022-07-27T12:45:49","slug":"comptem-amb-dos-boxs-per-atendre-les-urgencies","status":"publish","type":"post","link":"https:\/\/fundaciohospitalariesmartorell.org\/entre-tots\/2022\/07\/comptem-amb-dos-boxs-per-atendre-les-urgencies\/","title":{"rendered":"Comptem amb dos boxs per atendre les urg\u00e8ncies"},"content":{"rendered":"<figure class=\"wp-block-post-featured-image\"><img loading=\"lazy\" decoding=\"async\" width=\"1705\" height=\"1149\" src=\"https:\/\/fundaciohospitalariesmartorell.org\/entre-tots\/wp-content\/uploads\/2022\/07\/box-urge\u0300ncies.jpg\" class=\"attachment-post-thumbnail size-post-thumbnail wp-post-image\" alt=\"\" style=\"object-fit:cover;\" srcset=\"https:\/\/fundaciohospitalariesmartorell.org\/entre-tots\/wp-content\/uploads\/2022\/07\/box-urge\u0300ncies.jpg 1705w, https:\/\/fundaciohospitalariesmartorell.org\/entre-tots\/wp-content\/uploads\/2022\/07\/box-urge\u0300ncies-300x202.jpg 300w, https:\/\/fundaciohospitalariesmartorell.org\/entre-tots\/wp-content\/uploads\/2022\/07\/box-urge\u0300ncies-1024x690.jpg 1024w, https:\/\/fundaciohospitalariesmartorell.org\/entre-tots\/wp-content\/uploads\/2022\/07\/box-urge\u0300ncies-768x518.jpg 768w, https:\/\/fundaciohospitalariesmartorell.org\/entre-tots\/wp-content\/uploads\/2022\/07\/box-urge\u0300ncies-1536x1035.jpg 1536w, https:\/\/fundaciohospitalariesmartorell.org\/entre-tots\/wp-content\/uploads\/2022\/07\/box-urge\u0300ncies-1320x890.jpg 1320w\" sizes=\"auto, (max-width: 1705px) 100vw, 1705px\" \/><\/figure>\n\n\n<p>PILAR HERRERO. Des del passat 1 de juny comptem amb dos boxs al servei d\u2019urg\u00e8ncies del nostre Centre. L\u2019objectiu general \u00e9s disposar d\u2019uns espais on es pugui fer observaci\u00f3 dels\/de les pacients que ho requereixin dins el mateix servei d\u2019urg\u00e8ncies.<\/p>\n\n\n\n<p>Les persones usu\u00e0ries ateses als boxs acostumen a patir ansietat, ideaci\u00f3 autol\u00edtica o trastorns de conducta relacionats amb el consum de t\u00f2xics. Degut a la simptomatologia que presenten, el fet de disposar de boxs permet determinar i estudiar la situaci\u00f3 de crisi, evitar ingressos innecessaris, determinar l\u2019orientaci\u00f3 diagn\u00f2stica i programar el pla terap\u00e8utic en els casos d\u2019alta complexitat.<\/p>\n","protected":false},"excerpt":{"rendered":"<p>PILAR HERRERO. Des del passat 1 de juny comptem amb dos boxs al servei d\u2019urg\u00e8ncies del nostre Centre. L\u2019objectiu general \u00e9s disposar d\u2019uns espais on es pugui fer observaci\u00f3 dels\/de les pacients que ho requereixin dins el mateix servei d\u2019urg\u00e8ncies. Les persones usu\u00e0ries ateses als boxs acostumen a patir ansietat, ideaci\u00f3 autol\u00edtica o trastorns de [&hellip;]<\/p>\n","protected":false},"author":2,"featured_media":4374,"comment_status":"closed","ping_status":"closed","sticky":false,"template":"","format":"standard","meta":{"footnotes":""},"categories":[27],"tags":[],"class_list":["post-4373","post","type-post","status-publish","format-standard","has-post-thumbnail","hentry","category-actualitat"],"blocksy_meta":{"styles_descriptor":{"styles":{"desktop":"","tablet":"","mobile":""},"google_fonts":[],"version":6}},"featured_image_urls_v2":{"full":["https:\/\/fundaciohospitalariesmartorell.org\/entre-tots\/wp-content\/uploads\/2022\/07\/box-urge\u0300ncies.jpg",1705,1149,false],"thumbnail":["https:\/\/fundaciohospitalariesmartorell.org\/entre-tots\/wp-content\/uploads\/2022\/07\/box-urge\u0300ncies-150x150.jpg",150,150,true],"medium":["https:\/\/fundaciohospitalariesmartorell.org\/entre-tots\/wp-content\/uploads\/2022\/07\/box-urge\u0300ncies-300x202.jpg",300,202,true],"medium_large":["https:\/\/fundaciohospitalariesmartorell.org\/entre-tots\/wp-content\/uploads\/2022\/07\/box-urge\u0300ncies-768x518.jpg",768,518,true],"large":["https:\/\/fundaciohospitalariesmartorell.org\/entre-tots\/wp-content\/uploads\/2022\/07\/box-urge\u0300ncies-1024x690.jpg",1024,690,true],"1536x1536":["https:\/\/fundaciohospitalariesmartorell.org\/entre-tots\/wp-content\/uploads\/2022\/07\/box-urge\u0300ncies-1536x1035.jpg",1536,1035,true],"2048x2048":["https:\/\/fundaciohospitalariesmartorell.org\/entre-tots\/wp-content\/uploads\/2022\/07\/box-urge\u0300ncies.jpg",1705,1149,false],"mailpoet_newsletter_max":["https:\/\/fundaciohospitalariesmartorell.org\/entre-tots\/wp-content\/uploads\/2022\/07\/box-urge\u0300ncies-1320x890.jpg",1320,890,true]},"post_excerpt_stackable_v2":"<p>PILAR HERRERO. Des del passat 1 de juny comptem amb dos boxs al servei d\u2019urg\u00e8ncies del nostre Centre. L\u2019objectiu general \u00e9s disposar d\u2019uns espais on es pugui fer observaci\u00f3 dels\/de les pacients que ho requereixin dins el mateix servei d\u2019urg\u00e8ncies. Les persones usu\u00e0ries ateses als boxs acostumen a patir ansietat, ideaci\u00f3 autol\u00edtica o trastorns de conducta relacionats amb el consum de t\u00f2xics. Degut a la simptomatologia que presenten, el fet de disposar de boxs permet determinar i estudiar la situaci\u00f3 de crisi, evitar ingressos innecessaris, determinar l\u2019orientaci\u00f3 diagn\u00f2stica i programar el pla terap\u00e8utic en els casos d\u2019alta complexitat.<\/p>\n","category_list_v2":"<a href=\"https:\/\/fundaciohospitalariesmartorell.org\/entre-tots\/category\/actualitat\/\" rel=\"category tag\">ACTUALITAT<\/a>","author_info_v2":{"name":"Sagrat Cor","url":"https:\/\/fundaciohospitalariesmartorell.org\/entre-tots\/author\/daniel\/"},"comments_num_v2":"0 comments","_links":{"self":[{"href":"https:\/\/fundaciohospitalariesmartorell.org\/entre-tots\/wp-json\/wp\/v2\/posts\/4373","targetHints":{"allow":["GET"]}}],"collection":[{"href":"https:\/\/fundaciohospitalariesmartorell.org\/entre-tots\/wp-json\/wp\/v2\/posts"}],"about":[{"href":"https:\/\/fundaciohospitalariesmartorell.org\/entre-tots\/wp-json\/wp\/v2\/types\/post"}],"author":[{"embeddable":true,"href":"https:\/\/fundaciohospitalariesmartorell.org\/entre-tots\/wp-json\/wp\/v2\/users\/2"}],"replies":[{"embeddable":true,"href":"https:\/\/fundaciohospitalariesmartorell.org\/entre-tots\/wp-json\/wp\/v2\/comments?post=4373"}],"version-history":[{"count":4,"href":"https:\/\/fundaciohospitalariesmartorell.org\/entre-tots\/wp-json\/wp\/v2\/posts\/4373\/revisions"}],"predecessor-version":[{"id":4467,"href":"https:\/\/fundaciohospitalariesmartorell.org\/entre-tots\/wp-json\/wp\/v2\/posts\/4373\/revisions\/4467"}],"wp:featuredmedia":[{"embeddable":true,"href":"https:\/\/fundaciohospitalariesmartorell.org\/entre-tots\/wp-json\/wp\/v2\/media\/4374"}],"wp:attachment":[{"href":"https:\/\/fundaciohospitalariesmartorell.org\/entre-tots\/wp-json\/wp\/v2\/media?parent=4373"}],"wp:term":[{"taxonomy":"category","embeddable":true,"href":"https:\/\/fundaciohospitalariesmartorell.org\/entre-tots\/wp-json\/wp\/v2\/categories?post=4373"},{"taxonomy":"post_tag","embeddable":true,"href":"https:\/\/fundaciohospitalariesmartorell.org\/entre-tots\/wp-json\/wp\/v2\/tags?post=4373"}],"curies":[{"name":"wp","href":"https:\/\/api.w.org\/{rel}","templated":true}]}}