{"id":4376,"date":"2022-07-26T12:17:52","date_gmt":"2022-07-26T10:17:52","guid":{"rendered":"https:\/\/newweb.hospitalsagratcormartorell.org\/entre-tots\/?p=4376"},"modified":"2022-07-27T09:50:15","modified_gmt":"2022-07-27T07:50:15","slug":"disposem-dun-punt-dextraccio-dins-lhospital","status":"publish","type":"post","link":"https:\/\/fundaciohospitalariesmartorell.org\/entre-tots\/2022\/07\/disposem-dun-punt-dextraccio-dins-lhospital\/","title":{"rendered":"Disposem d\u2019un punt d\u2019extracci\u00f3 dins l\u2019Hospital"},"content":{"rendered":"<figure class=\"wp-block-post-featured-image\"><img loading=\"lazy\" decoding=\"async\" width=\"2048\" height=\"1152\" src=\"https:\/\/fundaciohospitalariesmartorell.org\/entre-tots\/wp-content\/uploads\/2022\/07\/punt-extraccio\u0301.jpg\" class=\"attachment-post-thumbnail size-post-thumbnail wp-post-image\" alt=\"\" style=\"object-fit:cover;\" srcset=\"https:\/\/fundaciohospitalariesmartorell.org\/entre-tots\/wp-content\/uploads\/2022\/07\/punt-extraccio\u0301.jpg 2048w, https:\/\/fundaciohospitalariesmartorell.org\/entre-tots\/wp-content\/uploads\/2022\/07\/punt-extraccio\u0301-300x169.jpg 300w, https:\/\/fundaciohospitalariesmartorell.org\/entre-tots\/wp-content\/uploads\/2022\/07\/punt-extraccio\u0301-1024x576.jpg 1024w, https:\/\/fundaciohospitalariesmartorell.org\/entre-tots\/wp-content\/uploads\/2022\/07\/punt-extraccio\u0301-768x432.jpg 768w, https:\/\/fundaciohospitalariesmartorell.org\/entre-tots\/wp-content\/uploads\/2022\/07\/punt-extraccio\u0301-1536x864.jpg 1536w, https:\/\/fundaciohospitalariesmartorell.org\/entre-tots\/wp-content\/uploads\/2022\/07\/punt-extraccio\u0301-1320x743.jpg 1320w\" sizes=\"auto, (max-width: 2048px) 100vw, 2048px\" \/><\/figure>\n\n\n<p>PILAR HERRERO. Des del 16 de maig hem comen\u00e7at a col\u00b7laborar amb el laboratori Synlab. El fet de treballar amb aquest laboratori ens facilita poder disposar d\u2019un punt d\u2019extracci\u00f3 dins l\u2019Hospital.<\/p>\n\n\n\n<p>Aix\u00ed, de dilluns a divendres comptem amb una infermera especialitzada que realitza les extraccions de sang de tots\/es els\/les pacients i, d&#8217;aquesta manera, alliberem de la tasca de punci\u00f3 al personal d&#8217;infermeria de nit.<\/p>\n\n\n\n<p>Tamb\u00e9 s\u2019ha equipat el nostre petit espai de laboratori amb material de preanal\u00edtica, el qual facilita la sortida de mostres del Centre en les millors condicions per a la seva an\u00e0lisi.<\/p>\n\n\n\n<p>El laboratori ofereix formaci\u00f3 espec\u00edfica als\/a les nostres professionals en els \u00e0mbits de microbiologia i participar\u00e0 activament en el programa d\u2019optimitzaci\u00f3 de l\u2019\u00fas d\u2019antimicrobians.<\/p>\n","protected":false},"excerpt":{"rendered":"<p>PILAR HERRERO. Des del 16 de maig hem comen\u00e7at a col\u00b7laborar amb el laboratori Synlab. El fet de treballar amb aquest laboratori ens facilita poder disposar d\u2019un punt d\u2019extracci\u00f3 dins l\u2019Hospital. Aix\u00ed, de dilluns a divendres comptem amb una infermera especialitzada que realitza les extraccions de sang de tots\/es els\/les pacients i, d&#8217;aquesta manera, alliberem [&hellip;]<\/p>\n","protected":false},"author":2,"featured_media":4377,"comment_status":"closed","ping_status":"closed","sticky":false,"template":"","format":"standard","meta":{"footnotes":""},"categories":[27],"tags":[],"class_list":["post-4376","post","type-post","status-publish","format-standard","has-post-thumbnail","hentry","category-actualitat"],"blocksy_meta":{"styles_descriptor":{"styles":{"desktop":"","tablet":"","mobile":""},"google_fonts":[],"version":6}},"featured_image_urls_v2":{"full":["https:\/\/fundaciohospitalariesmartorell.org\/entre-tots\/wp-content\/uploads\/2022\/07\/punt-extraccio\u0301.jpg",2048,1152,false],"thumbnail":["https:\/\/fundaciohospitalariesmartorell.org\/entre-tots\/wp-content\/uploads\/2022\/07\/punt-extraccio\u0301-150x150.jpg",150,150,true],"medium":["https:\/\/fundaciohospitalariesmartorell.org\/entre-tots\/wp-content\/uploads\/2022\/07\/punt-extraccio\u0301-300x169.jpg",300,169,true],"medium_large":["https:\/\/fundaciohospitalariesmartorell.org\/entre-tots\/wp-content\/uploads\/2022\/07\/punt-extraccio\u0301-768x432.jpg",768,432,true],"large":["https:\/\/fundaciohospitalariesmartorell.org\/entre-tots\/wp-content\/uploads\/2022\/07\/punt-extraccio\u0301-1024x576.jpg",1024,576,true],"1536x1536":["https:\/\/fundaciohospitalariesmartorell.org\/entre-tots\/wp-content\/uploads\/2022\/07\/punt-extraccio\u0301-1536x864.jpg",1536,864,true],"2048x2048":["https:\/\/fundaciohospitalariesmartorell.org\/entre-tots\/wp-content\/uploads\/2022\/07\/punt-extraccio\u0301.jpg",2048,1152,false],"mailpoet_newsletter_max":["https:\/\/fundaciohospitalariesmartorell.org\/entre-tots\/wp-content\/uploads\/2022\/07\/punt-extraccio\u0301-1320x743.jpg",1320,743,true]},"post_excerpt_stackable_v2":"<p>PILAR HERRERO. Des del 16 de maig hem comen\u00e7at a col\u00b7laborar amb el laboratori Synlab. El fet de treballar amb aquest laboratori ens facilita poder disposar d\u2019un punt d\u2019extracci\u00f3 dins l\u2019Hospital. Aix\u00ed, de dilluns a divendres comptem amb una infermera especialitzada que realitza les extraccions de sang de tots\/es els\/les pacients i, d&#8217;aquesta manera, alliberem de la tasca de punci\u00f3 al personal d&#8217;infermeria de nit. Tamb\u00e9 s\u2019ha equipat el nostre petit espai de laboratori amb material de preanal\u00edtica, el qual facilita la sortida de mostres del Centre en les millors condicions per a la seva an\u00e0lisi. El laboratori ofereix formaci\u00f3&hellip;<\/p>\n","category_list_v2":"<a href=\"https:\/\/fundaciohospitalariesmartorell.org\/entre-tots\/category\/actualitat\/\" rel=\"category tag\">ACTUALITAT<\/a>","author_info_v2":{"name":"Sagrat Cor","url":"https:\/\/fundaciohospitalariesmartorell.org\/entre-tots\/author\/daniel\/"},"comments_num_v2":"0 comments","_links":{"self":[{"href":"https:\/\/fundaciohospitalariesmartorell.org\/entre-tots\/wp-json\/wp\/v2\/posts\/4376","targetHints":{"allow":["GET"]}}],"collection":[{"href":"https:\/\/fundaciohospitalariesmartorell.org\/entre-tots\/wp-json\/wp\/v2\/posts"}],"about":[{"href":"https:\/\/fundaciohospitalariesmartorell.org\/entre-tots\/wp-json\/wp\/v2\/types\/post"}],"author":[{"embeddable":true,"href":"https:\/\/fundaciohospitalariesmartorell.org\/entre-tots\/wp-json\/wp\/v2\/users\/2"}],"replies":[{"embeddable":true,"href":"https:\/\/fundaciohospitalariesmartorell.org\/entre-tots\/wp-json\/wp\/v2\/comments?post=4376"}],"version-history":[{"count":3,"href":"https:\/\/fundaciohospitalariesmartorell.org\/entre-tots\/wp-json\/wp\/v2\/posts\/4376\/revisions"}],"predecessor-version":[{"id":4455,"href":"https:\/\/fundaciohospitalariesmartorell.org\/entre-tots\/wp-json\/wp\/v2\/posts\/4376\/revisions\/4455"}],"wp:featuredmedia":[{"embeddable":true,"href":"https:\/\/fundaciohospitalariesmartorell.org\/entre-tots\/wp-json\/wp\/v2\/media\/4377"}],"wp:attachment":[{"href":"https:\/\/fundaciohospitalariesmartorell.org\/entre-tots\/wp-json\/wp\/v2\/media?parent=4376"}],"wp:term":[{"taxonomy":"category","embeddable":true,"href":"https:\/\/fundaciohospitalariesmartorell.org\/entre-tots\/wp-json\/wp\/v2\/categories?post=4376"},{"taxonomy":"post_tag","embeddable":true,"href":"https:\/\/fundaciohospitalariesmartorell.org\/entre-tots\/wp-json\/wp\/v2\/tags?post=4376"}],"curies":[{"name":"wp","href":"https:\/\/api.w.org\/{rel}","templated":true}]}}