{"id":4393,"date":"2022-10-05T10:59:00","date_gmt":"2022-10-05T08:59:00","guid":{"rendered":"https:\/\/newweb.hospitalsagratcormartorell.org\/entre-tots\/?p=4393"},"modified":"2022-10-06T11:06:59","modified_gmt":"2022-10-06T09:06:59","slug":"reobertura-de-serveis-tancats","status":"publish","type":"post","link":"https:\/\/fundaciohospitalariesmartorell.org\/entre-tots\/2022\/10\/reobertura-de-serveis-tancats\/","title":{"rendered":"Reobertura de serveis tancats"},"content":{"rendered":"\n<p>CARLES FRANQUELO. Aquest mes de setembre la Unitat de Patologia Dual del nostre Hospital ha recuperat la seva activitat habitual, despr\u00e9s de dos anys de pand\u00e8mia, on ha anat obrint i tancant segons les necessitats de cada moment.<\/p>\n\n\n\n<p>Durant el per\u00edode estival, degut a la necessitat de cobertura, tant de personal d\u2019infermeria com de facultatius, es van haver de reorganitzar serveis tancant, temporalment, la Unitat de Patologia Dual i el Servei d\u2019Hospitalitzaci\u00f3 Domicili\u00e0ria de l\u2019\u00e0mbit de salut mental. Pel que fa a l\u2019\u00e0rea sociosanit\u00e0ria, es va haver de disminuir l\u2019activitat de la Unitat de Convalesc\u00e8ncia, tancar de manera provisional l\u2019Hospital de Dia Sociosanitari de Sant Feliu i suspendre temporalment l\u2019assist\u00e8ncia psicogeri\u00e0trica a l\u2019Hospital de Dia de Martorell, mantenint l\u2019activitat rehabilitadora.<\/p>\n\n\n\n<p>Totes aquestes Unitats s\u2019han anat obrint de manera progressiva i recuperant el seu funcionament normal durant aquest mes de setembre.<\/p>\n\n\n\n<p>Volem agrair la disponibilitat i flexibilitat dels i les professionals que han participat en aquesta tasca de reorganitzaci\u00f3 de serveis.<\/p>\n\n\n\n<figure class=\"wp-block-image size-large\"><img loading=\"lazy\" decoding=\"async\" width=\"1024\" height=\"619\" src=\"https:\/\/hospitalsagratcormartorell.org\/entre-tots\/wp-content\/uploads\/2022\/10\/unitat-patologia-dual-1024x619.jpeg\" alt=\"Reobertura de serveis tancats\" class=\"wp-image-4647\" srcset=\"https:\/\/fundaciohospitalariesmartorell.org\/entre-tots\/wp-content\/uploads\/2022\/10\/unitat-patologia-dual-1024x619.jpeg 1024w, https:\/\/fundaciohospitalariesmartorell.org\/entre-tots\/wp-content\/uploads\/2022\/10\/unitat-patologia-dual-300x181.jpeg 300w, https:\/\/fundaciohospitalariesmartorell.org\/entre-tots\/wp-content\/uploads\/2022\/10\/unitat-patologia-dual-768x464.jpeg 768w, https:\/\/fundaciohospitalariesmartorell.org\/entre-tots\/wp-content\/uploads\/2022\/10\/unitat-patologia-dual-1536x928.jpeg 1536w, https:\/\/fundaciohospitalariesmartorell.org\/entre-tots\/wp-content\/uploads\/2022\/10\/unitat-patologia-dual-2048x1238.jpeg 2048w, https:\/\/fundaciohospitalariesmartorell.org\/entre-tots\/wp-content\/uploads\/2022\/10\/unitat-patologia-dual-1320x798.jpeg 1320w\" sizes=\"auto, (max-width: 1024px) 100vw, 1024px\" \/><\/figure>\n","protected":false},"excerpt":{"rendered":"<p>CARLES FRANQUELO. Aquest mes de setembre la Unitat de Patologia Dual del nostre Hospital ha recuperat la seva activitat habitual, despr\u00e9s de dos anys de pand\u00e8mia, on ha anat obrint i tancant segons les necessitats de cada moment. Durant el per\u00edode estival, degut a la necessitat de cobertura, tant de personal d\u2019infermeria com de facultatius, [&hellip;]<\/p>\n","protected":false},"author":3,"featured_media":4647,"comment_status":"closed","ping_status":"closed","sticky":false,"template":"","format":"standard","meta":{"footnotes":""},"categories":[27],"tags":[],"class_list":["post-4393","post","type-post","status-publish","format-standard","has-post-thumbnail","hentry","category-actualitat"],"blocksy_meta":{"styles_descriptor":{"styles":{"desktop":"","tablet":"","mobile":""},"google_fonts":[],"version":6}},"featured_image_urls_v2":{"full":["https:\/\/fundaciohospitalariesmartorell.org\/entre-tots\/wp-content\/uploads\/2022\/10\/unitat-patologia-dual-scaled.jpeg",2560,1547,false],"thumbnail":["https:\/\/fundaciohospitalariesmartorell.org\/entre-tots\/wp-content\/uploads\/2022\/10\/unitat-patologia-dual-150x150.jpeg",150,150,true],"medium":["https:\/\/fundaciohospitalariesmartorell.org\/entre-tots\/wp-content\/uploads\/2022\/10\/unitat-patologia-dual-300x181.jpeg",300,181,true],"medium_large":["https:\/\/fundaciohospitalariesmartorell.org\/entre-tots\/wp-content\/uploads\/2022\/10\/unitat-patologia-dual-768x464.jpeg",768,464,true],"large":["https:\/\/fundaciohospitalariesmartorell.org\/entre-tots\/wp-content\/uploads\/2022\/10\/unitat-patologia-dual-1024x619.jpeg",1024,619,true],"1536x1536":["https:\/\/fundaciohospitalariesmartorell.org\/entre-tots\/wp-content\/uploads\/2022\/10\/unitat-patologia-dual-1536x928.jpeg",1536,928,true],"2048x2048":["https:\/\/fundaciohospitalariesmartorell.org\/entre-tots\/wp-content\/uploads\/2022\/10\/unitat-patologia-dual-2048x1238.jpeg",2048,1238,true],"mailpoet_newsletter_max":["https:\/\/fundaciohospitalariesmartorell.org\/entre-tots\/wp-content\/uploads\/2022\/10\/unitat-patologia-dual-1320x798.jpeg",1320,798,true]},"post_excerpt_stackable_v2":"<p>CARLES FRANQUELO. Aquest mes de setembre la Unitat de Patologia Dual del nostre Hospital ha recuperat la seva activitat habitual, despr\u00e9s de dos anys de pand\u00e8mia, on ha anat obrint i tancant segons les necessitats de cada moment. Durant el per\u00edode estival, degut a la necessitat de cobertura, tant de personal d\u2019infermeria com de facultatius, es van haver de reorganitzar serveis tancant, temporalment, la Unitat de Patologia Dual i el Servei d\u2019Hospitalitzaci\u00f3 Domicili\u00e0ria de l\u2019\u00e0mbit de salut mental. Pel que fa a l\u2019\u00e0rea sociosanit\u00e0ria, es va haver de disminuir l\u2019activitat de la Unitat de Convalesc\u00e8ncia, tancar de manera provisional l\u2019Hospital&hellip;<\/p>\n","category_list_v2":"<a href=\"https:\/\/fundaciohospitalariesmartorell.org\/entre-tots\/category\/actualitat\/\" rel=\"category tag\">ACTUALITAT<\/a>","author_info_v2":{"name":"Anna Casanovas","url":"https:\/\/fundaciohospitalariesmartorell.org\/entre-tots\/author\/acasanovasr\/"},"comments_num_v2":"0 comments","_links":{"self":[{"href":"https:\/\/fundaciohospitalariesmartorell.org\/entre-tots\/wp-json\/wp\/v2\/posts\/4393","targetHints":{"allow":["GET"]}}],"collection":[{"href":"https:\/\/fundaciohospitalariesmartorell.org\/entre-tots\/wp-json\/wp\/v2\/posts"}],"about":[{"href":"https:\/\/fundaciohospitalariesmartorell.org\/entre-tots\/wp-json\/wp\/v2\/types\/post"}],"author":[{"embeddable":true,"href":"https:\/\/fundaciohospitalariesmartorell.org\/entre-tots\/wp-json\/wp\/v2\/users\/3"}],"replies":[{"embeddable":true,"href":"https:\/\/fundaciohospitalariesmartorell.org\/entre-tots\/wp-json\/wp\/v2\/comments?post=4393"}],"version-history":[{"count":12,"href":"https:\/\/fundaciohospitalariesmartorell.org\/entre-tots\/wp-json\/wp\/v2\/posts\/4393\/revisions"}],"predecessor-version":[{"id":4666,"href":"https:\/\/fundaciohospitalariesmartorell.org\/entre-tots\/wp-json\/wp\/v2\/posts\/4393\/revisions\/4666"}],"wp:featuredmedia":[{"embeddable":true,"href":"https:\/\/fundaciohospitalariesmartorell.org\/entre-tots\/wp-json\/wp\/v2\/media\/4647"}],"wp:attachment":[{"href":"https:\/\/fundaciohospitalariesmartorell.org\/entre-tots\/wp-json\/wp\/v2\/media?parent=4393"}],"wp:term":[{"taxonomy":"category","embeddable":true,"href":"https:\/\/fundaciohospitalariesmartorell.org\/entre-tots\/wp-json\/wp\/v2\/categories?post=4393"},{"taxonomy":"post_tag","embeddable":true,"href":"https:\/\/fundaciohospitalariesmartorell.org\/entre-tots\/wp-json\/wp\/v2\/tags?post=4393"}],"curies":[{"name":"wp","href":"https:\/\/api.w.org\/{rel}","templated":true}]}}