{"id":4396,"date":"2022-07-26T15:08:57","date_gmt":"2022-07-26T13:08:57","guid":{"rendered":"https:\/\/newweb.hospitalsagratcormartorell.org\/entre-tots\/?p=4396"},"modified":"2022-07-26T15:44:24","modified_gmt":"2022-07-26T13:44:24","slug":"projecte-de-fotografia-a-lsrc-de-vilafranca-del-penedes","status":"publish","type":"post","link":"https:\/\/fundaciohospitalariesmartorell.org\/entre-tots\/2022\/07\/projecte-de-fotografia-a-lsrc-de-vilafranca-del-penedes\/","title":{"rendered":"Projecte de fotografia a l\u2019SRC de Vilafranca del Pened\u00e8s"},"content":{"rendered":"\n<p><strong>Xevi Franquesa<\/strong>. A inicis del mes de febrer vam iniciar aquest projecte partint d\u2019una necessitat que observ\u00e0vem en diferents persones usu\u00e0ries del Servei de Rehabilitaci\u00f3 Comunit\u00e0ria: la capacitat de comunicar-se amb altres companys des de l\u2019observaci\u00f3 i facilitant el coneixement de l\u2019entorn social, ampliant la xarxa de suport i disminuint l\u2019a\u00efllament social.<\/p>\n\n\n<figure class=\"wp-block-post-featured-image\"><img loading=\"lazy\" decoding=\"async\" width=\"2448\" height=\"2448\" src=\"https:\/\/fundaciohospitalariesmartorell.org\/entre-tots\/wp-content\/uploads\/2022\/07\/20220315_160212-rotated.jpg\" class=\"attachment-post-thumbnail size-post-thumbnail wp-post-image\" alt=\"\" style=\"object-fit:cover;\" srcset=\"https:\/\/fundaciohospitalariesmartorell.org\/entre-tots\/wp-content\/uploads\/2022\/07\/20220315_160212-rotated.jpg 2448w, https:\/\/fundaciohospitalariesmartorell.org\/entre-tots\/wp-content\/uploads\/2022\/07\/20220315_160212-300x300.jpg 300w, https:\/\/fundaciohospitalariesmartorell.org\/entre-tots\/wp-content\/uploads\/2022\/07\/20220315_160212-1024x1024.jpg 1024w, https:\/\/fundaciohospitalariesmartorell.org\/entre-tots\/wp-content\/uploads\/2022\/07\/20220315_160212-150x150.jpg 150w, https:\/\/fundaciohospitalariesmartorell.org\/entre-tots\/wp-content\/uploads\/2022\/07\/20220315_160212-768x768.jpg 768w, https:\/\/fundaciohospitalariesmartorell.org\/entre-tots\/wp-content\/uploads\/2022\/07\/20220315_160212-1536x1536.jpg 1536w, https:\/\/fundaciohospitalariesmartorell.org\/entre-tots\/wp-content\/uploads\/2022\/07\/20220315_160212-2048x2048.jpg 2048w, https:\/\/fundaciohospitalariesmartorell.org\/entre-tots\/wp-content\/uploads\/2022\/07\/20220315_160212-1320x1320.jpg 1320w\" sizes=\"auto, (max-width: 2448px) 100vw, 2448px\" \/><\/figure>\n\n\n<p>Es tracta de persones amb trastorn mental sever o risc de cronificaci\u00f3, amb dificultats per realitzar activitats a la comunitat, manca o escassa xarxa de suport social i problemes per aprofundir en els coneixements del seu entorn m\u00e9s proper.<\/p>\n\n\n\n<p>La fotografia \u00e9s una eina efica\u00e7 que ens ha perm\u00e8s abordar l\u2019\u00e0rea d\u2019autonomia i funcionalitat. Aquesta activitat ens ha possibilitat visualitzar els mons interns de les persones i la generaci\u00f3, mitjan\u00e7ant la creaci\u00f3 de projectes art\u00edstics comunitaris, d\u2019experi\u00e8ncies que enforteixen l&#8217;autoestima dels\/de les participants, facilitant nous vincles personals que ajudin a la desestigmatitzaci\u00f3 de persones que viuen en risc de desafiliaci\u00f3 social.<\/p>\n\n\n\n<p>S\u2019utilitza la fotografia com a eina per informar, expressar, interrogar, emocionar e integrar valors, fomentant l\u2019aprenentatge creatiu per mitj\u00e0 de l\u2019experi\u00e8ncia. Un aprenentatge d\u2019habilitats per a la creaci\u00f3 i lectura d\u2019imatges, la comunicaci\u00f3 visual, l\u2019an\u00e0lisi i la presa de consci\u00e8ncia de l\u2019impacte que t\u00e9 la fotografia en l\u2019individu i el seu entorn.<\/p>\n\n\n\n<figure class=\"wp-block-image size-large\"><img loading=\"lazy\" decoding=\"async\" width=\"1024\" height=\"1024\" src=\"https:\/\/hospitalsagratcormartorell.org\/entre-tots\/wp-content\/uploads\/2022\/07\/20220315_154442-1024x1024.jpg\" alt=\"\" class=\"wp-image-4397\" srcset=\"https:\/\/fundaciohospitalariesmartorell.org\/entre-tots\/wp-content\/uploads\/2022\/07\/20220315_154442-1024x1024.jpg 1024w, https:\/\/fundaciohospitalariesmartorell.org\/entre-tots\/wp-content\/uploads\/2022\/07\/20220315_154442-300x300.jpg 300w, https:\/\/fundaciohospitalariesmartorell.org\/entre-tots\/wp-content\/uploads\/2022\/07\/20220315_154442-150x150.jpg 150w, https:\/\/fundaciohospitalariesmartorell.org\/entre-tots\/wp-content\/uploads\/2022\/07\/20220315_154442-768x768.jpg 768w, https:\/\/fundaciohospitalariesmartorell.org\/entre-tots\/wp-content\/uploads\/2022\/07\/20220315_154442-1536x1536.jpg 1536w, https:\/\/fundaciohospitalariesmartorell.org\/entre-tots\/wp-content\/uploads\/2022\/07\/20220315_154442-2048x2048.jpg 2048w, https:\/\/fundaciohospitalariesmartorell.org\/entre-tots\/wp-content\/uploads\/2022\/07\/20220315_154442-1320x1320.jpg 1320w\" sizes=\"auto, (max-width: 1024px) 100vw, 1024px\" \/><\/figure>\n\n\n\n<p>L\u2019activitat s\u2019ha dut a terme un dia a la setmana, prioritzant l\u2019entorn de l\u2019SRC, afavorint el contacte amb la poblaci\u00f3. En les sessions s\u2019han realitzat dues din\u00e0miques de treball: les sessions a l\u2019aula i fora d\u2019ella. Les sessions a l\u2019aula han mantingut sempre una mateixa estructura, basada en la revisi\u00f3 de les imatges disparades en la sessi\u00f3 anterior. Les sessions fora de l\u2019aula es basen en el treball per generar un clima de llibertat acompanyada i proximitat, on els participants se sentin motivats per explicar, mitjan\u00e7ant les imatges, tot all\u00f2 que vulguin.<\/p>\n\n\n\n<p>Aprendre a mirar es pot entendre com una actitud, un comprom\u00eds personal i un descobriment de la intenci\u00f3 que hi ha darrera la mirada. Aprendre a fotografiar t\u00e9 a veure amb aprendre a escoltar. I, quan un at\u00e9n, s\u2019obre un m\u00f3n infinit de possibilitats on solament s\u2019ha de posar ordre i anar seleccionant poc a poc. Aix\u00ed, amb l\u2019atenci\u00f3 dirigida cap a la nostra intimitat i cap el m\u00f3n que ens envolta, anem creant imatges que agafen forma i sentit molt lentament.<\/p>\n\n\n\n<p>Durant el temps que hem desenvolupat l\u2019activitat hem observat un proc\u00e9s d\u2019expressi\u00f3 enriquidor, el qual refor\u00e7a l\u2019autoestima de les persones usu\u00e0ries i fa del proc\u00e9s creatiu una experi\u00e8ncia.<\/p>\n\n\n\n<p>Aix\u00ed, aquest programa rehabilitador ha volgut apropar l\u2019eina de la fotografia a persones i col\u00b7lectius que no sempre tenen acc\u00e9s al llenguatge fotogr\u00e0fic i les quals tenen poca visibilitat en la societat. Tamb\u00e9 ha contribu\u00eft que la persona pugui expressar-se refor\u00e7ant, d\u2019aquesta manera, la seva autoestima i convertint el proc\u00e9s de la creaci\u00f3 en una experi\u00e8ncia saludable. Aix\u00ed mateix, l\u2019activitat ha perm\u00e8s establir un di\u00e0leg, plantejat tant a nivell intern (amb un mateix) com extern (amb l\u2019altre\/a i el col\u00b7lectiu), i teixir un recorregut de sentiments, pensaments i experi\u00e8ncies tradu\u00efdes en imatges.<\/p>\n\n\n\n<div class=\"wp-block-stackable-heading stk-block-heading stk-block stk-3dfd46f\" id=\"testimonials\" data-block-id=\"3dfd46f\"><h3 class=\"stk-block-heading__text\">Testimonials<\/h3><\/div>\n\n\n\n<p><em>S\u00f3c l\u2019Armando, usuari del Servei de Rehabilitaci\u00f3 i estic al taller de fotografia. El monitor de l\u2019activitat ens ha fet dues preguntes a les que contestar\u00e9 amb molt de gust. La primera: de qu\u00e8 t\u2019has adonat fent l\u2019activitat de fotografia?<\/em><\/p>\n\n\n\n<p><em>B\u00e9, he de dir que m\u2019ha sorpr\u00e8s la qualitat de les fotos venint d\u2019alg\u00fa que no t\u00e9 gens d\u2019experi\u00e8ncia en fotografia. Els llocs escollits per capturar les imatges han estat a l\u2019atzar, llocs sense un significat concret per mi, de nost\u00e0lgia o alguna cosa per l\u2019estil. Les fotografies, en general, han seguit un patr\u00f3, podr\u00edem dir, angle, lluminositat, dist\u00e0ncia.<\/em><\/p>\n\n\n\n<p><em>Despr\u00e9s de les meves primeres impressions en captar la imatge, les he transformat o, millor dit, hi he afegit alguna cosa, que, aqu\u00ed s\u00ed, podria dir que \u00e9s personal i que s\u00f3n idees que han anat sorgint a mesura que les relacionava amb inquietuds personals que aparegueren al llarg dels anys.<\/em><\/p>\n\n\n\n<p><em>La segona pregunta que m\u2019ha fet ha estat: com t\u2019has sentit observant l\u2019entorn?<\/em><\/p>\n\n\n\n<p><em>Jo no he deixat que l\u2019entorn m\u2019absorbeixi, m\u00e9s aviat a la inversa, he intentat, mitjan\u00e7ant la fotografia, absorbir l\u2019entorn.<\/em><\/p>\n\n\n\n<p><em>Per acabar dir que han estat unes tardes molt agradables, compartint-les amb altres persones usu\u00e0ries del Centre.<\/em><\/p>\n\n\n\n<p><\/p>\n\n\n\n<p>Altre testimonial disponible en aquest v\u00eddeo:<\/p>\n\n\n\n<div class=\"wp-block-stackable-video-popup stk-block-video-popup stk-block stk-6df16ac\" data-video=\"https:\/\/youtu.be\/SkZEIFOMsGg\" data-block-id=\"6df16ac\"><button class=\"stk-block-video-popup__overlay stk-row stk-inner-blocks stk-block-content stk-hover-parent\" aria-label=\"Play Video\">\n<div class=\"wp-block-stackable-icon stk-block-icon has-text-align-center stk-block stk-ba2f983\" data-block-id=\"ba2f983\"><span class=\"stk--svg-wrapper\"><div class=\"stk--inner-svg\"><svg style=\"height:0;width:0\"><defs><linearGradient id=\"linear-gradient-ba2f983\" x1=\"0\" x2=\"100%\" y1=\"0\" y2=\"0\"><stop offset=\"0%\" style=\"stop-opacity:1;stop-color:var(--linear-gradient-ba-2-f-983-color-1)\"><\/stop><stop offset=\"100%\" style=\"stop-opacity:1;stop-color:var(--linear-gradient-ba-2-f-983-color-2)\"><\/stop><\/linearGradient><\/defs><\/svg><svg data-prefix=\"fas\" data-icon=\"play\" class=\"svg-inline--fa fa-play fa-w-14\" xmlns=\"http:\/\/www.w3.org\/2000\/svg\" viewBox=\"0 0 448 512\" aria-hidden=\"true\" width=\"32\" height=\"32\"><path fill=\"currentColor\" d=\"M424.4 214.7L72.4 6.6C43.8-10.3 0 6.1 0 47.9V464c0 37.5 40.7 60.1 72.4 41.3l352-208c31.4-18.5 31.5-64.1 0-82.6z\"><\/path><\/svg><\/div><\/span><\/div>\n\n\n\n<div class=\"wp-block-stackable-image stk-block-image stk-block stk-ebec24c\" data-block-id=\"ebec24c\"><figure class=\"stk-img-wrapper stk-image--shape-stretch\"><img loading=\"lazy\" decoding=\"async\" class=\"stk-img wp-image-4403\" src=\"https:\/\/hospitalsagratcormartorell.org\/entre-tots\/wp-content\/uploads\/2022\/07\/Captura-de-pantalla-2022-07-26-a-les-15.16.19.jpg\" width=\"2540\" height=\"1332\" srcset=\"https:\/\/fundaciohospitalariesmartorell.org\/entre-tots\/wp-content\/uploads\/2022\/07\/Captura-de-pantalla-2022-07-26-a-les-15.16.19.jpg 2540w, https:\/\/fundaciohospitalariesmartorell.org\/entre-tots\/wp-content\/uploads\/2022\/07\/Captura-de-pantalla-2022-07-26-a-les-15.16.19-300x157.jpg 300w, https:\/\/fundaciohospitalariesmartorell.org\/entre-tots\/wp-content\/uploads\/2022\/07\/Captura-de-pantalla-2022-07-26-a-les-15.16.19-1024x537.jpg 1024w, https:\/\/fundaciohospitalariesmartorell.org\/entre-tots\/wp-content\/uploads\/2022\/07\/Captura-de-pantalla-2022-07-26-a-les-15.16.19-768x403.jpg 768w, https:\/\/fundaciohospitalariesmartorell.org\/entre-tots\/wp-content\/uploads\/2022\/07\/Captura-de-pantalla-2022-07-26-a-les-15.16.19-1536x805.jpg 1536w, https:\/\/fundaciohospitalariesmartorell.org\/entre-tots\/wp-content\/uploads\/2022\/07\/Captura-de-pantalla-2022-07-26-a-les-15.16.19-2048x1074.jpg 2048w, https:\/\/fundaciohospitalariesmartorell.org\/entre-tots\/wp-content\/uploads\/2022\/07\/Captura-de-pantalla-2022-07-26-a-les-15.16.19-1320x692.jpg 1320w\" sizes=\"auto, (max-width: 2540px) 100vw, 2540px\" \/><\/figure><\/div>\n<\/button><\/div>\n","protected":false},"excerpt":{"rendered":"<p>Xevi Franquesa. A inicis del mes de febrer vam iniciar aquest projecte partint d\u2019una necessitat que observ\u00e0vem en diferents persones usu\u00e0ries del Servei de Rehabilitaci\u00f3 Comunit\u00e0ria: la capacitat de comunicar-se amb altres companys des de l\u2019observaci\u00f3 i facilitant el coneixement de l\u2019entorn social, ampliant la xarxa de suport i disminuint l\u2019a\u00efllament social. Es tracta de [&hellip;]<\/p>\n","protected":false},"author":2,"featured_media":4398,"comment_status":"closed","ping_status":"closed","sticky":false,"template":"","format":"standard","meta":{"footnotes":""},"categories":[28],"tags":[],"class_list":["post-4396","post","type-post","status-publish","format-standard","has-post-thumbnail","hentry","category-tot-aixo-es-nostre"],"blocksy_meta":{"styles_descriptor":{"styles":{"desktop":"","tablet":"","mobile":""},"google_fonts":[],"version":6},"post_title_panel":"","has_hero_section":"default","91e31a1db8280423d32fdde85add83ac":"","hero_section":"type-1","hero_elements":[{"id":"custom_title","enabled":true,"heading_tag":"h1","title":"Home"},{"id":"custom_description","enabled":true,"description_visibility":{"desktop":true,"tablet":true,"mobile":false}},{"id":"custom_meta","enabled":true,"meta_elements":[{"id":"author","enabled":true,"label":"By","has_author_avatar":"yes","avatar_size":25},{"id":"post_date","enabled":true,"label":"On","date_format_source":"default","date_format":"M j, Y"},{"id":"updated_date","enabled":false,"label":"On","date_format_source":"default","date_format":"M j, Y"},{"id":"categories","enabled":true,"label":"In","style":"simple"},{"id":"comments","enabled":true}],"page_meta_elements":{"joined":true,"articles_count":true,"comments":true}},{"id":"breadcrumbs","enabled":false}],"6e3893a2a5331736682ffe849be50042":"","hero_alignment1":"CT_CSS_SKIP_RULE","hero_margin":40,"hero_alignment2":"center","hero_vertical_alignment":"center","6536f25b423317166e028d4af0dda2d9":"","hero_structure":"narrow","8e4737e563c1878dbb2ad9f3cac18e3e":"","page_title_bg_type":"featured_image","custom_hero_background":{"attachment_id":null},"page_title_image_size":"full","parallax":{"desktop":false,"tablet":false,"mobile":false},"6eeb4798f0b6ff0b63350eae9ca5b89c":"","hero_height":"250px","pageTitleFont":{"family":"Default","variation":"Default","size":"30px","line-height":"CT_CSS_SKIP_RULE","letter-spacing":"CT_CSS_SKIP_RULE","text-transform":"CT_CSS_SKIP_RULE","text-decoration":"CT_CSS_SKIP_RULE"},"pageTitleFontColor":{"default":{"color":"CT_CSS_SKIP_RULEDEFAULT"}},"pageMetaFont":{"family":"Default","variation":"n6","size":"12px","line-height":"1.3","letter-spacing":"CT_CSS_SKIP_RULE","text-transform":"uppercase","text-decoration":"CT_CSS_SKIP_RULE"},"pageMetaFontColor":{"default":{"color":"CT_CSS_SKIP_RULEDEFAULT"},"hover":{"color":"CT_CSS_SKIP_RULEDEFAULT"}},"page_meta_button_type_font_colors":{"default":{"color":"CT_CSS_SKIP_RULEDEFAULT"},"hover":{"color":"CT_CSS_SKIP_RULEDEFAULT"}},"page_meta_button_type_background_colors":{"default":{"color":"CT_CSS_SKIP_RULEDEFAULT"},"hover":{"color":"CT_CSS_SKIP_RULEDEFAULT"}},"pageExcerptFont":{"family":"Default","variation":"Default","size":"CT_CSS_SKIP_RULE","line-height":"CT_CSS_SKIP_RULE","letter-spacing":"CT_CSS_SKIP_RULE","text-transform":"CT_CSS_SKIP_RULE","text-decoration":"CT_CSS_SKIP_RULE"},"pageExcerptColor":{"default":{"color":"CT_CSS_SKIP_RULEDEFAULT"}},"breadcrumbsFont":{"family":"Default","variation":"Default","size":"CT_CSS_SKIP_RULE","line-height":"CT_CSS_SKIP_RULE","letter-spacing":"CT_CSS_SKIP_RULE","text-transform":"CT_CSS_SKIP_RULE","text-decoration":"CT_CSS_SKIP_RULE"},"breadcrumbsFontColor":{"default":{"color":"CT_CSS_SKIP_RULEDEFAULT"},"initial":{"color":"CT_CSS_SKIP_RULEDEFAULT"},"hover":{"color":"CT_CSS_SKIP_RULEDEFAULT"}},"pageTitleOverlay":{"background_type":"color","background_pattern":"type-1","background_image":{"attachment_id":null,"x":0,"y":0},"gradient":"linear-gradient(135deg,rgba(6,147,227,1) 0%,rgb(155,81,224) 100%)","background_repeat":"repeat","background_size":"auto","background_attachment":"scroll","patternColor":{"default":{"color":"#e5e7ea"}},"overlayColor":{"default":{"color":"CT_CSS_SKIP_RULE"}},"backgroundColor":{"default":{"color":"CT_CSS_SKIP_RULE"}}},"pageTitleBackground":{"background_type":"color","background_pattern":"type-1","background_image":{"attachment_id":null,"x":0,"y":0},"gradient":"linear-gradient(135deg,rgba(6,147,227,1) 0%,rgb(155,81,224) 100%)","background_repeat":"repeat","background_size":"auto","background_attachment":"scroll","patternColor":{"default":{"color":"#e5e7ea"}},"overlayColor":{"default":{"color":"CT_CSS_SKIP_RULE"}},"backgroundColor":{"default":{"color":"var(--theme-palette-color-6)"}}},"pageTitlePadding":{"top":"50px","bottom":"50px","left":"auto","right":"auto","linked":true},"b081782cdc6094d9f69e5ebb6cc7aefc":"","page_structure_type":"default","23243a2a158307e75b0d4b44245c443d":"","content_style_source":"inherit","content_style":"wide","06425a13ff6ac02f993ccf2c965c39e8":"","vertical_spacing_source":"inherit","content_area_spacing":"both","background":{"background_type":"color","background_pattern":"type-1","background_image":{"attachment_id":null,"x":0,"y":0},"gradient":"linear-gradient(135deg,rgba(6,147,227,1) 0%,rgb(155,81,224) 100%)","background_repeat":"repeat","background_size":"auto","background_attachment":"scroll","patternColor":{"default":{"color":"#e5e7ea"}},"overlayColor":{"default":{"color":"CT_CSS_SKIP_RULE"}},"backgroundColor":{"default":{"color":"CT_CSS_SKIP_RULE"}}},"content_background":{"background_type":"color","background_pattern":"type-1","background_image":{"attachment_id":null,"x":0,"y":0},"gradient":"linear-gradient(135deg,rgba(6,147,227,1) 0%,rgb(155,81,224) 100%)","background_repeat":"repeat","background_size":"auto","background_attachment":"scroll","patternColor":{"default":{"color":"#e5e7ea"}},"overlayColor":{"default":{"color":"CT_CSS_SKIP_RULE"}},"backgroundColor":{"default":{"color":"var(--theme-palette-color-8)"}}},"content_boxed_shadow":{"inherit":false,"blur":18,"spread":-6,"v_offset":12,"h_offset":0,"inset":false,"enable":true,"color":{"color":"rgba(34, 56, 101, 0.04)"}},"content_boxed_border":{"width":1,"style":"none","color":{"color":"rgba(44,62,80,0.2)"}},"content_boxed_radius":{"top":"3px","bottom":"3px","left":"3px","right":"3px","linked":true},"boxed_content_spacing":{"desktop":{"top":"40px","bottom":"40px","left":"40px","right":"40px","linked":true},"tablet":{"top":"35px","bottom":"35px","left":"35px","right":"35px","linked":true},"mobile":{"top":"20px","bottom":"20px","left":"20px","right":"20px","linked":true}},"d848ecf71e681b4e7485bb21db489966":"","disable_featured_image":"no","disable_post_tags":"no","disable_share_box":"no","disable_author_box":"no","disable_posts_navigation":"no","be23dcfd7e77d8ab5842a050fd75f8a0":"","disable_related_posts":"no","disable_header":"no","disable_footer":"no","b1a2524249dbaf52130b996a6d0bcb5e":"","576f1282993495d2f4b68d24d5ab6bb0":"","ad9bc5ddef86bab9d85e2991915bc38c":"","aac35bb2e4809b00cfc0d747a344e90f":"","c9a04377f69541f8b14c48264503f343":"","3e1d731f7fb726af9ee3ec1089c2bd1c":"","75c30f8a14208a3e27d007ea5106e444":"","200cd3f4e98e68bfa745e5d256c8a1fb":"","f4bc20a323b83537fa488ac124ab9986":"","65d3a73f15809d3c30a395a467a197a6":""},"featured_image_urls_v2":{"full":["https:\/\/fundaciohospitalariesmartorell.org\/entre-tots\/wp-content\/uploads\/2022\/07\/20220315_160212-rotated.jpg",2448,2448,false],"thumbnail":["https:\/\/fundaciohospitalariesmartorell.org\/entre-tots\/wp-content\/uploads\/2022\/07\/20220315_160212-150x150.jpg",150,150,true],"medium":["https:\/\/fundaciohospitalariesmartorell.org\/entre-tots\/wp-content\/uploads\/2022\/07\/20220315_160212-300x300.jpg",300,300,true],"medium_large":["https:\/\/fundaciohospitalariesmartorell.org\/entre-tots\/wp-content\/uploads\/2022\/07\/20220315_160212-768x768.jpg",768,768,true],"large":["https:\/\/fundaciohospitalariesmartorell.org\/entre-tots\/wp-content\/uploads\/2022\/07\/20220315_160212-1024x1024.jpg",1024,1024,true],"1536x1536":["https:\/\/fundaciohospitalariesmartorell.org\/entre-tots\/wp-content\/uploads\/2022\/07\/20220315_160212-1536x1536.jpg",1536,1536,true],"2048x2048":["https:\/\/fundaciohospitalariesmartorell.org\/entre-tots\/wp-content\/uploads\/2022\/07\/20220315_160212-2048x2048.jpg",2048,2048,true],"mailpoet_newsletter_max":["https:\/\/fundaciohospitalariesmartorell.org\/entre-tots\/wp-content\/uploads\/2022\/07\/20220315_160212-1320x1320.jpg",1320,1320,true]},"post_excerpt_stackable_v2":"<p>Xevi Franquesa. A inicis del mes de febrer vam iniciar aquest projecte partint d\u2019una necessitat que observ\u00e0vem en diferents persones usu\u00e0ries del Servei de Rehabilitaci\u00f3 Comunit\u00e0ria: la capacitat de comunicar-se amb altres companys des de l\u2019observaci\u00f3 i facilitant el coneixement de l\u2019entorn social, ampliant la xarxa de suport i disminuint l\u2019a\u00efllament social. Es tracta de persones amb trastorn mental sever o risc de cronificaci\u00f3, amb dificultats per realitzar activitats a la comunitat, manca o escassa xarxa de suport social i problemes per aprofundir en els coneixements del seu entorn m\u00e9s proper. La fotografia \u00e9s una eina efica\u00e7 que ens ha&hellip;<\/p>\n","category_list_v2":"<a href=\"https:\/\/fundaciohospitalariesmartorell.org\/entre-tots\/category\/tot-aixo-es-nostre\/\" rel=\"category tag\">TOT AIX\u00d2 \u00c9S NOSTRE<\/a>","author_info_v2":{"name":"Sagrat Cor","url":"https:\/\/fundaciohospitalariesmartorell.org\/entre-tots\/author\/daniel\/"},"comments_num_v2":"0 comments","_links":{"self":[{"href":"https:\/\/fundaciohospitalariesmartorell.org\/entre-tots\/wp-json\/wp\/v2\/posts\/4396","targetHints":{"allow":["GET"]}}],"collection":[{"href":"https:\/\/fundaciohospitalariesmartorell.org\/entre-tots\/wp-json\/wp\/v2\/posts"}],"about":[{"href":"https:\/\/fundaciohospitalariesmartorell.org\/entre-tots\/wp-json\/wp\/v2\/types\/post"}],"author":[{"embeddable":true,"href":"https:\/\/fundaciohospitalariesmartorell.org\/entre-tots\/wp-json\/wp\/v2\/users\/2"}],"replies":[{"embeddable":true,"href":"https:\/\/fundaciohospitalariesmartorell.org\/entre-tots\/wp-json\/wp\/v2\/comments?post=4396"}],"version-history":[{"count":4,"href":"https:\/\/fundaciohospitalariesmartorell.org\/entre-tots\/wp-json\/wp\/v2\/posts\/4396\/revisions"}],"predecessor-version":[{"id":4404,"href":"https:\/\/fundaciohospitalariesmartorell.org\/entre-tots\/wp-json\/wp\/v2\/posts\/4396\/revisions\/4404"}],"wp:featuredmedia":[{"embeddable":true,"href":"https:\/\/fundaciohospitalariesmartorell.org\/entre-tots\/wp-json\/wp\/v2\/media\/4398"}],"wp:attachment":[{"href":"https:\/\/fundaciohospitalariesmartorell.org\/entre-tots\/wp-json\/wp\/v2\/media?parent=4396"}],"wp:term":[{"taxonomy":"category","embeddable":true,"href":"https:\/\/fundaciohospitalariesmartorell.org\/entre-tots\/wp-json\/wp\/v2\/categories?post=4396"},{"taxonomy":"post_tag","embeddable":true,"href":"https:\/\/fundaciohospitalariesmartorell.org\/entre-tots\/wp-json\/wp\/v2\/tags?post=4396"}],"curies":[{"name":"wp","href":"https:\/\/api.w.org\/{rel}","templated":true}]}}