{"id":4483,"date":"2022-09-29T09:54:35","date_gmt":"2022-09-29T07:54:35","guid":{"rendered":"https:\/\/newweb.hospitalsagratcormartorell.org\/entre-tots\/?p=4483"},"modified":"2022-10-05T11:59:25","modified_gmt":"2022-10-05T09:59:25","slug":"una-usuaria-de-rh1-du-a-terme-una-iniciativa-per-conscienciar-sobre-lelevat-volum-de-cigarretes-que-es-llencen-a-terra","status":"publish","type":"post","link":"https:\/\/fundaciohospitalariesmartorell.org\/entre-tots\/2022\/09\/una-usuaria-de-rh1-du-a-terme-una-iniciativa-per-conscienciar-sobre-lelevat-volum-de-cigarretes-que-es-llencen-a-terra\/","title":{"rendered":"Una usu\u00e0ria d&#8217;RH1 du a terme una iniciativa per conscienciar sobre l\u2019elevat volum de cigarretes que es llencen a terra"},"content":{"rendered":"<figure class=\"wp-block-post-featured-image\"><img loading=\"lazy\" decoding=\"async\" width=\"1920\" height=\"1080\" src=\"https:\/\/fundaciohospitalariesmartorell.org\/entre-tots\/wp-content\/uploads\/2022\/09\/Recogida-de-colillas-para-concienciar-de-la-basura-que-se-tira-al-suelo-1-34-screenshot.png\" class=\"attachment-post-thumbnail size-post-thumbnail wp-post-image\" alt=\"\" style=\"object-fit:cover;\" srcset=\"https:\/\/fundaciohospitalariesmartorell.org\/entre-tots\/wp-content\/uploads\/2022\/09\/Recogida-de-colillas-para-concienciar-de-la-basura-que-se-tira-al-suelo-1-34-screenshot.png 1920w, https:\/\/fundaciohospitalariesmartorell.org\/entre-tots\/wp-content\/uploads\/2022\/09\/Recogida-de-colillas-para-concienciar-de-la-basura-que-se-tira-al-suelo-1-34-screenshot-300x169.png 300w, https:\/\/fundaciohospitalariesmartorell.org\/entre-tots\/wp-content\/uploads\/2022\/09\/Recogida-de-colillas-para-concienciar-de-la-basura-que-se-tira-al-suelo-1-34-screenshot-1024x576.png 1024w, https:\/\/fundaciohospitalariesmartorell.org\/entre-tots\/wp-content\/uploads\/2022\/09\/Recogida-de-colillas-para-concienciar-de-la-basura-que-se-tira-al-suelo-1-34-screenshot-768x432.png 768w, https:\/\/fundaciohospitalariesmartorell.org\/entre-tots\/wp-content\/uploads\/2022\/09\/Recogida-de-colillas-para-concienciar-de-la-basura-que-se-tira-al-suelo-1-34-screenshot-1536x864.png 1536w, https:\/\/fundaciohospitalariesmartorell.org\/entre-tots\/wp-content\/uploads\/2022\/09\/Recogida-de-colillas-para-concienciar-de-la-basura-que-se-tira-al-suelo-1-34-screenshot-1320x743.png 1320w\" sizes=\"auto, (max-width: 1920px) 100vw, 1920px\" \/><\/figure>\n\n\n<p>La Sara, usu\u00e0ria de la unitat RH1 del nostre Hospital, va dur a terme, el passat mes de maig, una iniciativa per conscienciar la resta de persones usu\u00e0ries que consumeixen tabac sobre l\u2019elevat volum de cigarretes que es llencen a terra.<strong><\/strong><\/p>\n\n\n\n<p>Aix\u00ed, va anar recollint durant una setmana les cigarretes que hi ha havia al pati que comparteixen usuaris i usu\u00e0ries d\u2019RH1 i RH2, i les va anar introduint, una a una, en ampolles buides de litre i mig d\u2019aigua. En va omplir un total de tres.<\/p>\n\n\n\n<p>La Sara va presentar els resultats als companys i companyes d\u2019ambdues unitats, i quan van veure les ampolles van prendre consci\u00e8ncia de la quantitat de brossa que es tira a terra. \u201cAra el pati est\u00e0 molt m\u00e9s net per la qual cosa crec que el meu experiment va valdre la pena; m\u2019agradaria poder explicar-lo a altres unitats\u201d, afirma.<\/p>\n\n\n\n<p>La Sandra P\u00e9rez, terapeuta ocupacional del nostre Centre, est\u00e0 molt contenta amb com aquest projecte ha motivat la Sara i es mostra conven\u00e7uda que l\u2019ajudar\u00e0 en el seu proc\u00e9s rehabilitador.<\/p>\n\n\n\n<p>Podeu veure el seg\u00fcent v\u00eddeo on la Sara explica la iniciativa:<\/p>\n\n\n\n<figure class=\"wp-block-embed is-type-video is-provider-youtube wp-block-embed-youtube wp-embed-aspect-16-9 wp-has-aspect-ratio\"><div class=\"wp-block-embed__wrapper\">\n<iframe loading=\"lazy\" title=\"Recogida de colillas para concienciar de la basura que se tira al suelo\" width=\"1290\" height=\"726\" src=\"https:\/\/www.youtube.com\/embed\/QSjcTDzyVqU?feature=oembed\" frameborder=\"0\" allow=\"accelerometer; autoplay; clipboard-write; encrypted-media; gyroscope; picture-in-picture\" allowfullscreen><\/iframe>\n<\/div><\/figure>\n","protected":false},"excerpt":{"rendered":"<p>La Sara, usu\u00e0ria de la unitat RH1 del nostre Hospital, va dur a terme, el passat mes de maig, una iniciativa per conscienciar la resta de persones usu\u00e0ries que consumeixen tabac sobre l\u2019elevat volum de cigarretes que es llencen a terra. Aix\u00ed, va anar recollint durant una setmana les cigarretes que hi ha havia al [&hellip;]<\/p>\n","protected":false},"author":3,"featured_media":4484,"comment_status":"closed","ping_status":"closed","sticky":false,"template":"","format":"standard","meta":{"footnotes":""},"categories":[27],"tags":[],"class_list":["post-4483","post","type-post","status-publish","format-standard","has-post-thumbnail","hentry","category-actualitat"],"blocksy_meta":{"styles_descriptor":{"styles":{"desktop":"","tablet":"","mobile":""},"google_fonts":[],"version":6}},"featured_image_urls_v2":{"full":["https:\/\/fundaciohospitalariesmartorell.org\/entre-tots\/wp-content\/uploads\/2022\/09\/Recogida-de-colillas-para-concienciar-de-la-basura-que-se-tira-al-suelo-1-34-screenshot.png",1920,1080,false],"thumbnail":["https:\/\/fundaciohospitalariesmartorell.org\/entre-tots\/wp-content\/uploads\/2022\/09\/Recogida-de-colillas-para-concienciar-de-la-basura-que-se-tira-al-suelo-1-34-screenshot-150x150.png",150,150,true],"medium":["https:\/\/fundaciohospitalariesmartorell.org\/entre-tots\/wp-content\/uploads\/2022\/09\/Recogida-de-colillas-para-concienciar-de-la-basura-que-se-tira-al-suelo-1-34-screenshot-300x169.png",300,169,true],"medium_large":["https:\/\/fundaciohospitalariesmartorell.org\/entre-tots\/wp-content\/uploads\/2022\/09\/Recogida-de-colillas-para-concienciar-de-la-basura-que-se-tira-al-suelo-1-34-screenshot-768x432.png",768,432,true],"large":["https:\/\/fundaciohospitalariesmartorell.org\/entre-tots\/wp-content\/uploads\/2022\/09\/Recogida-de-colillas-para-concienciar-de-la-basura-que-se-tira-al-suelo-1-34-screenshot-1024x576.png",1024,576,true],"1536x1536":["https:\/\/fundaciohospitalariesmartorell.org\/entre-tots\/wp-content\/uploads\/2022\/09\/Recogida-de-colillas-para-concienciar-de-la-basura-que-se-tira-al-suelo-1-34-screenshot-1536x864.png",1536,864,true],"2048x2048":["https:\/\/fundaciohospitalariesmartorell.org\/entre-tots\/wp-content\/uploads\/2022\/09\/Recogida-de-colillas-para-concienciar-de-la-basura-que-se-tira-al-suelo-1-34-screenshot.png",1920,1080,false],"mailpoet_newsletter_max":["https:\/\/fundaciohospitalariesmartorell.org\/entre-tots\/wp-content\/uploads\/2022\/09\/Recogida-de-colillas-para-concienciar-de-la-basura-que-se-tira-al-suelo-1-34-screenshot-1320x743.png",1320,743,true]},"post_excerpt_stackable_v2":"<p>La Sara, usu\u00e0ria de la unitat RH1 del nostre Hospital, va dur a terme, el passat mes de maig, una iniciativa per conscienciar la resta de persones usu\u00e0ries que consumeixen tabac sobre l\u2019elevat volum de cigarretes que es llencen a terra. Aix\u00ed, va anar recollint durant una setmana les cigarretes que hi ha havia al pati que comparteixen usuaris i usu\u00e0ries d\u2019RH1 i RH2, i les va anar introduint, una a una, en ampolles buides de litre i mig d\u2019aigua. En va omplir un total de tres. La Sara va presentar els resultats als companys i companyes d\u2019ambdues unitats, i&hellip;<\/p>\n","category_list_v2":"<a href=\"https:\/\/fundaciohospitalariesmartorell.org\/entre-tots\/category\/actualitat\/\" rel=\"category tag\">ACTUALITAT<\/a>","author_info_v2":{"name":"Anna Casanovas","url":"https:\/\/fundaciohospitalariesmartorell.org\/entre-tots\/author\/acasanovasr\/"},"comments_num_v2":"0 comments","_links":{"self":[{"href":"https:\/\/fundaciohospitalariesmartorell.org\/entre-tots\/wp-json\/wp\/v2\/posts\/4483","targetHints":{"allow":["GET"]}}],"collection":[{"href":"https:\/\/fundaciohospitalariesmartorell.org\/entre-tots\/wp-json\/wp\/v2\/posts"}],"about":[{"href":"https:\/\/fundaciohospitalariesmartorell.org\/entre-tots\/wp-json\/wp\/v2\/types\/post"}],"author":[{"embeddable":true,"href":"https:\/\/fundaciohospitalariesmartorell.org\/entre-tots\/wp-json\/wp\/v2\/users\/3"}],"replies":[{"embeddable":true,"href":"https:\/\/fundaciohospitalariesmartorell.org\/entre-tots\/wp-json\/wp\/v2\/comments?post=4483"}],"version-history":[{"count":5,"href":"https:\/\/fundaciohospitalariesmartorell.org\/entre-tots\/wp-json\/wp\/v2\/posts\/4483\/revisions"}],"predecessor-version":[{"id":4610,"href":"https:\/\/fundaciohospitalariesmartorell.org\/entre-tots\/wp-json\/wp\/v2\/posts\/4483\/revisions\/4610"}],"wp:featuredmedia":[{"embeddable":true,"href":"https:\/\/fundaciohospitalariesmartorell.org\/entre-tots\/wp-json\/wp\/v2\/media\/4484"}],"wp:attachment":[{"href":"https:\/\/fundaciohospitalariesmartorell.org\/entre-tots\/wp-json\/wp\/v2\/media?parent=4483"}],"wp:term":[{"taxonomy":"category","embeddable":true,"href":"https:\/\/fundaciohospitalariesmartorell.org\/entre-tots\/wp-json\/wp\/v2\/categories?post=4483"},{"taxonomy":"post_tag","embeddable":true,"href":"https:\/\/fundaciohospitalariesmartorell.org\/entre-tots\/wp-json\/wp\/v2\/tags?post=4483"}],"curies":[{"name":"wp","href":"https:\/\/api.w.org\/{rel}","templated":true}]}}