{"id":4489,"date":"2022-10-05T10:57:35","date_gmt":"2022-10-05T08:57:35","guid":{"rendered":"https:\/\/newweb.hospitalsagratcormartorell.org\/entre-tots\/?p=4489"},"modified":"2022-10-06T11:08:12","modified_gmt":"2022-10-06T09:08:12","slug":"eduardo-evanan-sincorpora-a-lequip-de-redaccio-de-lentre-tots","status":"publish","type":"post","link":"https:\/\/fundaciohospitalariesmartorell.org\/entre-tots\/2022\/10\/eduardo-evanan-sincorpora-a-lequip-de-redaccio-de-lentre-tots\/","title":{"rendered":"Eduardo Evanan s\u2019incorpora a l\u2019equip de redacci\u00f3 de l\u2019Entre Tots"},"content":{"rendered":"<figure class=\"wp-block-post-featured-image\"><img loading=\"lazy\" decoding=\"async\" width=\"960\" height=\"540\" src=\"https:\/\/fundaciohospitalariesmartorell.org\/entre-tots\/wp-content\/uploads\/2022\/09\/FB_IMG_1663259835612.jpg\" class=\"attachment-post-thumbnail size-post-thumbnail wp-post-image\" alt=\"\" style=\"object-fit:cover;\" srcset=\"https:\/\/fundaciohospitalariesmartorell.org\/entre-tots\/wp-content\/uploads\/2022\/09\/FB_IMG_1663259835612.jpg 960w, https:\/\/fundaciohospitalariesmartorell.org\/entre-tots\/wp-content\/uploads\/2022\/09\/FB_IMG_1663259835612-300x169.jpg 300w, https:\/\/fundaciohospitalariesmartorell.org\/entre-tots\/wp-content\/uploads\/2022\/09\/FB_IMG_1663259835612-768x432.jpg 768w\" sizes=\"auto, (max-width: 960px) 100vw, 960px\" \/><\/figure>\n\n\n<p><strong>Eduardo Evanan<\/strong>, coordinador d\u2019infermeria de l\u2019\u00c0rea Sociosanit\u00e0ria de l\u2019Hospital Sagrat Cor, s&#8217;ha incorporat aquest mes de setembre a l\u2019equip de redacci\u00f3 de la nostra revista. En aquesta not\u00edcia ens parla del seu inter\u00e8s per l\u2019escriptura i la lectura.<\/p>\n\n\n\n<p>Tal i com ell mateix diu, <strong>\u201csempre he defensat la infermeria com la meva vocaci\u00f3 i la lectura i l\u2019escriptura com les meves passions\u201d<\/strong>. Si li preguntem pels seus h\u00e0bits, els descriu com a senzills: \u00e9s \u201cmatiner, amant de la soledat, el senderisme de muntanya, la natura, el cinema basat en llibres i llegir abans d\u2019anar a dormir, generalment novel\u00b7la hist\u00f2rica i poesia de matinada\u201d.<\/p>\n\n\n\n<p><strong>Lector empedre\u00eft, autodidacta i amb una passi\u00f3 irrefrenable per escriure narrativa i poesia<\/strong>, l\u2019Eduardo ens explica que mai ha pensat en ser periodista ni redactor de not\u00edcies, per\u00f2 que s\u00ed que somia amb publicar una novel\u00b7la curta i un poemari.<\/p>\n\n\n\n<p>Els seus llibres de cap\u00e7alera s\u00f3n <em>El mundo es ancho y ajeno<\/em>, de Ciro Alegr\u00eda, i <em>20 poemas de amor y una canci\u00f3n desesperada<\/em>, de Pablo Neruda, aix\u00ed com l\u2019assaig <em>El infinito en un junco <\/em>d\u2019Irene Vallejo, que el va captivar i el va deixar amb ganes de m\u00e9s. Al parlar dels seus autors favorits, ens diu \u201csoc fan de Santiago Posteguillo i Valerio Massimo Manfredi i admirador de Gabriel Garc\u00eda M\u00e1rquez i Mario Vargas Llosa\u201d.<\/p>\n\n\n\n<p>Agraeix la <strong>seva incorporaci\u00f3 a l\u2019equip de redacci\u00f3 de l\u2019<\/strong><strong><em><strong><em>Entre Tots<\/em><\/strong><\/em><\/strong><em>, <\/em>on podr\u00e0 posar en pr\u00e0ctica la seva passi\u00f3 per l\u2019escriptura.<\/p>\n\n\n\n<p><\/p>\n","protected":false},"excerpt":{"rendered":"<p>Eduardo Evanan, coordinador d\u2019infermeria de l\u2019\u00c0rea Sociosanit\u00e0ria de l\u2019Hospital Sagrat Cor, s&#8217;ha incorporat aquest mes de setembre a l\u2019equip de redacci\u00f3 de la nostra revista. En aquesta not\u00edcia ens parla del seu inter\u00e8s per l\u2019escriptura i la lectura. Tal i com ell mateix diu, \u201csempre he defensat la infermeria com la meva vocaci\u00f3 i la [&hellip;]<\/p>\n","protected":false},"author":3,"featured_media":4490,"comment_status":"closed","ping_status":"closed","sticky":false,"template":"","format":"standard","meta":{"footnotes":""},"categories":[27],"tags":[],"class_list":["post-4489","post","type-post","status-publish","format-standard","has-post-thumbnail","hentry","category-actualitat"],"blocksy_meta":{"styles_descriptor":{"styles":{"desktop":"","tablet":"","mobile":""},"google_fonts":[],"version":6}},"featured_image_urls_v2":{"full":["https:\/\/fundaciohospitalariesmartorell.org\/entre-tots\/wp-content\/uploads\/2022\/09\/FB_IMG_1663259835612.jpg",960,540,false],"thumbnail":["https:\/\/fundaciohospitalariesmartorell.org\/entre-tots\/wp-content\/uploads\/2022\/09\/FB_IMG_1663259835612-150x150.jpg",150,150,true],"medium":["https:\/\/fundaciohospitalariesmartorell.org\/entre-tots\/wp-content\/uploads\/2022\/09\/FB_IMG_1663259835612-300x169.jpg",300,169,true],"medium_large":["https:\/\/fundaciohospitalariesmartorell.org\/entre-tots\/wp-content\/uploads\/2022\/09\/FB_IMG_1663259835612-768x432.jpg",768,432,true],"large":["https:\/\/fundaciohospitalariesmartorell.org\/entre-tots\/wp-content\/uploads\/2022\/09\/FB_IMG_1663259835612.jpg",960,540,false],"1536x1536":["https:\/\/fundaciohospitalariesmartorell.org\/entre-tots\/wp-content\/uploads\/2022\/09\/FB_IMG_1663259835612.jpg",960,540,false],"2048x2048":["https:\/\/fundaciohospitalariesmartorell.org\/entre-tots\/wp-content\/uploads\/2022\/09\/FB_IMG_1663259835612.jpg",960,540,false],"mailpoet_newsletter_max":["https:\/\/fundaciohospitalariesmartorell.org\/entre-tots\/wp-content\/uploads\/2022\/09\/FB_IMG_1663259835612.jpg",960,540,false]},"post_excerpt_stackable_v2":"<p>Eduardo Evanan, coordinador d\u2019infermeria de l\u2019\u00c0rea Sociosanit\u00e0ria de l\u2019Hospital Sagrat Cor, s&#8217;ha incorporat aquest mes de setembre a l\u2019equip de redacci\u00f3 de la nostra revista. En aquesta not\u00edcia ens parla del seu inter\u00e8s per l\u2019escriptura i la lectura. Tal i com ell mateix diu, \u201csempre he defensat la infermeria com la meva vocaci\u00f3 i la lectura i l\u2019escriptura com les meves passions\u201d. Si li preguntem pels seus h\u00e0bits, els descriu com a senzills: \u00e9s \u201cmatiner, amant de la soledat, el senderisme de muntanya, la natura, el cinema basat en llibres i llegir abans d\u2019anar a dormir, generalment novel\u00b7la hist\u00f2rica i&hellip;<\/p>\n","category_list_v2":"<a href=\"https:\/\/fundaciohospitalariesmartorell.org\/entre-tots\/category\/actualitat\/\" rel=\"category tag\">ACTUALITAT<\/a>","author_info_v2":{"name":"Anna Casanovas","url":"https:\/\/fundaciohospitalariesmartorell.org\/entre-tots\/author\/acasanovasr\/"},"comments_num_v2":"0 comments","_links":{"self":[{"href":"https:\/\/fundaciohospitalariesmartorell.org\/entre-tots\/wp-json\/wp\/v2\/posts\/4489","targetHints":{"allow":["GET"]}}],"collection":[{"href":"https:\/\/fundaciohospitalariesmartorell.org\/entre-tots\/wp-json\/wp\/v2\/posts"}],"about":[{"href":"https:\/\/fundaciohospitalariesmartorell.org\/entre-tots\/wp-json\/wp\/v2\/types\/post"}],"author":[{"embeddable":true,"href":"https:\/\/fundaciohospitalariesmartorell.org\/entre-tots\/wp-json\/wp\/v2\/users\/3"}],"replies":[{"embeddable":true,"href":"https:\/\/fundaciohospitalariesmartorell.org\/entre-tots\/wp-json\/wp\/v2\/comments?post=4489"}],"version-history":[{"count":4,"href":"https:\/\/fundaciohospitalariesmartorell.org\/entre-tots\/wp-json\/wp\/v2\/posts\/4489\/revisions"}],"predecessor-version":[{"id":4578,"href":"https:\/\/fundaciohospitalariesmartorell.org\/entre-tots\/wp-json\/wp\/v2\/posts\/4489\/revisions\/4578"}],"wp:featuredmedia":[{"embeddable":true,"href":"https:\/\/fundaciohospitalariesmartorell.org\/entre-tots\/wp-json\/wp\/v2\/media\/4490"}],"wp:attachment":[{"href":"https:\/\/fundaciohospitalariesmartorell.org\/entre-tots\/wp-json\/wp\/v2\/media?parent=4489"}],"wp:term":[{"taxonomy":"category","embeddable":true,"href":"https:\/\/fundaciohospitalariesmartorell.org\/entre-tots\/wp-json\/wp\/v2\/categories?post=4489"},{"taxonomy":"post_tag","embeddable":true,"href":"https:\/\/fundaciohospitalariesmartorell.org\/entre-tots\/wp-json\/wp\/v2\/tags?post=4489"}],"curies":[{"name":"wp","href":"https:\/\/api.w.org\/{rel}","templated":true}]}}