{"id":4493,"date":"2022-10-05T10:48:30","date_gmt":"2022-10-05T08:48:30","guid":{"rendered":"https:\/\/newweb.hospitalsagratcormartorell.org\/entre-tots\/?p=4493"},"modified":"2022-10-06T11:55:23","modified_gmt":"2022-10-06T09:55:23","slug":"aquest-es-el-nou-logotip-del-cuidat-x-cuidar","status":"publish","type":"post","link":"https:\/\/fundaciohospitalariesmartorell.org\/entre-tots\/2022\/10\/aquest-es-el-nou-logotip-del-cuidat-x-cuidar\/","title":{"rendered":"Vectoritzaci\u00f3 del logotip del\u00a0Cuida\u2019t x Cuidar"},"content":{"rendered":"<figure class=\"wp-block-post-featured-image\"><img loading=\"lazy\" decoding=\"async\" width=\"1298\" height=\"707\" src=\"https:\/\/fundaciohospitalariesmartorell.org\/entre-tots\/wp-content\/uploads\/2022\/09\/Captura.png\" class=\"attachment-post-thumbnail size-post-thumbnail wp-post-image\" alt=\"\" style=\"object-fit:cover;\" srcset=\"https:\/\/fundaciohospitalariesmartorell.org\/entre-tots\/wp-content\/uploads\/2022\/09\/Captura.png 1298w, https:\/\/fundaciohospitalariesmartorell.org\/entre-tots\/wp-content\/uploads\/2022\/09\/Captura-300x163.png 300w, https:\/\/fundaciohospitalariesmartorell.org\/entre-tots\/wp-content\/uploads\/2022\/09\/Captura-1024x558.png 1024w, https:\/\/fundaciohospitalariesmartorell.org\/entre-tots\/wp-content\/uploads\/2022\/09\/Captura-768x418.png 768w\" sizes=\"auto, (max-width: 1298px) 100vw, 1298px\" \/><\/figure>\n\n\n<p>El passat 23 de juny, durant la Festa del Sagrat Cor de Jes\u00fas, la directora de l\u2019\u00c0rea de Persones, Hortensia P\u00e9rez, va explicar el projecte d\u2019empresa saludable &#8216;Cuida\u2019t x Cuidar&#8217; per promocionar i afavorir el benestar del personal col\u00b7laborador treballant 7 dimensions i 5 eixos.<\/p>\n\n\n\n<p>Va agrair, tamb\u00e9, la participaci\u00f3 de les persones treballadores del Centre i les seves fam\u00edlies en el concurs de dibuix que es va celebrar per trobar un logotip per al projecte.<\/p>\n\n\n\n<p>El guanyador va ser Eric Rosendo, de 7 anys, amb aquest logotip, el qual va passar, posteriorment, per les mans del nostre dissenyador a fi de vectoritzar-lo, a partir de redibuixar els perfils, l\u00ednies i colors perqu\u00e8 es pugui ampliar sense perdre qualitat i, tamb\u00e9, millorar la impressi\u00f3.<\/p>\n\n\n\n<figure class=\"wp-block-image size-full\"><img loading=\"lazy\" decoding=\"async\" width=\"591\" height=\"600\" src=\"https:\/\/hospitalsagratcormartorell.org\/entre-tots\/wp-content\/uploads\/2022\/09\/792_cat_ESCALA_591_600.jpeg\" alt=\"\" class=\"wp-image-4498\" srcset=\"https:\/\/fundaciohospitalariesmartorell.org\/entre-tots\/wp-content\/uploads\/2022\/09\/792_cat_ESCALA_591_600.jpeg 591w, https:\/\/fundaciohospitalariesmartorell.org\/entre-tots\/wp-content\/uploads\/2022\/09\/792_cat_ESCALA_591_600-296x300.jpeg 296w\" sizes=\"auto, (max-width: 591px) 100vw, 591px\" \/><\/figure>\n","protected":false},"excerpt":{"rendered":"<p>El passat 23 de juny, durant la Festa del Sagrat Cor de Jes\u00fas, la directora de l\u2019\u00c0rea de Persones, Hortensia P\u00e9rez, va explicar el projecte d\u2019empresa saludable &#8216;Cuida\u2019t x Cuidar&#8217; per promocionar i afavorir el benestar del personal col\u00b7laborador treballant 7 dimensions i 5 eixos. Va agrair, tamb\u00e9, la participaci\u00f3 de les persones treballadores del [&hellip;]<\/p>\n","protected":false},"author":3,"featured_media":4494,"comment_status":"closed","ping_status":"closed","sticky":false,"template":"","format":"standard","meta":{"footnotes":""},"categories":[27],"tags":[],"class_list":["post-4493","post","type-post","status-publish","format-standard","has-post-thumbnail","hentry","category-actualitat"],"blocksy_meta":{"styles_descriptor":{"styles":{"desktop":"","tablet":"","mobile":""},"google_fonts":[],"version":6}},"featured_image_urls_v2":{"full":["https:\/\/fundaciohospitalariesmartorell.org\/entre-tots\/wp-content\/uploads\/2022\/09\/Captura.png",1298,707,false],"thumbnail":["https:\/\/fundaciohospitalariesmartorell.org\/entre-tots\/wp-content\/uploads\/2022\/09\/Captura-150x150.png",150,150,true],"medium":["https:\/\/fundaciohospitalariesmartorell.org\/entre-tots\/wp-content\/uploads\/2022\/09\/Captura-300x163.png",300,163,true],"medium_large":["https:\/\/fundaciohospitalariesmartorell.org\/entre-tots\/wp-content\/uploads\/2022\/09\/Captura-768x418.png",768,418,true],"large":["https:\/\/fundaciohospitalariesmartorell.org\/entre-tots\/wp-content\/uploads\/2022\/09\/Captura-1024x558.png",1024,558,true],"1536x1536":["https:\/\/fundaciohospitalariesmartorell.org\/entre-tots\/wp-content\/uploads\/2022\/09\/Captura.png",1298,707,false],"2048x2048":["https:\/\/fundaciohospitalariesmartorell.org\/entre-tots\/wp-content\/uploads\/2022\/09\/Captura.png",1298,707,false],"mailpoet_newsletter_max":["https:\/\/fundaciohospitalariesmartorell.org\/entre-tots\/wp-content\/uploads\/2022\/09\/Captura.png",1298,707,false]},"post_excerpt_stackable_v2":"<p>El passat 23 de juny, durant la Festa del Sagrat Cor de Jes\u00fas, la directora de l\u2019\u00c0rea de Persones, Hortensia P\u00e9rez, va explicar el projecte d\u2019empresa saludable &#8216;Cuida\u2019t x Cuidar&#8217; per promocionar i afavorir el benestar del personal col\u00b7laborador treballant 7 dimensions i 5 eixos. Va agrair, tamb\u00e9, la participaci\u00f3 de les persones treballadores del Centre i les seves fam\u00edlies en el concurs de dibuix que es va celebrar per trobar un logotip per al projecte. El guanyador va ser Eric Rosendo, de 7 anys, amb aquest logotip, el qual va passar, posteriorment, per les mans del nostre dissenyador a&hellip;<\/p>\n","category_list_v2":"<a href=\"https:\/\/fundaciohospitalariesmartorell.org\/entre-tots\/category\/actualitat\/\" rel=\"category tag\">ACTUALITAT<\/a>","author_info_v2":{"name":"Anna Casanovas","url":"https:\/\/fundaciohospitalariesmartorell.org\/entre-tots\/author\/acasanovasr\/"},"comments_num_v2":"0 comments","_links":{"self":[{"href":"https:\/\/fundaciohospitalariesmartorell.org\/entre-tots\/wp-json\/wp\/v2\/posts\/4493","targetHints":{"allow":["GET"]}}],"collection":[{"href":"https:\/\/fundaciohospitalariesmartorell.org\/entre-tots\/wp-json\/wp\/v2\/posts"}],"about":[{"href":"https:\/\/fundaciohospitalariesmartorell.org\/entre-tots\/wp-json\/wp\/v2\/types\/post"}],"author":[{"embeddable":true,"href":"https:\/\/fundaciohospitalariesmartorell.org\/entre-tots\/wp-json\/wp\/v2\/users\/3"}],"replies":[{"embeddable":true,"href":"https:\/\/fundaciohospitalariesmartorell.org\/entre-tots\/wp-json\/wp\/v2\/comments?post=4493"}],"version-history":[{"count":5,"href":"https:\/\/fundaciohospitalariesmartorell.org\/entre-tots\/wp-json\/wp\/v2\/posts\/4493\/revisions"}],"predecessor-version":[{"id":4691,"href":"https:\/\/fundaciohospitalariesmartorell.org\/entre-tots\/wp-json\/wp\/v2\/posts\/4493\/revisions\/4691"}],"wp:featuredmedia":[{"embeddable":true,"href":"https:\/\/fundaciohospitalariesmartorell.org\/entre-tots\/wp-json\/wp\/v2\/media\/4494"}],"wp:attachment":[{"href":"https:\/\/fundaciohospitalariesmartorell.org\/entre-tots\/wp-json\/wp\/v2\/media?parent=4493"}],"wp:term":[{"taxonomy":"category","embeddable":true,"href":"https:\/\/fundaciohospitalariesmartorell.org\/entre-tots\/wp-json\/wp\/v2\/categories?post=4493"},{"taxonomy":"post_tag","embeddable":true,"href":"https:\/\/fundaciohospitalariesmartorell.org\/entre-tots\/wp-json\/wp\/v2\/tags?post=4493"}],"curies":[{"name":"wp","href":"https:\/\/api.w.org\/{rel}","templated":true}]}}