{"id":4501,"date":"2022-10-05T10:50:52","date_gmt":"2022-10-05T08:50:52","guid":{"rendered":"https:\/\/newweb.hospitalsagratcormartorell.org\/entre-tots\/?p=4501"},"modified":"2022-10-06T11:12:47","modified_gmt":"2022-10-06T09:12:47","slug":"incidencia-ja-solucionada-provocada-per-un-llamp","status":"publish","type":"post","link":"https:\/\/fundaciohospitalariesmartorell.org\/entre-tots\/2022\/10\/incidencia-ja-solucionada-provocada-per-un-llamp\/","title":{"rendered":"Incid\u00e8ncia provocada per un llamp"},"content":{"rendered":"<figure class=\"wp-block-post-featured-image\"><img loading=\"lazy\" decoding=\"async\" width=\"1920\" height=\"1080\" src=\"https:\/\/fundaciohospitalariesmartorell.org\/entre-tots\/wp-content\/uploads\/2022\/09\/Diseno-sin-titulo-1.png\" class=\"attachment-post-thumbnail size-post-thumbnail wp-post-image\" alt=\"\" style=\"object-fit:cover;\" srcset=\"https:\/\/fundaciohospitalariesmartorell.org\/entre-tots\/wp-content\/uploads\/2022\/09\/Diseno-sin-titulo-1.png 1920w, https:\/\/fundaciohospitalariesmartorell.org\/entre-tots\/wp-content\/uploads\/2022\/09\/Diseno-sin-titulo-1-300x169.png 300w, https:\/\/fundaciohospitalariesmartorell.org\/entre-tots\/wp-content\/uploads\/2022\/09\/Diseno-sin-titulo-1-1024x576.png 1024w, https:\/\/fundaciohospitalariesmartorell.org\/entre-tots\/wp-content\/uploads\/2022\/09\/Diseno-sin-titulo-1-768x432.png 768w, https:\/\/fundaciohospitalariesmartorell.org\/entre-tots\/wp-content\/uploads\/2022\/09\/Diseno-sin-titulo-1-1536x864.png 1536w, https:\/\/fundaciohospitalariesmartorell.org\/entre-tots\/wp-content\/uploads\/2022\/09\/Diseno-sin-titulo-1-1320x743.png 1320w\" sizes=\"auto, (max-width: 1920px) 100vw, 1920px\" \/><\/figure>\n\n\n<p>El dia 18 d\u2019agost, la caiguda d\u2019un llamp durant el transcurs d\u2019una tempesta el\u00e8ctrica va provocar una incid\u00e8ncia en les instal\u00b7lacions de l\u2019Hospital Sagrat Cor.<\/p>\n\n\n\n<p>Sobre les 17 h es va fer sentir un tro despr\u00e9s del qual van deixar de funcionar bona part de les comunicacions, una averia que va afectar una gran part de les nostres unitats assistencials i al sistema inform\u00e0tic de SAVAC. Afortunadament, l\u2019edifici 1 va sortir millor parat, de forma que alguns ordinadors van mantenir la comunicaci\u00f3 i la centraleta va continuar rebent trucades externes, tot i que aquestes no es van poder transmetre a planta.<\/p>\n\n\n\n<p>Despr\u00e9s de contactar amb diverses empreses prove\u00efdores de servei t\u00e8cnic i seguir les seves indicacions, vam aconseguir comunicar-nos entre unitats i coordinaci\u00f3 per tal de no deixar cap unitat a\u00efllada.<\/p>\n\n\n\n<p>Finalment, al mat\u00ed seg\u00fcent, es va aconseguir restaurar totes les l\u00ednies telef\u00f2niques de les infermeres i les connexions a SAVAC de les diferents unitats, de manera que es van estabilitzar les comunicacions i es va poder treballar durant el cap de setmana sense incid\u00e8ncies.<\/p>\n","protected":false},"excerpt":{"rendered":"<p>El dia 18 d\u2019agost, la caiguda d\u2019un llamp durant el transcurs d\u2019una tempesta el\u00e8ctrica va provocar una incid\u00e8ncia en les instal\u00b7lacions de l\u2019Hospital Sagrat Cor. Sobre les 17 h es va fer sentir un tro despr\u00e9s del qual van deixar de funcionar bona part de les comunicacions, una averia que va afectar una gran part [&hellip;]<\/p>\n","protected":false},"author":3,"featured_media":4503,"comment_status":"closed","ping_status":"closed","sticky":false,"template":"","format":"standard","meta":{"footnotes":""},"categories":[27],"tags":[],"class_list":["post-4501","post","type-post","status-publish","format-standard","has-post-thumbnail","hentry","category-actualitat"],"blocksy_meta":{"styles_descriptor":{"styles":{"desktop":"","tablet":"","mobile":""},"google_fonts":[],"version":6}},"featured_image_urls_v2":{"full":["https:\/\/fundaciohospitalariesmartorell.org\/entre-tots\/wp-content\/uploads\/2022\/09\/Diseno-sin-titulo-1.png",1920,1080,false],"thumbnail":["https:\/\/fundaciohospitalariesmartorell.org\/entre-tots\/wp-content\/uploads\/2022\/09\/Diseno-sin-titulo-1-150x150.png",150,150,true],"medium":["https:\/\/fundaciohospitalariesmartorell.org\/entre-tots\/wp-content\/uploads\/2022\/09\/Diseno-sin-titulo-1-300x169.png",300,169,true],"medium_large":["https:\/\/fundaciohospitalariesmartorell.org\/entre-tots\/wp-content\/uploads\/2022\/09\/Diseno-sin-titulo-1-768x432.png",768,432,true],"large":["https:\/\/fundaciohospitalariesmartorell.org\/entre-tots\/wp-content\/uploads\/2022\/09\/Diseno-sin-titulo-1-1024x576.png",1024,576,true],"1536x1536":["https:\/\/fundaciohospitalariesmartorell.org\/entre-tots\/wp-content\/uploads\/2022\/09\/Diseno-sin-titulo-1-1536x864.png",1536,864,true],"2048x2048":["https:\/\/fundaciohospitalariesmartorell.org\/entre-tots\/wp-content\/uploads\/2022\/09\/Diseno-sin-titulo-1.png",1920,1080,false],"mailpoet_newsletter_max":["https:\/\/fundaciohospitalariesmartorell.org\/entre-tots\/wp-content\/uploads\/2022\/09\/Diseno-sin-titulo-1-1320x743.png",1320,743,true]},"post_excerpt_stackable_v2":"<p>El dia 18 d\u2019agost, la caiguda d\u2019un llamp durant el transcurs d\u2019una tempesta el\u00e8ctrica va provocar una incid\u00e8ncia en les instal\u00b7lacions de l\u2019Hospital Sagrat Cor. Sobre les 17 h es va fer sentir un tro despr\u00e9s del qual van deixar de funcionar bona part de les comunicacions, una averia que va afectar una gran part de les nostres unitats assistencials i al sistema inform\u00e0tic de SAVAC. Afortunadament, l\u2019edifici 1 va sortir millor parat, de forma que alguns ordinadors van mantenir la comunicaci\u00f3 i la centraleta va continuar rebent trucades externes, tot i que aquestes no es van poder transmetre a&hellip;<\/p>\n","category_list_v2":"<a href=\"https:\/\/fundaciohospitalariesmartorell.org\/entre-tots\/category\/actualitat\/\" rel=\"category tag\">ACTUALITAT<\/a>","author_info_v2":{"name":"Anna Casanovas","url":"https:\/\/fundaciohospitalariesmartorell.org\/entre-tots\/author\/acasanovasr\/"},"comments_num_v2":"0 comments","_links":{"self":[{"href":"https:\/\/fundaciohospitalariesmartorell.org\/entre-tots\/wp-json\/wp\/v2\/posts\/4501","targetHints":{"allow":["GET"]}}],"collection":[{"href":"https:\/\/fundaciohospitalariesmartorell.org\/entre-tots\/wp-json\/wp\/v2\/posts"}],"about":[{"href":"https:\/\/fundaciohospitalariesmartorell.org\/entre-tots\/wp-json\/wp\/v2\/types\/post"}],"author":[{"embeddable":true,"href":"https:\/\/fundaciohospitalariesmartorell.org\/entre-tots\/wp-json\/wp\/v2\/users\/3"}],"replies":[{"embeddable":true,"href":"https:\/\/fundaciohospitalariesmartorell.org\/entre-tots\/wp-json\/wp\/v2\/comments?post=4501"}],"version-history":[{"count":3,"href":"https:\/\/fundaciohospitalariesmartorell.org\/entre-tots\/wp-json\/wp\/v2\/posts\/4501\/revisions"}],"predecessor-version":[{"id":4623,"href":"https:\/\/fundaciohospitalariesmartorell.org\/entre-tots\/wp-json\/wp\/v2\/posts\/4501\/revisions\/4623"}],"wp:featuredmedia":[{"embeddable":true,"href":"https:\/\/fundaciohospitalariesmartorell.org\/entre-tots\/wp-json\/wp\/v2\/media\/4503"}],"wp:attachment":[{"href":"https:\/\/fundaciohospitalariesmartorell.org\/entre-tots\/wp-json\/wp\/v2\/media?parent=4501"}],"wp:term":[{"taxonomy":"category","embeddable":true,"href":"https:\/\/fundaciohospitalariesmartorell.org\/entre-tots\/wp-json\/wp\/v2\/categories?post=4501"},{"taxonomy":"post_tag","embeddable":true,"href":"https:\/\/fundaciohospitalariesmartorell.org\/entre-tots\/wp-json\/wp\/v2\/tags?post=4501"}],"curies":[{"name":"wp","href":"https:\/\/api.w.org\/{rel}","templated":true}]}}